{"id":52526,"date":"2025-10-03T21:55:09","date_gmt":"2025-10-03T21:55:09","guid":{"rendered":"https:\/\/www.europesays.com\/fi\/52526\/"},"modified":"2025-10-03T21:55:09","modified_gmt":"2025-10-03T21:55:09","slug":"lohjalla-kadonnut-mies-on-loytynyt","status":"publish","type":"post","link":"https:\/\/www.europesays.com\/fi\/52526\/","title":{"rendered":"Lohjalla kadonnut mies on l\u00f6ytynyt"},"content":{"rendered":"<p><strong class=\"typography-bold\">Poliisi on l\u00f6yt\u00e4nyt 86-vuotiaan Lohjalla kadonneen miehen.\u00a0<\/strong><\/p>\n<p>Poliisi kertoo l\u00f6yt\u00e4neens\u00e4 Lohjalla perjantaina 3. lokakuuta kadonneen 86-vuotiaan miehen. H\u00e4n l\u00f6ytyi hyv\u00e4ss\u00e4 kunnossa.\u00a0<\/p>\n<p>Poliisi kiitt\u00e4\u00e4 kaikista saamistaan ja tapaukseen liittyvist\u00e4 vihjeist\u00e4. Asiasta ei tiedoteta enemp\u00e4\u00e4.<\/p>\n<p>Juttua p\u00e4ivitetty kauttaaltaan 3.10. kello 22.08: Lohjalla kadonnut mies on l\u00f6ytynyt.<\/p>\n","protected":false},"excerpt":{"rendered":"Poliisi on l\u00f6yt\u00e4nyt 86-vuotiaan Lohjalla kadonneen miehen.\u00a0 Poliisi kertoo l\u00f6yt\u00e4neens\u00e4 Lohjalla perjantaina 3. lokakuuta kadonneen 86-vuotiaan miehen. H\u00e4n&hellip;\n","protected":false},"author":2,"featured_media":52527,"comment_status":"","ping_status":"","sticky":false,"template":"","format":"standard","meta":{"footnotes":""},"categories":[5],"tags":[22,23,26,27,33,31,30,17,24,25,28,29,15,18,21,32,19,20,16],"class_list":{"0":"post-52526","1":"post","2":"type-post","3":"status-publish","4":"format-standard","5":"has-post-thumbnail","7":"category-otsikot","8":"tag-breaking-news","9":"tag-breakingnews","10":"tag-featured-news","11":"tag-featurednews","12":"tag-fi","13":"tag-finland","14":"tag-finnish","15":"tag-headlines","16":"tag-latest-news","17":"tag-latestnews","18":"tag-main-news","19":"tag-mainnews","20":"tag-news","21":"tag-otsikot","22":"tag-paauutiset","23":"tag-suomi","24":"tag-top-stories","25":"tag-topstories","26":"tag-uutiset"},"share_on_mastodon":{"url":"","error":""},"_links":{"self":[{"href":"https:\/\/www.europesays.com\/fi\/wp-json\/wp\/v2\/posts\/52526","targetHints":{"allow":["GET"]}}],"collection":[{"href":"https:\/\/www.europesays.com\/fi\/wp-json\/wp\/v2\/posts"}],"about":[{"href":"https:\/\/www.europesays.com\/fi\/wp-json\/wp\/v2\/types\/post"}],"author":[{"embeddable":true,"href":"https:\/\/www.europesays.com\/fi\/wp-json\/wp\/v2\/users\/2"}],"replies":[{"embeddable":true,"href":"https:\/\/www.europesays.com\/fi\/wp-json\/wp\/v2\/comments?post=52526"}],"version-history":[{"count":0,"href":"https:\/\/www.europesays.com\/fi\/wp-json\/wp\/v2\/posts\/52526\/revisions"}],"wp:featuredmedia":[{"embeddable":true,"href":"https:\/\/www.europesays.com\/fi\/wp-json\/wp\/v2\/media\/52527"}],"wp:attachment":[{"href":"https:\/\/www.europesays.com\/fi\/wp-json\/wp\/v2\/media?parent=52526"}],"wp:term":[{"taxonomy":"category","embeddable":true,"href":"https:\/\/www.europesays.com\/fi\/wp-json\/wp\/v2\/categories?post=52526"},{"taxonomy":"post_tag","embeddable":true,"href":"https:\/\/www.europesays.com\/fi\/wp-json\/wp\/v2\/tags?post=52526"}],"curies":[{"name":"wp","href":"https:\/\/api.w.org\/{rel}","templated":true}]}}