{"id":52531,"date":"2025-10-03T22:15:07","date_gmt":"2025-10-03T22:15:07","guid":{"rendered":"https:\/\/www.europesays.com\/fi\/52531\/"},"modified":"2025-10-03T22:15:07","modified_gmt":"2025-10-03T22:15:07","slug":"olga-temonen-sai-uskomattomia-uutisia-ihanaa-tuukka-toteaa","status":"publish","type":"post","link":"https:\/\/www.europesays.com\/fi\/52531\/","title":{"rendered":"Olga Temonen sai uskomattomia uutisia: &#8221;Ihanaa&#8221;, Tuukka toteaa"},"content":{"rendered":"<p>Aivosy\u00f6p\u00e4\u00e4 sairastavan n\u00e4yttelij\u00e4 Olga Temosen ohjaajamies Tuukka Temonen on kertonut Instagramissa valonpilkahduksesta sy\u00f6p\u00e4\u00e4 sairastavan vaimonsa suhteen. Olga sairastaa nelj\u00e4nnen graduksen aivosy\u00f6p\u00e4\u00e4, josta h\u00e4n sai diagnoosin tasan kaksi vuotta sitten.<\/p>\n<p>Olga on sinnitellyt erin\u00e4isin vaihtoehtohoidoin, joita h\u00e4n on k\u00e4ynyt ottamassa K\u00f6lniss\u00e4 asti l\u00e4hes kuukausittain. Viime aikoina Olgan tila on ollut kehnompi, h\u00e4n ei ole p\u00e4\u00e4ssyt lent\u00e4m\u00e4\u00e4n. H\u00e4n k\u00e4ytt\u00e4\u00e4 py\u00f6r\u00e4tuolia turvallisuussyist\u00e4, k\u00e4den ja puheen toiminnan kanssa on ollut ongelmaa.<\/p>\n<p>Mutta nyt aviomies Tuukka p\u00e4ivitt\u00e4\u00e4 iloisia uutisia.<\/p>\n<p>-Viva la France! Hyvi\u00e4 uutisia! Ranskalaiset p\u00e4\u00e4ttiv\u00e4t, ett\u00e4 my\u00f6s ulkomaalaisille tuo ONC201-molekyylihoito on ilmainen. Olga saa nyt tuon 4000\u20ac kuukaudessa maksavan, kasvaimen itsetuhomeganismin k\u00e4ynnist\u00e4v\u00e4n hoidon maksutta, Tuukka kertoo.<\/p>\n<p>H\u00e4n lis\u00e4\u00e4, ettei tule my\u00f6sk\u00e4\u00e4n poliklinikkamaksua tai muutakaan maksua.<\/p>\n<p>Lue my\u00f6s: <a href=\"https:\/\/www.como.fi\/uutiset\/olge-temonen-julkaisi-koskettavan-viestin\/\" title=\"Olga Temonen julkaisi koskettavan viestin\" class=\"underline-custom !font-montserrat !font-bold !underline-offset-4 !decoration-4 !decoration-red-600 !text-md\" rel=\"nofollow noopener\" target=\"_blank\">Olga Temonen julkaisi koskettavan viestin<\/a><\/p>\n<p>Lue my\u00f6s: <a href=\"https:\/\/www.como.fi\/uutiset\/olga-temoselta-rakkauspaivitys-20-vuotta-eika-loppua-nay\/\" title=\"Olga Temoselta rakkausp\u00e4ivitys: \u201d20 vuotta eik\u00e4 loppua n\u00e4y!\u201d\" class=\"underline-custom !font-montserrat !font-bold !underline-offset-4 !decoration-4 !decoration-red-600 !text-md\" rel=\"nofollow noopener\" target=\"_blank\">Olga Temoselta rakkausp\u00e4ivitys: \u201d20 vuotta eik\u00e4 loppua n\u00e4y!\u201d<\/a><\/p>\n<p>-Sen kun k\u00e4y hakemassa. Ihana uutinen ja toivottavasti t\u00e4m\u00e4 ehtii meit\u00e4 auttamaan, Tuukka jatkaa.<\/p>\n<p>Jopa lupaavia ja pysyvi\u00e4 hoitovasteita<\/p>\n<p>Temoset ovat maksaneet l\u00e4\u00e4kkeest\u00e4 aiemmin vaaditut 4000 euroa kuussa.<\/p>\n<p>Iltalehti kirjoittaa, ett\u00e4 European Journal of Cancer -sivuston mukaan kyseess\u00e4 on lupaava l\u00e4\u00e4ke, jota on testattu viime vuosina.<\/p>\n<p>ONC201, jota kutsutaan my\u00f6s nimell\u00e4 dordaviproni, on uudenlainen sy\u00f6p\u00e4l\u00e4\u00e4ke. Se on pieni molekyyli, joka kohdistuu kahteen kohtaan elimist\u00f6ss\u00e4: dopamiinireseptoriin D2 sek\u00e4 mitokondrioiden ClpP-proteiiniin.<\/p>\n<p>L\u00e4\u00e4ke otetaan suun kautta. Tutkimusten mukaan se on yleens\u00e4 hyvin siedetty, ja joillakin pitk\u00e4lle edennytt\u00e4 sy\u00f6p\u00e4\u00e4 sairastavilla potilailla se on tuonut my\u00f6s hoitovastetta.<\/p>\n<p>ONC201:n kehitysty\u00f6ss\u00e4 painopiste on ollut aivokasvaimissa, joissa on H3 K27M -niminen geenimutaatio. N\u00e4iss\u00e4 kasvaimissa on n\u00e4hty lupaavia ja jopa pysyvi\u00e4 hoitovasteita etenkin silloin, kun tauti on uusiutunut.<\/p>\n<p>Lue my\u00f6s: <a href=\"https:\/\/www.como.fi\/tilaa-comon-uutiskirje\/\" title=\"Tilaa Comon uutiskirje ja tied\u00e4t mist\u00e4 kahvitauolla puhutaan! Nappaa kotimaan tv-vinkit ja puheenaiheet suoraan s\u00e4hk\u00f6postiin t\u00e4st\u00e4.\" class=\"underline-custom !font-montserrat !font-bold !underline-offset-4 !decoration-4 !decoration-red-600 !text-md\" rel=\"nofollow noopener\" target=\"_blank\">Tilaa Comon uutiskirje ja tied\u00e4t mist\u00e4 kahvitauolla puhutaan! Nappaa kotimaan tv-vinkit ja puheenaiheet suoraan s\u00e4hk\u00f6postiin t\u00e4st\u00e4.<\/a><\/p>\n","protected":false},"excerpt":{"rendered":"Aivosy\u00f6p\u00e4\u00e4 sairastavan n\u00e4yttelij\u00e4 Olga Temosen ohjaajamies Tuukka Temonen on kertonut Instagramissa valonpilkahduksesta sy\u00f6p\u00e4\u00e4 sairastavan vaimonsa suhteen. Olga sairastaa&hellip;\n","protected":false},"author":2,"featured_media":50066,"comment_status":"","ping_status":"","sticky":false,"template":"","format":"standard","meta":{"footnotes":""},"categories":[130],"tags":[137,33,31,30,3411,32,2721,109],"class_list":{"0":"post-52531","1":"post","2":"type-post","3":"status-publish","4":"format-standard","5":"has-post-thumbnail","7":"category-viihde","8":"tag-entertainment","9":"tag-fi","10":"tag-finland","11":"tag-finnish","12":"tag-olga-temonen","13":"tag-suomi","14":"tag-tuukka-temonen","15":"tag-viihde"},"share_on_mastodon":{"url":"","error":""},"_links":{"self":[{"href":"https:\/\/www.europesays.com\/fi\/wp-json\/wp\/v2\/posts\/52531","targetHints":{"allow":["GET"]}}],"collection":[{"href":"https:\/\/www.europesays.com\/fi\/wp-json\/wp\/v2\/posts"}],"about":[{"href":"https:\/\/www.europesays.com\/fi\/wp-json\/wp\/v2\/types\/post"}],"author":[{"embeddable":true,"href":"https:\/\/www.europesays.com\/fi\/wp-json\/wp\/v2\/users\/2"}],"replies":[{"embeddable":true,"href":"https:\/\/www.europesays.com\/fi\/wp-json\/wp\/v2\/comments?post=52531"}],"version-history":[{"count":0,"href":"https:\/\/www.europesays.com\/fi\/wp-json\/wp\/v2\/posts\/52531\/revisions"}],"wp:featuredmedia":[{"embeddable":true,"href":"https:\/\/www.europesays.com\/fi\/wp-json\/wp\/v2\/media\/50066"}],"wp:attachment":[{"href":"https:\/\/www.europesays.com\/fi\/wp-json\/wp\/v2\/media?parent=52531"}],"wp:term":[{"taxonomy":"category","embeddable":true,"href":"https:\/\/www.europesays.com\/fi\/wp-json\/wp\/v2\/categories?post=52531"},{"taxonomy":"post_tag","embeddable":true,"href":"https:\/\/www.europesays.com\/fi\/wp-json\/wp\/v2\/tags?post=52531"}],"curies":[{"name":"wp","href":"https:\/\/api.w.org\/{rel}","templated":true}]}}