{"id":52538,"date":"2025-10-03T22:25:10","date_gmt":"2025-10-03T22:25:10","guid":{"rendered":"https:\/\/www.europesays.com\/fi\/52538\/"},"modified":"2025-10-03T22:25:10","modified_gmt":"2025-10-03T22:25:10","slug":"teepensas-kasvaisi-hyvin-myos-kuun-kasvihuoneissa","status":"publish","type":"post","link":"https:\/\/www.europesays.com\/fi\/52538\/","title":{"rendered":"Teepensas kasvaisi hyvin my\u00f6s Kuun kasvihuoneissa"},"content":{"rendered":"<p>Tutkijat testasivat, miten teepensaat menestyisiv\u00e4t avaruuden kasvihuoneissa. Tulosten perusteella astronautit voisivat nauttia teehetkist\u00e4 Kuussa, mutta eiv\u00e4t v\u00e4ltt\u00e4m\u00e4tt\u00e4 Marsissa.&#13;<\/p>\n<p class=\"bodytext\">\u201cT\u00e4m\u00e4n projektin tulokset ovat eritt\u00e4in kannustavia\u201d, iloitsee <strong>Sara Lopez-Gomollon<\/strong> Kentin yliopistosta.\u00a0\n<\/p>\n<p>Lopez-Gomollon ryhmineen tutki teen kasvattamista maaper\u00e4ss\u00e4, joka muistuttaa Kuusta ja Marsista l\u00f6ytyv\u00e4\u00e4 pinta-ainesta. My\u00f6s l\u00e4mp\u00f6tila, kosteus ja valaistus s\u00e4\u00e4dettiin vastaamaan toiselle taivaankappaleelle perustettavan kasvihuoneen olosuhteita.\n<\/p>\n<p>\u201cOlemme siirtym\u00e4ss\u00e4 uuteen aikakauteen avaruudessa. Meid\u00e4n t\u00e4ytyy mietti\u00e4 avaruuden asuttamista ja asemien rakentamista Kuuhun tai Marsiin. Mit\u00e4 ihmiset sy\u00f6v\u00e4t siell\u00e4? Se on yksi ensimm\u00e4isist\u00e4 asioista, jonka haluamme tiet\u00e4\u00e4\u201d, sanoo <strong>Nigel Mason<\/strong> Kentin yliopistosta.\n<\/p>\n<p>&#8221;Kokeet osoittavat, ett\u00e4 maapallon kasveja kuten teet\u00e4 voi kasvattaa kuuper\u00e4ss\u00e4. T\u00e4m\u00e4 antaa asukkaille jonkin verran itsen\u00e4isyytt\u00e4 ja mahdollisuuden nauttia tuoretta ruokaa\u201d, Mason uskoo.\n<\/p>\n<p>Marsin kaltaisessa maaper\u00e4ss\u00e4 kasvatetut teepensaat sen sijaan eiv\u00e4t menestyneet. Ryhm\u00e4 painottaa, ett\u00e4 muilla taivaankappaleilla tapahtuvan viljelyn tutkiminen on vasta lapsenkengiss\u00e4.\n<\/p>\n<p><a href=\"https:\/\/www.kent.ac.uk\/news\/science\/37158\/researchers-over-the-moon-to-find-tea-can-grow-in-lunar-soil\" target=\"_blank\" rel=\"noreferrer nofollow noopener\">Aiheesta lis\u00e4\u00e4 Kentin yliopisto<\/a> (englanniksi)<\/p>\n","protected":false},"excerpt":{"rendered":"Tutkijat testasivat, miten teepensaat menestyisiv\u00e4t avaruuden kasvihuoneissa. Tulosten perusteella astronautit voisivat nauttia teehetkist\u00e4 Kuussa, mutta eiv\u00e4t v\u00e4ltt\u00e4m\u00e4tt\u00e4 Marsissa.&#13;&hellip;\n","protected":false},"author":2,"featured_media":52539,"comment_status":"","ping_status":"","sticky":false,"template":"","format":"standard","meta":{"footnotes":""},"categories":[114],"tags":[453,33,31,30,118,452,32,119],"class_list":{"0":"post-52538","1":"post","2":"type-post","3":"status-publish","4":"format-standard","5":"has-post-thumbnail","7":"category-avaruus","8":"tag-avaruus","9":"tag-fi","10":"tag-finland","11":"tag-finnish","12":"tag-science","13":"tag-space","14":"tag-suomi","15":"tag-tiede"},"share_on_mastodon":{"url":"","error":""},"_links":{"self":[{"href":"https:\/\/www.europesays.com\/fi\/wp-json\/wp\/v2\/posts\/52538","targetHints":{"allow":["GET"]}}],"collection":[{"href":"https:\/\/www.europesays.com\/fi\/wp-json\/wp\/v2\/posts"}],"about":[{"href":"https:\/\/www.europesays.com\/fi\/wp-json\/wp\/v2\/types\/post"}],"author":[{"embeddable":true,"href":"https:\/\/www.europesays.com\/fi\/wp-json\/wp\/v2\/users\/2"}],"replies":[{"embeddable":true,"href":"https:\/\/www.europesays.com\/fi\/wp-json\/wp\/v2\/comments?post=52538"}],"version-history":[{"count":0,"href":"https:\/\/www.europesays.com\/fi\/wp-json\/wp\/v2\/posts\/52538\/revisions"}],"wp:featuredmedia":[{"embeddable":true,"href":"https:\/\/www.europesays.com\/fi\/wp-json\/wp\/v2\/media\/52539"}],"wp:attachment":[{"href":"https:\/\/www.europesays.com\/fi\/wp-json\/wp\/v2\/media?parent=52538"}],"wp:term":[{"taxonomy":"category","embeddable":true,"href":"https:\/\/www.europesays.com\/fi\/wp-json\/wp\/v2\/categories?post=52538"},{"taxonomy":"post_tag","embeddable":true,"href":"https:\/\/www.europesays.com\/fi\/wp-json\/wp\/v2\/tags?post=52538"}],"curies":[{"name":"wp","href":"https:\/\/api.w.org\/{rel}","templated":true}]}}