{"id":52543,"date":"2025-10-03T22:45:10","date_gmt":"2025-10-03T22:45:10","guid":{"rendered":"https:\/\/www.europesays.com\/fi\/52543\/"},"modified":"2025-10-03T22:45:10","modified_gmt":"2025-10-03T22:45:10","slug":"media-venaja-kouluttaa-ratsujoukkoja-hyokkayssodan-rintamalle-ukrainassa","status":"publish","type":"post","link":"https:\/\/www.europesays.com\/fi\/52543\/","title":{"rendered":"Media: Ven\u00e4j\u00e4 kouluttaa ratsujoukkoja hy\u00f6kk\u00e4yssodan rintamalle Ukrainassa"},"content":{"rendered":"<p>Erikoisjoukkojen sotilaista kootaan ratsuv\u00e4en taisteluyksik\u00f6it\u00e4, kertovat Kommersant ja uutiskanava Russia Today.<\/p>\n<p>3.10. 20:05<\/p>\n<p class=\"article-body mb-nof-24 px-nof-16\">Ven\u00e4l\u00e4iset sotilaat ovat silloin t\u00e4ll\u00f6in k\u00e4ytt\u00e4neet hevosia ja aaseja Ukrainassa taistelevien etulinjan joukkojen huoltamiseen. Toiminta on ollut pitk\u00e4lti satunnaista ja taistelukent\u00e4ll\u00e4 improvisoitua.<\/p>\n<p class=\"article-body mb-nof-24 px-nof-16\">Sanomalehti <a class=\"article-genericlink\" href=\"https:\/\/www.kommersant.ru\/doc\/8079519?from=glavnoe_1\" rel=\"nofollow noopener\" target=\"_blank\">Kommersant kertoi keskiviikkona<\/a>, ett\u00e4 hevosten k\u00e4ytt\u00f6\u00e4 aiotaan nyt laajentaa. Erikoisjoukkojen sotilaita koulutetaan jo ratsumiehiksi, joista kootaan t\u00e4ysin varustettuja taistelu\u00adyksik\u00f6it\u00e4. Kommersant vetoaa artikkelissaan uutiskanava Russia Todayn tietoihin. Uutisesta kertoi my\u00f6s Ven\u00e4j\u00e4n ulkopuolella toimiva <a class=\"article-genericlink\" href=\"https:\/\/meduza.io\/en\/feature\/2025\/10\/02\/send-in-the-cavalry\" rel=\"nofollow noopener\" target=\"_blank\">verkkolehti Meduza<\/a>.<\/p>\n<p class=\"article-body mb-nof-24 px-nof-16\">Russia Today on haastatellut taistelunime\u00e4 \u201dKaani\u201d k\u00e4ytt\u00e4v\u00e4\u00e4 erikois\u00adyksik\u00f6n komentajaa, jonka sotilaat saavat ratsastuskoulutusta 51. Armeijan harjoitus\u00adalueella. Kaanin mukaan hevoset sopivat hyvin toimintaan rintamalla. Niiden todenn\u00e4k\u00f6isyys astua miinaan on pieni. Lis\u00e4ksi ne pystyv\u00e4t suunnistamaan hyvin pime\u00e4ll\u00e4 ja liikkumaan maastossa tiest\u00f6n ulkopuolella.<\/p>\n<p class=\"article-body mb-nof-24 px-nof-16\">\u2013 Taktiikkaan kuuluu, ett\u00e4 kaksi miest\u00e4 ratsastaa yhdell\u00e4 hevosella: toinen ohjastaa ja toinen antaa tulitukea. Kun sotilaat saapuvat hy\u00f6kk\u00e4yksen kohteeseen, molemmat laskeutuvat alas satulasta ja valtaavat vihollistukikohdan, Kaani kertoo Kommersantin mukaan.<\/p>\n<p class=\"article-body mb-nof-24 px-nof-16\">Ratsusotilaiden koulutus on pitk\u00e4lti symbolista ja vaikuttaa erikoiselta, Kommersant my\u00f6nt\u00e4\u00e4. Hankkeella on kuitenkin tietty logiikka: rintamalla on valtavasti elektronista valvonta- ja tiedustelutekniikkaa ja sulutteita. FPV-droonit, liiketunnistimet, maastoon siroteltavat miinat ja ryp\u00e4le\u00adammukset tekev\u00e4t moottoroidun jalkav\u00e4en liikkumisen vaikeaksi.<\/p>\n","protected":false},"excerpt":{"rendered":"Erikoisjoukkojen sotilaista kootaan ratsuv\u00e4en taisteluyksik\u00f6it\u00e4, kertovat Kommersant ja uutiskanava Russia Today. 3.10. 20:05 Ven\u00e4l\u00e4iset sotilaat ovat silloin t\u00e4ll\u00f6in&hellip;\n","protected":false},"author":2,"featured_media":52544,"comment_status":"","ping_status":"","sticky":false,"template":"","format":"standard","meta":{"footnotes":""},"categories":[14],"tags":[22,23,26,27,33,31,30,17,34,24,25,28,29,15,18,21,32,19,20,56,16,59,60,61],"class_list":{"0":"post-52543","1":"post","2":"type-post","3":"status-publish","4":"format-standard","5":"has-post-thumbnail","7":"category-ulkomaat","8":"tag-breaking-news","9":"tag-breakingnews","10":"tag-featured-news","11":"tag-featurednews","12":"tag-fi","13":"tag-finland","14":"tag-finnish","15":"tag-headlines","16":"tag-ilta-sanomat","17":"tag-latest-news","18":"tag-latestnews","19":"tag-main-news","20":"tag-mainnews","21":"tag-news","22":"tag-otsikot","23":"tag-paauutiset","24":"tag-suomi","25":"tag-top-stories","26":"tag-topstories","27":"tag-ulkomaat","28":"tag-uutiset","29":"tag-world","30":"tag-world-news","31":"tag-worldnews"},"share_on_mastodon":{"url":"","error":""},"_links":{"self":[{"href":"https:\/\/www.europesays.com\/fi\/wp-json\/wp\/v2\/posts\/52543","targetHints":{"allow":["GET"]}}],"collection":[{"href":"https:\/\/www.europesays.com\/fi\/wp-json\/wp\/v2\/posts"}],"about":[{"href":"https:\/\/www.europesays.com\/fi\/wp-json\/wp\/v2\/types\/post"}],"author":[{"embeddable":true,"href":"https:\/\/www.europesays.com\/fi\/wp-json\/wp\/v2\/users\/2"}],"replies":[{"embeddable":true,"href":"https:\/\/www.europesays.com\/fi\/wp-json\/wp\/v2\/comments?post=52543"}],"version-history":[{"count":0,"href":"https:\/\/www.europesays.com\/fi\/wp-json\/wp\/v2\/posts\/52543\/revisions"}],"wp:featuredmedia":[{"embeddable":true,"href":"https:\/\/www.europesays.com\/fi\/wp-json\/wp\/v2\/media\/52544"}],"wp:attachment":[{"href":"https:\/\/www.europesays.com\/fi\/wp-json\/wp\/v2\/media?parent=52543"}],"wp:term":[{"taxonomy":"category","embeddable":true,"href":"https:\/\/www.europesays.com\/fi\/wp-json\/wp\/v2\/categories?post=52543"},{"taxonomy":"post_tag","embeddable":true,"href":"https:\/\/www.europesays.com\/fi\/wp-json\/wp\/v2\/tags?post=52543"}],"curies":[{"name":"wp","href":"https:\/\/api.w.org\/{rel}","templated":true}]}}