{"id":52556,"date":"2025-10-03T23:12:12","date_gmt":"2025-10-03T23:12:12","guid":{"rendered":"https:\/\/www.europesays.com\/fi\/52556\/"},"modified":"2025-10-03T23:12:12","modified_gmt":"2025-10-03T23:12:12","slug":"keskustan-kaikkonen-sivaltelee-rankkoja-syytoksia-paaministerille-orpo-ei-ole-tilanteen-tasalla","status":"publish","type":"post","link":"https:\/\/www.europesays.com\/fi\/52556\/","title":{"rendered":"Keskustan Kaikkonen sivaltelee rankkoja syyt\u00f6ksi\u00e4 p\u00e4\u00e4ministerille: \u201dOrpo ei ole tilanteen tasalla\u201d"},"content":{"rendered":"<p>Keskustan puheenjohtaja Antti Kaikkonen sanoo, ett\u00e4 p\u00e4\u00e4ministeri Petteri Orpo (kok) yritt\u00e4\u00e4 puhua mustan valkoiseksi surkean talous- ja ty\u00f6tt\u00f6myystilanteen edess\u00e4.<\/p>\n<p>3.10. 18:45<\/p>\n<p class=\"article-body mb-nof-24 px-nof-16\">Antti Kaikkonen (kesk) lataa p\u00e4\u00e4ministeri <a class=\"article-personlink\" href=\"https:\/\/www.is.fi\/haku\/?query=Petteri%20Orpoon\" rel=\"nofollow noopener\" target=\"_blank\">Petteri Orpoon<\/a> (kok) kohdistuvan vuolaan ry\u00f6pytyksens\u00e4 Ilta-Sanomien HAAPALA-TV:n haastattelussa heti sen j\u00e4lkeen, kun keskusta ja <a class=\"article-personlink\" href=\"https:\/\/www.is.fi\/haku\/?query=Harry%20Harkimon\" rel=\"nofollow noopener\" target=\"_blank\">Harry Harkimon<\/a> Liike nyt olivat j\u00e4tt\u00e4neet ty\u00f6tt\u00f6myysv\u00e4likysymyksen hallitukselle.<\/p>\n<p class=\"article-body mb-nof-24 px-nof-16\">\u2013 Valitettavasti on sanottava, ett\u00e4 Orpon-Purran hallitus on ep\u00e4onnistunut ty\u00f6llisyyspolitiikassaan. Piti tulla hallitusohjelman mukaan 100\u202f000 uutta ty\u00f6llist\u00e4 lis\u00e4\u00e4. Onkin tullut 80\u202f000 uuttaa ty\u00f6t\u00f6nt\u00e4, keskim\u00e4\u00e4rin 100 ty\u00f6t\u00f6nt\u00e4 per p\u00e4iv\u00e4 t\u00e4m\u00e4n hallituskauden aikana.<\/p>\n<p class=\"article-body mb-nof-24 px-nof-16\">\u2013 Joka p\u00e4iv\u00e4, t\u00e4n\u00e4\u00e4nkin, sata uutta ty\u00f6t\u00f6nt\u00e4, Kaikkonen luettelee.<\/p>\n<blockquote class=\"citation\">\n<p>\u201d<\/p>\n<p>No t\u00e4ss\u00e4 talossa (eduskunnassa) sit\u00e4 sanaa ei k\u00e4ytet\u00e4, mutta h\u00e4n on mielest\u00e4ni koittanut puhua mustaa valkoiseksi.<\/p>\n<\/blockquote>\n<p><img decoding=\"async\" src=\"https:\/\/www.europesays.com\/fi\/wp-content\/uploads\/2025\/10\/1759533132_301_468.jpg\" alt=\"Keskustan Antti Kaikkonen ja Liike Nytin Harry Harkimo j\u00e4ttiv\u00e4t perjantaina hallituksen vastattavaksi v\u00e4likysymyksen enn\u00e4tysty\u00f6tt\u00f6myydest\u00e4.\" class=\"_Img_1rerz_1\" style=\"aspect-ratio:1.5\" loading=\"eager\"\/><\/p>\n<p class=\"article-picture-caption\">Keskustan Antti Kaikkonen ja Liike Nytin Harry Harkimo j\u00e4ttiv\u00e4t perjantaina hallituksen vastattavaksi v\u00e4likysymyksen enn\u00e4tysty\u00f6tt\u00f6myydest\u00e4. Kuva:\u00a0Markku Ulander \/ Lehtikuva<\/p>\n<p class=\"article-body mb-nof-24 px-nof-16\">P\u00e4\u00e4ministeri ei ole tilanteen tasalla, Kaikkonen tykitt\u00e4\u00e4.<\/p>\n<p class=\"article-body mb-nof-24 px-nof-16\">Kaikkonen nostaa esiin Orpon toistuvat puheet, ett\u00e4 ty\u00f6llisyys- ja taloustilanne on parantunut. Aikaisemmin keskustan kansanedustaja <a class=\"article-personlink\" href=\"https:\/\/www.is.fi\/haku\/?query=Petri%20Honkonen\" rel=\"nofollow noopener\" target=\"_blank\">Petri Honkonen<\/a> syytti kirjallisessa kysymyksess\u00e4\u00e4n Orpoa harhaanjohtavista v\u00e4itteist\u00e4 esimerkiksi eduskunnan kyselytunnilla.<\/p>\n<p class=\"article-body mb-nof-24 px-nof-16\">Viime viikolla kokoomus suuttui pahanp\u00e4iv\u00e4isesti, kun Sdp:n puheenjohtaja <a class=\"article-personlink\" href=\"https:\/\/www.is.fi\/haku\/?query=Antti%20Lindtman\" rel=\"nofollow noopener\" target=\"_blank\">Antti Lindtman<\/a> syytti IS:n haastattelussa Orpon puhuvan \u201dpehmoisia\u201d v\u00e4itt\u00e4ess\u00e4\u00e4n, ett\u00e4 verotus kevenee kaikissa tuloluokissa.<\/p>\n<p class=\"article-body mb-nof-24 px-nof-16\">Lue lis\u00e4\u00e4: <a class=\"article-genericlink\" href=\"https:\/\/www.is.fi\/politiikka\/art-2000011516674.html\" rel=\"nofollow noopener\" target=\"_blank\">Kokoomus raivostui Antti Lindtmanille: \u201dAlhainen temppu\u201d<\/a><\/p>\n<p class=\"article-body mb-nof-24 px-nof-16\">Nyt keskusta on liikkeell\u00e4 Sdp:n kanssa samoilla syyt\u00f6ksill\u00e4.<\/p>\n<p class=\"article-body mb-nof-24 px-nof-16\">Antti Kaikkonen, suora kysymys, valehteleeko p\u00e4\u00e4ministeri ty\u00f6llisyys- ja taloustilanteesta? Onko h\u00e4n valehdellut?<\/p>\n<p class=\"article-body mb-nof-24 px-nof-16\">\u2013 H\u00e4n on k\u00e4ytt\u00e4nyt useita puheenvuoroja jo viime vuoden lopulta l\u00e4htien, joissa kuvataan, ett\u00e4 talous on l\u00e4hd\u00f6ss\u00e4 nousuun ja ty\u00f6llisyys sit\u00e4 my\u00f6t\u00e4 my\u00f6s.<\/p>\n<p class=\"article-body mb-nof-24 px-nof-16\">\u2013 Mutta valitettavasti tilastot eiv\u00e4t t\u00e4t\u00e4 tue mill\u00e4\u00e4n tavalla. Kunpa tukisivatkin, kunpa olisikin l\u00e4htenyt nousuun.<\/p>\n<p class=\"article-body mb-nof-24 px-nof-16\">Mutta et syyt\u00e4 h\u00e4nt\u00e4 siis suoraan valehtelusta?<\/p>\n<p class=\"article-body mb-nof-24 px-nof-16\">\u2013 No t\u00e4ss\u00e4 talossa (eduskunnassa) sit\u00e4 sanaa ei k\u00e4ytet\u00e4, mutta h\u00e4n on mielest\u00e4ni koittanut puhua mustaa valkoiseksi.<\/p>\n<p class=\"article-body mb-nof-24 px-nof-16\">\u2013 H\u00e4n ei ole tilanteen tasalla. Tilanne ei ole niin hyv\u00e4, mit\u00e4 h\u00e4n on koittanut jo hyv\u00e4n aikaa vakuuttaa.<\/p>\n<p class=\"article-body mb-nof-24 px-nof-16\">\u2013 Ja kun on n\u00e4in, sitten on tietysti riski se, ett\u00e4 sitten ei tehd\u00e4 oikeita asioita. Ja hallitus ei ole tehnyt tarpeeksi ty\u00f6tt\u00f6myyden nujertamiseksi.<\/p>\n<p class=\"article-body mb-nof-24 px-nof-16\">Kaikkonen esitt\u00e4\u00e4, ett\u00e4 hallitus kutsuisi koolle uuden ty\u00f6tt\u00f6myysriihen.<\/p>\n<p class=\"article-body mb-nof-24 px-nof-16\">T\u00e4m\u00e4 siksi, koska syyskuun alun budjettiriihi muuttui keskell\u00e4 talouskriisi\u00e4 \u201drasismiriiheksi\u201d, kun hallitus keskittyi etsim\u00e4\u00e4n rasismipelis\u00e4\u00e4nt\u00f6j\u00e4 kansanedustaja <a class=\"article-personlink\" href=\"https:\/\/www.is.fi\/haku\/?query=Teemu%20Keskisarjan\" rel=\"nofollow noopener\" target=\"_blank\">Teemu Keskisarjan<\/a> (ps) tv-esiintymisen j\u00e4lkeen.<\/p>\n<p class=\"article-body mb-nof-24 px-nof-16\">Kaikkosen mukaan ty\u00f6tt\u00f6myysriihess\u00e4 pit\u00e4isi etsi\u00e4 keinoja ty\u00f6tt\u00f6myyden v\u00e4hent\u00e4miseksi.<\/p>\n<p class=\"article-body mb-nof-24 px-nof-16\">V\u00e4likysymyksen toinen allekirjoittaja Liike Nytin <a class=\"article-personlink\" href=\"https:\/\/www.is.fi\/haku\/?query=Harry%20Harkimo\" rel=\"nofollow noopener\" target=\"_blank\">Harry Harkimo<\/a> sanoo suoraan, ett\u00e4 Orpon uskottavuus on mennyt.<\/p>\n<p class=\"article-body mb-nof-24 px-nof-16\">Kaikkonen, onko p\u00e4\u00e4ministerin uskottavuus mennyt?<\/p>\n<p class=\"article-body mb-nof-24 px-nof-16\">\u2013 Ainakin se on kokenut melkoisia kolauksia, Kaikkonen sanoo, ja lis\u00e4\u00e4, ettei arki ole niin ruusuinen kuin p\u00e4\u00e4ministeri koittaa maalata.<\/p>\n<p><img decoding=\"async\" src=\"https:\/\/www.europesays.com\/fi\/wp-content\/uploads\/2025\/10\/1759533132_280_468.jpg\" alt=\"\u2013 On tolkutettu koko ajan, ett\u00e4 pit\u00e4\u00e4 s\u00e4\u00e4st\u00e4\u00e4, s\u00e4\u00e4st\u00e4\u00e4, s\u00e4\u00e4st\u00e4\u00e4. Ja on luotu yhteiskuntaan sellainen ankeuden ilmapiiri, jossa ollaan t\u00e4ll\u00e4 hetkell\u00e4, Antti Kaikkonen moittii.\" class=\"_Img_1rerz_1\" style=\"aspect-ratio:1.5\" loading=\"eager\"\/><\/p>\n<p class=\"article-picture-caption\">\u2013 On tolkutettu koko ajan, ett\u00e4 pit\u00e4\u00e4 s\u00e4\u00e4st\u00e4\u00e4, s\u00e4\u00e4st\u00e4\u00e4, s\u00e4\u00e4st\u00e4\u00e4. Ja on luotu yhteiskuntaan sellainen ankeuden ilmapiiri, jossa ollaan t\u00e4ll\u00e4 hetkell\u00e4, Antti Kaikkonen moittii. Kuva:\u00a0Markku Ulander \/ Lehtikuva<\/p>\n<p class=\"article-body mb-nof-24 px-nof-16\">Suhdanteiden taakse hallitus ei voi Kaikkosen mukaan paeta, koska samat suhdanteet koskevat muitakin, ja muualla Euroopassa ty\u00f6llisyys on kohentunut.<\/p>\n<p class=\"article-body mb-nof-24 px-nof-16\">\u2013 On tolkutettu koko ajan, ett\u00e4 pit\u00e4\u00e4 s\u00e4\u00e4st\u00e4\u00e4, s\u00e4\u00e4st\u00e4\u00e4, s\u00e4\u00e4st\u00e4\u00e4. Ja on luotu yhteiskuntaan sellainen ankeuden ilmapiiri, jossa ollaan t\u00e4ll\u00e4 hetkell\u00e4.<\/p>\n<p class=\"article-body mb-nof-24 px-nof-16\">\u2013 Toivoa, n\u00e4kym\u00e4\u00e4 paremmasta ei ole. Ja kun sit\u00e4 ei ole, puuttuu aika paljon.<\/p>\n<p class=\"article-body mb-nof-24 px-nof-16\">Moni muistaa kuitenkin Kaikkosen oman puolueen rooliin edellishallituksessa, jossa velkaantuminen p\u00e4\u00e4stettiin ry\u00f6ps\u00e4ht\u00e4m\u00e4\u00e4n. Nykyhallitus on perustellut kymmenen miljardin sopeutuksia ja jatkuvaa lis\u00e4velan ottamista <a class=\"article-personlink\" href=\"https:\/\/www.is.fi\/haku\/?query=Sanna%20Marinin\" rel=\"nofollow noopener\" target=\"_blank\">Sanna Marinin<\/a> (sd) hallituksen tekosilla.<\/p>\n<p class=\"article-body mb-nof-24 px-nof-16\">Kaikkonen, luonnollisesti, sanoo katsovansa mieluummin eteenp\u00e4in.<\/p>\n<blockquote class=\"citation\">\n<p>\u201d<\/p>\n<p>Min\u00e4 en l\u00e4hde nyt n\u00e4it\u00e4 hunajoita haistelemaan enk\u00e4 maistelemaan mist\u00e4\u00e4n suunnasta<\/p>\n<\/blockquote>\n<p class=\"article-body mb-nof-24 px-nof-16\">Ylen tuoreessa <a class=\"article-genericlink\" href=\"https:\/\/yle.fi\/a\/74-20186066\" rel=\"nofollow noopener\" target=\"_blank\">gallupissa <\/a>perussuomalaiset ohitti monen kuukauden j\u00e4lkeen keskustan kannatuksen. Pysyv\u00e4\u00e4 tappiota Kaikkonen ei haastattelussa my\u00f6nn\u00e4.<\/p>\n<p class=\"article-body mb-nof-24 px-nof-16\">Gallupien pohjalta on rakennettu my\u00f6s seuraavaa hallitusta. P\u00e4\u00e4ministerisuosikki, gallupien ykk\u00f6nen Antti Lindtman on jo linjannut, ett\u00e4 Sdp ei l\u00e4hde samaan hallitukseen perussuomalaisten kanssa.<\/p>\n<p class=\"article-body mb-nof-24 px-nof-16\">Olisiko keskusta valmis samaan hallitukseen perussuomalaisten kanssa?<\/p>\n<p class=\"article-body mb-nof-24 px-nof-16\">\u2013 Me emme l\u00e4hde n\u00e4it\u00e4 hallituksia viel\u00e4 t\u00e4ss\u00e4 vaiheessa rakentamaan.<\/p>\n<p class=\"article-body mb-nof-24 px-nof-16\">\u2013 Jos kovin moni puolue l\u00e4htee kovin monia linjaamaan, ett\u00e4 kenen kanssa ei suostu leikkim\u00e4\u00e4n, niin meill\u00e4 voi j\u00e4\u00e4d\u00e4 hallitusvaihtoehdot aika v\u00e4hiin.<\/p>\n<p class=\"article-body mb-nof-24 px-nof-16\">Kaikkonen tosin itse on linjannut, ettei keskusta l\u00e4hde edellisenkaltaiseen vihervasemmistolaiseen hallitukseen.<\/p>\n<p class=\"article-body mb-nof-24 px-nof-16\">Viel\u00e4k\u00f6 se p\u00e4tee?<\/p>\n<p class=\"article-body mb-nof-24 px-nof-16\">\u2013 Kyll\u00e4.<\/p>\n<p class=\"article-body mb-nof-24 px-nof-16\">\u2013 Varsinkin taloudenpidossa keskusta olisi toivonut tiukempaa linjaa. Koimme, ett\u00e4 olimme aika yksin niiss\u00e4 kysymyksiss\u00e4.<\/p>\n<p class=\"article-body mb-nof-24 px-nof-16\">Nyt Sdp:ss\u00e4 viritell\u00e4\u00e4n vaalien j\u00e4lkeist\u00e4 punamulta-hallitusta, johon keskusta saataisiin mukaan sill\u00e4 ehdolla, ett\u00e4 vihre\u00e4t j\u00e4tett\u00e4isiin ulos, ja vasemmistoliitto otettaisiin sis\u00e4\u00e4n.<\/p>\n<p class=\"article-body mb-nof-24 px-nof-16\">Kyseess\u00e4 olisi er\u00e4\u00e4nlainen kepulle viritetty hunaja-ansa.<\/p>\n<p class=\"article-body mb-nof-24 px-nof-16\">Kelpaisiko t\u00e4llainen punamultahallitus?<\/p>\n<p class=\"article-body mb-nof-24 px-nof-16\">\u2013 Min\u00e4 en l\u00e4hde nyt n\u00e4it\u00e4 hunajoita haistelemaan enk\u00e4 maistelemaan mist\u00e4\u00e4n suunnasta, Kaikkonen p\u00e4\u00e4tt\u00e4\u00e4.<\/p>\n<p class=\"article-body mb-nof-24 px-nof-16\">Haastattelussa ex-puolustusministeri ottaa kantaa my\u00f6s Eurooppaa koetelleisiin drooni-iskuihin ja ilmatilanloukkauksiin.<\/p>\n<p class=\"article-body mb-nof-24 px-nof-16\">Kaikkosen mukaan droonit pit\u00e4isi ampua alas, jos pystyt\u00e4\u00e4n.<\/p>\n<p class=\"article-body mb-nof-24 px-nof-16\">\u2013 En yll\u00e4ttyisi vaikka droonihavaintoja Suomessakin l\u00e4hitulevaisuudessa teht\u00e4isiin. T\u00e4m\u00e4 on hybridivaikuttamista, jonka luonteenpiirre on se, ett\u00e4 on vaikea aukottomasti selvitt\u00e4\u00e4, kuka niiden takana on.<\/p>\n","protected":false},"excerpt":{"rendered":"Keskustan puheenjohtaja Antti Kaikkonen sanoo, ett\u00e4 p\u00e4\u00e4ministeri Petteri Orpo (kok) yritt\u00e4\u00e4 puhua mustan valkoiseksi surkean talous- ja ty\u00f6tt\u00f6myystilanteen&hellip;\n","protected":false},"author":2,"featured_media":52557,"comment_status":"","ping_status":"","sticky":false,"template":"","format":"standard","meta":{"footnotes":""},"categories":[12],"tags":[22,23,26,27,33,31,30,17,34,24,25,28,29,15,18,21,32,19,20,16],"class_list":{"0":"post-52556","1":"post","2":"type-post","3":"status-publish","4":"format-standard","5":"has-post-thumbnail","7":"category-suomi","8":"tag-breaking-news","9":"tag-breakingnews","10":"tag-featured-news","11":"tag-featurednews","12":"tag-fi","13":"tag-finland","14":"tag-finnish","15":"tag-headlines","16":"tag-ilta-sanomat","17":"tag-latest-news","18":"tag-latestnews","19":"tag-main-news","20":"tag-mainnews","21":"tag-news","22":"tag-otsikot","23":"tag-paauutiset","24":"tag-suomi","25":"tag-top-stories","26":"tag-topstories","27":"tag-uutiset"},"share_on_mastodon":{"url":"","error":""},"_links":{"self":[{"href":"https:\/\/www.europesays.com\/fi\/wp-json\/wp\/v2\/posts\/52556","targetHints":{"allow":["GET"]}}],"collection":[{"href":"https:\/\/www.europesays.com\/fi\/wp-json\/wp\/v2\/posts"}],"about":[{"href":"https:\/\/www.europesays.com\/fi\/wp-json\/wp\/v2\/types\/post"}],"author":[{"embeddable":true,"href":"https:\/\/www.europesays.com\/fi\/wp-json\/wp\/v2\/users\/2"}],"replies":[{"embeddable":true,"href":"https:\/\/www.europesays.com\/fi\/wp-json\/wp\/v2\/comments?post=52556"}],"version-history":[{"count":0,"href":"https:\/\/www.europesays.com\/fi\/wp-json\/wp\/v2\/posts\/52556\/revisions"}],"wp:featuredmedia":[{"embeddable":true,"href":"https:\/\/www.europesays.com\/fi\/wp-json\/wp\/v2\/media\/52557"}],"wp:attachment":[{"href":"https:\/\/www.europesays.com\/fi\/wp-json\/wp\/v2\/media?parent=52556"}],"wp:term":[{"taxonomy":"category","embeddable":true,"href":"https:\/\/www.europesays.com\/fi\/wp-json\/wp\/v2\/categories?post=52556"},{"taxonomy":"post_tag","embeddable":true,"href":"https:\/\/www.europesays.com\/fi\/wp-json\/wp\/v2\/tags?post=52556"}],"curies":[{"name":"wp","href":"https:\/\/api.w.org\/{rel}","templated":true}]}}