{"id":52558,"date":"2025-10-03T23:13:10","date_gmt":"2025-10-03T23:13:10","guid":{"rendered":"https:\/\/www.europesays.com\/fi\/52558\/"},"modified":"2025-10-03T23:13:10","modified_gmt":"2025-10-03T23:13:10","slug":"suomen-konsuli-on-tavannut-israelin-kiinni-ottamia-suomalaisia","status":"publish","type":"post","link":"https:\/\/www.europesays.com\/fi\/52558\/","title":{"rendered":"Suomen konsuli on tavannut Israelin kiinni ottamia suomalaisia"},"content":{"rendered":"<p>Suomalaisilla ei ole h\u00e4t\u00e4\u00e4, ulkoministeri\u00f6n konsulip\u00e4\u00e4llikk\u00f6 kertoo.<\/p>\n<p>3.10. 22:06<\/p>\n<p class=\"article-body mb-nof-24 px-nof-16\">Suomen Israelin-konsuli on t\u00e4n\u00e4\u00e4n tavannut viisi Israelin kiinni ottamaa suomalaista, kirjoittaa ulkoministeri\u00f6n konsulip\u00e4\u00e4llikk\u00f6 <a class=\"article-personlink\" href=\"https:\/\/www.is.fi\/haku\/?query=Jussi%20Tanner\" rel=\"nofollow noopener\" target=\"_blank\">Jussi Tanner<\/a> <a class=\"article-genericlink\" href=\"https:\/\/x.com\/JussiTanner\/status\/1974122040522326034\" rel=\"nofollow\">viestipalvelu X:ss\u00e4<\/a>. H\u00e4n sanoo, ett\u00e4 ministeri\u00f6n k\u00e4sityksen mukaan kenell\u00e4k\u00e4\u00e4n heist\u00e4 ei ole h\u00e4t\u00e4\u00e4.<\/p>\n<p class=\"article-body mb-nof-24 px-nof-16\">Gazaan avustustarvikkeita kuljettaneessa Global Sumud Flotilla -laivueessa oli mukana kuusi suomalaista. Ulkoministeri\u00f6st\u00e4 kerrottiin t\u00e4n\u00e4\u00e4n STT:lle, ett\u00e4 ministeri\u00f6n k\u00e4sityksen mukaan ainakin osa Gazaan pyrkineist\u00e4 suomalaisista on viety pid\u00e4tyskeskukseen Israeliin.<\/p>\n<p class=\"article-body mb-nof-24 px-nof-16\">Tanner sanoi aiemmin perjantaina STT:lle, ett\u00e4 ulkoministeri\u00f6n k\u00e4sityksen mukaan ainakin osa kiinniotetuista suomalaisista oli viety pid\u00e4tyskeskukseen Etel\u00e4-Israeliin.<\/p>\n<p class=\"article-body mb-nof-24 px-nof-16\">\u2013\u2009Heid\u00e4t on sielt\u00e4 merelt\u00e4 tuotu ensin satamaan ja sitten sinne, Tanner kertoi.<\/p>\n<p class=\"article-body mb-nof-24 px-nof-16\">H\u00e4n ei tarkentanut pid\u00e4tyskeskuksen paikkaa eik\u00e4 kertonut, mist\u00e4 ulkoministeri\u00f6n k\u00e4sitys on per\u00e4isin. Tannerin mukaan ulkoministeri\u00f6ll\u00e4 on hyv\u00e4 yhteys Israelin viranomaisiin ja vuoropuhelua k\u00e4yd\u00e4\u00e4n.<\/p>\n<p class=\"article-body mb-nof-24 px-nof-16\">\u2013\u2009Odotellaan ihan rauhassa, milloin saadaan t\u00e4sm\u00e4llist\u00e4 tietoa juuri nimenomaan suomalaisista.<\/p>\n<p class=\"article-body mb-nof-24 px-nof-16\">Global Movement to Gaza -aktivistiliikkeen Suomen jaosto tiedotti torstaiaamuna, ett\u00e4 israelilaisjoukot olivat ottaneet kiinni viisi suomalaista.<\/p>\n<p><img decoding=\"async\" src=\"https:\/\/www.europesays.com\/fi\/wp-content\/uploads\/2025\/10\/1759533190_262_468.jpg\" alt=\"Kuva Florida-alusta kuvanneesta Global Sumud Flotillan livekamerasta hetkell\u00e4, kun Israelin joukot ovat nousseet alukseen. Floridan kyydiss\u00e4 oli my\u00f6s suomalainen Shifa\" class=\"_Img_1rerz_1\" style=\"aspect-ratio:2.0168067226890756\" loading=\"eager\"\/><\/p>\n<p class=\"article-picture-caption\">Kuva Florida-alusta kuvanneesta Global Sumud Flotillan livekamerasta hetkell\u00e4, kun Israelin joukot ovat nousseet alukseen. Floridan kyydiss\u00e4 oli my\u00f6s suomalainen Shifa Kuva:\u00a0Global Sumud Flotilla<\/p>\n<p class=\"article-body mb-nof-24 px-nof-16\">Viimeinenkin Gazan avustuslaivueeseen kuulunut alus on pys\u00e4ytetty t\u00e4n\u00e4\u00e4n runsaan 40 merimailin p\u00e4\u00e4ss\u00e4 Gazasta, kertoivat Global Sumud Flotilla -laivueen j\u00e4rjest\u00e4j\u00e4t Telegram-viestipalvelussa.<\/p>\n<p class=\"article-body mb-nof-24 px-nof-16\">Laivueeseen kuului 42 alusta, jotka kaikki pys\u00e4ytettiin. Aluksissa oli yli 400 aktivistia, jotka on otettu kiinni.<\/p>\n<p class=\"article-body mb-nof-24 px-nof-16\">Israelin kiinni ottamien joukossa on yli 20 ulkomaalaista toimittajaa, <a class=\"article-genericlink\" href=\"https:\/\/rsf.org\/en\/gaza-flotilla-rsf-condemns-israeli-forces-illegal-arrest-more-20-journalists\" rel=\"nofollow noopener\" target=\"_blank\">kertoo<\/a> Toimittajat ilman rajoja (RSF) -sananvapausj\u00e4rjest\u00f6.<\/p>\n<p class=\"article-body mb-nof-24 px-nof-16\">\u2013\u2009Toimittajat ilman rajoja vaatii n\u00e4iden media-alan ammattilaisten v\u00e4lit\u00f6nt\u00e4 vapauttamista. Heid\u00e4n pid\u00e4tt\u00e4misens\u00e4 rikkoo r\u00e4ike\u00e4sti tiedon jakamisen ja saamisen oikeutta, j\u00e4rjest\u00f6n tiedotteessa todetaan.<\/p>\n<p class=\"article-body mb-nof-24 px-nof-16\">J\u00e4rjest\u00f6n mukaan kiinni otettujen toimittajien joukossa on ainakin espanjalaisten, qatarilaisten, italialaisten, ranskalaisten ja turkkilaisten medioiden toimittajia.<\/p>\n<p class=\"article-body mb-nof-24 px-nof-16\">Kansainv\u00e4linen lehdist\u00f6 ei ole saanut toimia vapaasti palestiinalaisalueella sen j\u00e4lkeen, kun Israel hy\u00f6kk\u00e4si Gazaan lokakuussa 2023. Alueelle on p\u00e4\u00e4stetty vain kourallinen valikoituja tiedotusv\u00e4lineit\u00e4 Israelin asevoimien valvonnassa.<\/p>\n<p class=\"article-body mb-nof-24 px-nof-16\">Toimittajat ilman rajoja -j\u00e4rjest\u00f6n mukaan Israel on surmannut Gazassa noin kahden vuoden aikana yli 210 toimittajaa.<\/p>\n<p><img decoding=\"async\" src=\"https:\/\/www.europesays.com\/fi\/wp-content\/uploads\/2025\/10\/1759533190_221_468.jpg\" alt=\"Ulkoministeri\u00f6n konsulip\u00e4\u00e4llikk\u00f6 Jussi Tanner kuvattuna syyskuussa 2022.\" class=\"_Img_1rerz_1\" style=\"aspect-ratio:1.5\" loading=\"eager\"\/><\/p>\n<p class=\"article-picture-caption\">Ulkoministeri\u00f6n konsulip\u00e4\u00e4llikk\u00f6 Jussi Tanner kuvattuna syyskuussa 2022. Kuva:\u00a0Roni Rekomaa, Roni Rekomaa \/ Lehtikuva<\/p>\n","protected":false},"excerpt":{"rendered":"Suomalaisilla ei ole h\u00e4t\u00e4\u00e4, ulkoministeri\u00f6n konsulip\u00e4\u00e4llikk\u00f6 kertoo. 3.10. 22:06 Suomen Israelin-konsuli on t\u00e4n\u00e4\u00e4n tavannut viisi Israelin kiinni ottamaa&hellip;\n","protected":false},"author":2,"featured_media":52559,"comment_status":"","ping_status":"","sticky":false,"template":"","format":"standard","meta":{"footnotes":""},"categories":[5],"tags":[22,23,26,27,33,31,30,17,34,24,25,28,29,15,18,21,32,19,20,16],"class_list":{"0":"post-52558","1":"post","2":"type-post","3":"status-publish","4":"format-standard","5":"has-post-thumbnail","7":"category-otsikot","8":"tag-breaking-news","9":"tag-breakingnews","10":"tag-featured-news","11":"tag-featurednews","12":"tag-fi","13":"tag-finland","14":"tag-finnish","15":"tag-headlines","16":"tag-ilta-sanomat","17":"tag-latest-news","18":"tag-latestnews","19":"tag-main-news","20":"tag-mainnews","21":"tag-news","22":"tag-otsikot","23":"tag-paauutiset","24":"tag-suomi","25":"tag-top-stories","26":"tag-topstories","27":"tag-uutiset"},"share_on_mastodon":{"url":"","error":""},"_links":{"self":[{"href":"https:\/\/www.europesays.com\/fi\/wp-json\/wp\/v2\/posts\/52558","targetHints":{"allow":["GET"]}}],"collection":[{"href":"https:\/\/www.europesays.com\/fi\/wp-json\/wp\/v2\/posts"}],"about":[{"href":"https:\/\/www.europesays.com\/fi\/wp-json\/wp\/v2\/types\/post"}],"author":[{"embeddable":true,"href":"https:\/\/www.europesays.com\/fi\/wp-json\/wp\/v2\/users\/2"}],"replies":[{"embeddable":true,"href":"https:\/\/www.europesays.com\/fi\/wp-json\/wp\/v2\/comments?post=52558"}],"version-history":[{"count":0,"href":"https:\/\/www.europesays.com\/fi\/wp-json\/wp\/v2\/posts\/52558\/revisions"}],"wp:featuredmedia":[{"embeddable":true,"href":"https:\/\/www.europesays.com\/fi\/wp-json\/wp\/v2\/media\/52559"}],"wp:attachment":[{"href":"https:\/\/www.europesays.com\/fi\/wp-json\/wp\/v2\/media?parent=52558"}],"wp:term":[{"taxonomy":"category","embeddable":true,"href":"https:\/\/www.europesays.com\/fi\/wp-json\/wp\/v2\/categories?post=52558"},{"taxonomy":"post_tag","embeddable":true,"href":"https:\/\/www.europesays.com\/fi\/wp-json\/wp\/v2\/tags?post=52558"}],"curies":[{"name":"wp","href":"https:\/\/api.w.org\/{rel}","templated":true}]}}