{"id":52566,"date":"2025-10-03T23:38:10","date_gmt":"2025-10-03T23:38:10","guid":{"rendered":"https:\/\/www.europesays.com\/fi\/52566\/"},"modified":"2025-10-03T23:38:10","modified_gmt":"2025-10-03T23:38:10","slug":"merenrantaan-suunnitellaan-toimistotaloja-helsingissa-yli-1-500-vastustaa","status":"publish","type":"post","link":"https:\/\/www.europesays.com\/fi\/52566\/","title":{"rendered":"Merenrantaan suunnitellaan toimistotaloja Helsingiss\u00e4, yli 1\u202f500 vastustaa"},"content":{"rendered":"<p>J\u00e4tk\u00e4saari|Korkeat rakennukset rikkoisivat Crusellinsillan vinok\u00f6ysirakenteen hienon siluetin, kuntalaisaloitteessa sanotaan.<\/p>\n<p>3.10. 20:17 | P\u00e4ivitetty 3.10. 20:47<\/p>\n<p class=\"article-body mb-nof-24 px-nof-16\">Helsingin kaupungin asemakaavoituspalvelu on valmistellut kahden toimistotalon rakentamisen mahdollistavaa asemakaavan muutosta J\u00e4tk\u00e4saaren Saukonpaadenrantaan.<\/p>\n<p class=\"article-body mb-nof-24 px-nof-16\">Tontit sijaitsevat Crusellinsillan l\u00e4nsi- ja it\u00e4puolella J\u00e4tk\u00e4saaressa.<\/p>\n<p class=\"article-body mb-nof-24 px-nof-16\">J\u00e4tk\u00e4saari-seura on ryhtynyt voimallisesti vastustamaan hanketta. Hanketta vastustavan kuntalaisaloitteen on reilussa kuukaudessa allekirjoittanut yli 1\u202f500 helsinkil\u00e4ist\u00e4.<\/p>\n<p class=\"article-body mb-nof-24 px-nof-16\">\u201dP\u00e4\u00e4konttorit ovat tervetulleita J\u00e4tk\u00e4saareen tyhjille tonteille, ei rannoille\u201d, kuntalaisaloite on otsikoitu.<\/p>\n<p class=\"article-body mb-nof-24 px-nof-16\">Aloitteessa todetaan, ett\u00e4 Crusellinsilta on Ruoholahti\u2013J\u00e4tk\u00e4saari-alueen keskeinen maamerkki ja symboli. Korkeat rakennukset rikkoisivat Crusellinsillan vinok\u00f6ysirakenteen hienon siluetin, asiakirjassa todetaan.<\/p>\n<p class=\"article-body mb-nof-24 px-nof-16\">Lis\u00e4ksi toimistojen rakentaminen merkitsisi l\u00e4hitalojen asukkaille merin\u00e4k\u00f6alojen menett\u00e4mist\u00e4 ja asuntojen arvon alenemista.<\/p>\n<p class=\"article-body mb-nof-24 px-nof-16\">Kuntalaisaloitteessa muistutetaan, kuinka kaupunkisuunnittelijat ovat arvostaneet Helsingin oloissa harvinaista, merelle avautuvaa Ruoholahden kanavaa sijoittamalla asuintalot et\u00e4\u00e4lle rannasta.<\/p>\n<p class=\"article-body mb-nof-24 px-nof-16\">Rantaraitin varrelle on aiemmin kaavoitettu matalat kaksikerroksiset palvelurakennukset, esimerkiksi kahviloille ja ravintoloille. N\u00e4iden rakentaminen ei ole kuitenkaan edennyt, koska tontit ovat pieni\u00e4 ja rakennusteknisesti eritt\u00e4in haastavia, ja rakennusbisnes on muutenkin l\u00e4hes seisahduksissa.<\/p>\n<p class=\"article-body mb-nof-24 px-nof-16\">Toimistotalosuunnitelma rikkoisi aiemmat jo tunnustetut periaatteet, aloitteessa kirjoitetaan: \u201dT\u00e4m\u00e4 ei saa olla peruste nostaa rakennusmassat 11-kertaa alkuper\u00e4ist\u00e4 suuremmiksi.\u201d<\/p>\n<p class=\"article-body mb-nof-24 px-nof-16\">Saukonpaadenrannan toimistoja on suunnitellut SRV. 21. elokuuta verkkoon avattua kuntalaisaloitetta oli 3. lokakuuta menness\u00e4 kannattanut yli 1\u202f500 allekirjoittajaa.<\/p>\n","protected":false},"excerpt":{"rendered":"J\u00e4tk\u00e4saari|Korkeat rakennukset rikkoisivat Crusellinsillan vinok\u00f6ysirakenteen hienon siluetin, kuntalaisaloitteessa sanotaan. 3.10. 20:17 | P\u00e4ivitetty 3.10. 20:47 Helsingin kaupungin asemakaavoituspalvelu&hellip;\n","protected":false},"author":2,"featured_media":52567,"comment_status":"","ping_status":"","sticky":false,"template":"","format":"standard","meta":{"footnotes":""},"categories":[12],"tags":[22,23,26,27,33,31,30,17,46,24,25,28,29,15,18,21,32,19,20,16],"class_list":{"0":"post-52566","1":"post","2":"type-post","3":"status-publish","4":"format-standard","5":"has-post-thumbnail","7":"category-suomi","8":"tag-breaking-news","9":"tag-breakingnews","10":"tag-featured-news","11":"tag-featurednews","12":"tag-fi","13":"tag-finland","14":"tag-finnish","15":"tag-headlines","16":"tag-helsingin-sanomat","17":"tag-latest-news","18":"tag-latestnews","19":"tag-main-news","20":"tag-mainnews","21":"tag-news","22":"tag-otsikot","23":"tag-paauutiset","24":"tag-suomi","25":"tag-top-stories","26":"tag-topstories","27":"tag-uutiset"},"share_on_mastodon":{"url":"","error":""},"_links":{"self":[{"href":"https:\/\/www.europesays.com\/fi\/wp-json\/wp\/v2\/posts\/52566","targetHints":{"allow":["GET"]}}],"collection":[{"href":"https:\/\/www.europesays.com\/fi\/wp-json\/wp\/v2\/posts"}],"about":[{"href":"https:\/\/www.europesays.com\/fi\/wp-json\/wp\/v2\/types\/post"}],"author":[{"embeddable":true,"href":"https:\/\/www.europesays.com\/fi\/wp-json\/wp\/v2\/users\/2"}],"replies":[{"embeddable":true,"href":"https:\/\/www.europesays.com\/fi\/wp-json\/wp\/v2\/comments?post=52566"}],"version-history":[{"count":0,"href":"https:\/\/www.europesays.com\/fi\/wp-json\/wp\/v2\/posts\/52566\/revisions"}],"wp:featuredmedia":[{"embeddable":true,"href":"https:\/\/www.europesays.com\/fi\/wp-json\/wp\/v2\/media\/52567"}],"wp:attachment":[{"href":"https:\/\/www.europesays.com\/fi\/wp-json\/wp\/v2\/media?parent=52566"}],"wp:term":[{"taxonomy":"category","embeddable":true,"href":"https:\/\/www.europesays.com\/fi\/wp-json\/wp\/v2\/categories?post=52566"},{"taxonomy":"post_tag","embeddable":true,"href":"https:\/\/www.europesays.com\/fi\/wp-json\/wp\/v2\/tags?post=52566"}],"curies":[{"name":"wp","href":"https:\/\/api.w.org\/{rel}","templated":true}]}}