{"id":52574,"date":"2025-10-04T00:03:13","date_gmt":"2025-10-04T00:03:13","guid":{"rendered":"https:\/\/www.europesays.com\/fi\/52574\/"},"modified":"2025-10-04T00:03:13","modified_gmt":"2025-10-04T00:03:13","slug":"trumpin-hallinto-keskeytti-ilmastohankkeiden-rahoituksen-demokraattienemmistoisilta-osavaltioilta-uutisia-lyhyesti","status":"publish","type":"post","link":"https:\/\/www.europesays.com\/fi\/52574\/","title":{"rendered":"Trumpin hallinto keskeytti ilmastohankkeiden rahoituksen demokraattienemmist\u00f6isilt\u00e4 osavaltioilta | Uutisia lyhyesti"},"content":{"rendered":"<p class=\"aw-1gybjub aw-5vja16 cmIuaG zKETg yle__article__paragraph\">Rahoitusten katkaiseminen asettaa painetta demokraattipoliitikkoihin hallinnon sulun aikana.<\/p>\n<p class=\"aw-1gybjub aw-1p7kakr cmIuaG fmSRng yle__article__paragraph\">Presidentti <strong class=\"aw-ak79eh KyCXm yle__article__strong\">Donald Trumpin<\/strong> hallinto on katkaissut satojen ilmastoprojektien rahoituksen osavaltioilta, jotka viime vuoden presidentinvaaleissa tukivat demokraattien <strong class=\"aw-ak79eh KyCXm yle__article__strong\">Kamala Harrisia<\/strong>. Rahoitukseen oli varattu yhteens\u00e4 7,6 miljardia dollaria eli 6,5 miljardia euroa.<\/p>\n<p class=\"aw-1gybjub aw-1p7kakr cmIuaG fmSRng yle__article__paragraph\">Yhdysvaltain energiaministeri\u00f6 perusteli rahoituksen katkaisemista sill\u00e4, etteiv\u00e4t hankkeet tarpeeksi t\u00e4ytt\u00e4neet maan energiatarpeita tai olleet taloudellisesti j\u00e4rkevi\u00e4.<\/p>\n<p class=\"aw-1gybjub aw-1p7kakr cmIuaG fmSRng yle__article__paragraph\">Leikkaukset koskevat muun muassa akkulaitoksia, vetyteknologiahankkeita, s\u00e4hk\u00f6verkon kehitt\u00e4mist\u00e4 ja hiilidioksidin talteenottoa.<\/p>\n<p class=\"aw-1gybjub aw-1p7kakr cmIuaG fmSRng yle__article__paragraph\">Valkoisen talon budjettitoimisto aikoo my\u00f6s pys\u00e4ytt\u00e4\u00e4 2,1 miljardin dollarin (1,8 mrd euroa) rahoituksen Chicagon kaupungin raideverkoston laajentamiseen. Budjettip\u00e4\u00e4llikk\u00f6 <strong class=\"aw-ak79eh KyCXm yle__article__strong\">Russ Voughtin<\/strong> mukaan toimisto haluaa varmistaa, ettei rahoitusta jaeta \u201drotuperusteisesti\u201d.<\/p>\n<p class=\"aw-1gybjub aw-1p7kakr cmIuaG fmSRng yle__article__paragraph\">Budjetin j\u00e4\u00e4dytykset asettavat my\u00f6s painetta demokraattipoliitikkoihin, jotta n\u00e4m\u00e4 antaisivat periksi neuvotteluissa maan budjetin hyv\u00e4ksymiseksi. Yhdysvaltain hallinto on t\u00e4ll\u00e4 hetkell\u00e4 osin suljettu, koska budjettia ei ole saatu hyv\u00e4ksytty\u00e4.<\/p>\n<p class=\"aw-1gybjub aw-1p7kakr cmIuaG fmSRng yle__article__paragraph\">L\u00e4hde: AP<\/p>\n","protected":false},"excerpt":{"rendered":"Rahoitusten katkaiseminen asettaa painetta demokraattipoliitikkoihin hallinnon sulun aikana. Presidentti Donald Trumpin hallinto on katkaissut satojen ilmastoprojektien rahoituksen osavaltioilta,&hellip;\n","protected":false},"author":2,"featured_media":74,"comment_status":"","ping_status":"","sticky":false,"template":"","format":"standard","meta":{"footnotes":"","_share_on_mastodon":"0"},"categories":[14],"tags":[22,23,4115,585,26,27,33,31,30,17,6636,24,25,28,29,15,18,21,6811,721,32,78,19,20,56,16,59,60,61,619,1867],"class_list":["post-52574","post","type-post","status-publish","format-standard","has-post-thumbnail","category-ulkomaat","tag-breaking-news","tag-breakingnews","tag-budjetit","tag-donald-trump","tag-featured-news","tag-featurednews","tag-fi","tag-finland","tag-finnish","tag-headlines","tag-kamala-harris","tag-latest-news","tag-latestnews","tag-main-news","tag-mainnews","tag-news","tag-otsikot","tag-paauutiset","tag-presidentti-trumpin-hallinto","tag-rahoitus","tag-suomi","tag-talous","tag-top-stories","tag-topstories","tag-ulkomaat","tag-uutiset","tag-world","tag-world-news","tag-worldnews","tag-yhdysvallat","tag-yhdysvaltojen-politiikka"],"share_on_mastodon":{"url":"","error":""},"_links":{"self":[{"href":"https:\/\/www.europesays.com\/fi\/wp-json\/wp\/v2\/posts\/52574","targetHints":{"allow":["GET"]}}],"collection":[{"href":"https:\/\/www.europesays.com\/fi\/wp-json\/wp\/v2\/posts"}],"about":[{"href":"https:\/\/www.europesays.com\/fi\/wp-json\/wp\/v2\/types\/post"}],"author":[{"embeddable":true,"href":"https:\/\/www.europesays.com\/fi\/wp-json\/wp\/v2\/users\/2"}],"replies":[{"embeddable":true,"href":"https:\/\/www.europesays.com\/fi\/wp-json\/wp\/v2\/comments?post=52574"}],"version-history":[{"count":0,"href":"https:\/\/www.europesays.com\/fi\/wp-json\/wp\/v2\/posts\/52574\/revisions"}],"wp:featuredmedia":[{"embeddable":true,"href":"https:\/\/www.europesays.com\/fi\/wp-json\/wp\/v2\/media\/74"}],"wp:attachment":[{"href":"https:\/\/www.europesays.com\/fi\/wp-json\/wp\/v2\/media?parent=52574"}],"wp:term":[{"taxonomy":"category","embeddable":true,"href":"https:\/\/www.europesays.com\/fi\/wp-json\/wp\/v2\/categories?post=52574"},{"taxonomy":"post_tag","embeddable":true,"href":"https:\/\/www.europesays.com\/fi\/wp-json\/wp\/v2\/tags?post=52574"}],"curies":[{"name":"wp","href":"https:\/\/api.w.org\/{rel}","templated":true}]}}