{"id":52581,"date":"2025-10-04T00:25:11","date_gmt":"2025-10-04T00:25:11","guid":{"rendered":"https:\/\/www.europesays.com\/fi\/52581\/"},"modified":"2025-10-04T00:25:11","modified_gmt":"2025-10-04T00:25:11","slug":"minna-kuukka-ja-mikko-ahti-kohtaavat-haasteita-tanssii-tahtien-kanssa-treeneissa","status":"publish","type":"post","link":"https:\/\/www.europesays.com\/fi\/52581\/","title":{"rendered":"Minna Kuukka ja Mikko Ahti kohtaavat haasteita Tanssii t\u00e4htien kanssa -treeneiss\u00e4"},"content":{"rendered":"<p>\n            Minnalle Mikko on tuttu tv:st\u00e4 ja Mikolle Minna on tuttu radiosta.<br \/>\n            Timo Korhonen\n        <\/p>\n<p class=\"subtitle \">Minna Kuukan ja Mikko Ahdin tanssitreenit eiv\u00e4t menneet putkeen.<\/p>\n<p class=\"article-content article-content-width !bg-background\">Radiojuontaja  julkaisi <a href=\"https:\/\/www.instagram.com\/stories\/minnakuukka\/3734548664526916259\/\" target=\"_blank\" rel=\"nofollow noopener\">Instagram tarinat <\/a>-osiossa tuntemuksiaan Tanssii t\u00e4htien kanssa -ohjelman tanssitreeneist\u00e4, jotka eiv\u00e4t menneet putkeen. Tarinat katoavat 24 tunnin p\u00e4\u00e4st\u00e4 julkaisustaan.<\/p>\n<p class=\"italic m-italic article-content article-content-width !bg-background\">TTK-parit vastaavat: Saako kuormasta sy\u00f6d\u00e4?<\/p>\n<p class=\"article-content article-content-width !bg-background\">Minna ja h\u00e4nen t\u00e4htiopettajansa  treenaavat paraikaa tulevan sunnuntain vakiotanssi-illan hidasta valssiaan. Kaikki ei ole kuitenkaan mennyt viikon mittaan suunnitelmien mukaan.<\/p>\n<p class=\"article-content article-content-width !bg-background\"> \u2013 Eilen meill\u00e4 oli katastrofip\u00e4iv\u00e4, Mikko kuvailee Minnan <a href=\"https:\/\/www.instagram.com\/stories\/minnakuukka\/3734548664526916259\/\" target=\"_blank\" rel=\"nofollow noopener\">Instagram tarinoissa<\/a>.<\/p>\n<p>        <a itemprop=\"url\" href=\"https:\/\/www.seiska.fi\/katso\/mikko-silvennoinen-avautuu-ttk-tanssistaan-nain-katsojat-reagoivat\/1938086\" rel=\"nofollow noopener\" target=\"_blank\"><\/p>\n<p>\nN\u00e4in katsojat kommentoivat\n<\/p>\n<p class=\"section-date\">\n        <strong class=\"article-section\" data-section=\"katso\"><br \/>\n            katso<br \/>\n        <\/strong><br \/>\n        22.9. 11:46\n    <\/p>\n<p>Mikko Silvennoinen avautuu TTK-tanssistaan \u2013 n\u00e4in katsojat reagoivat\n    <\/p>\n<p itemprop=\"description\" class=\"subtitle \">\n    Tanssii t\u00e4htien kanssa -tuomarit eiv\u00e4t arvostaneet Mikon ja Matin esityst\u00e4.\n<\/p>\n<p>        <\/a><\/p>\n<p>Pillit pussiin<\/p>\n<p class=\"article-content article-content-width !bg-background\">Kaksikko oli l\u00e4htenyt kiukkuisena pois tanssistudiolta.<\/p>\n<p class=\"article-content article-content-width !bg-background\"> \u2013 Kiukkua se oli, mutta ei toisillemme. Olimme kiukkuisia itsellemme, Minna selvent\u00e4\u00e4.\u00a0<\/p>\n<p class=\"article-content article-content-width !bg-background\">Minna ei ollut oppinut kaikkia tanssin askelia.\u00a0<\/p>\n<p class=\"article-content article-content-width !bg-background\">\u2013 En saanut eilen menem\u00e4\u00e4n yht\u00e4 kohtaa koreografiassa. Mikko sen selitti tuhat kertaa, n\u00e4ytti tuhat kertaa, yritin tuhat kertaa, niin se ei vaan mene. Iltap\u00e4iv\u00e4ll\u00e4, kun treeniaika loppui, oli pakko puhaltaa peli poikki.<\/p>\n<p>        <a itemprop=\"url\" href=\"https:\/\/www.seiska.fi\/katso\/anssi-heikkila-ttk-juontajaksi\/1950382\" rel=\"nofollow noopener\" target=\"_blank\"><\/p>\n<p>\nYll\u00e4tysveto\n<\/p>\n<p class=\"section-date\">\n        <strong class=\"article-section\" data-section=\"katso\"><br \/>\n            katso<br \/>\n        <\/strong><br \/>\n        3.10. 11:15\n    <\/p>\n<p>Anssi Heikkil\u00e4 TTK-juontajaksi?\n    <\/p>\n<p itemprop=\"description\" class=\"subtitle \">\n    Tanssinopettaja Anssi Heikkil\u00e4 on kiinnostunut laajentamaan ammattiosaamistaan.\n<\/p>\n<p>        <\/a><\/p>\n<p>Huono tunnelma<\/p>\n<p class=\"article-content article-content-width !bg-background\">Molemmat olivat olleet tyytym\u00e4tt\u00f6mi\u00e4 itseens\u00e4.\u00a0<\/p>\n<p class=\"article-content article-content-width !bg-background\"> \u2013 Niiss\u00e4 fiiliksiss\u00e4, kun l\u00e4hti, niin se ei ollut hyv\u00e4 tunnelma. Olin ihan supervihainen itselleni, ett\u00e4 miten voin olla noin tampio. Mikko oli ollut itselleen vihainen, koska miksi oli tehnyt tuollaisen koreografian.<\/p>\n<p class=\"article-content article-content-width !bg-background\">Kotona Minna rauhoittui, ja asiat meniv\u00e4t takaisin mittasuhteisiin.\u00a0<\/p>\n<p class=\"article-content article-content-width !bg-background\"> \u2013 Kun antoi hautua asiaa y\u00f6n yli, niin kaikki oli toisin, h\u00e4n toteaa.\u00a0<\/p>\n<p class=\"article-content article-content-width !bg-background\">Minna ja Mikko esitt\u00e4v\u00e4t sunnuntaina 5.10. hitaan valssin  Kolme vuodenaikaa -kappaleen tahtiin.\u00a0<\/p>\n<p class=\"italic m-italic article-content article-content-width !bg-background\">Tanssii t\u00e4htien kanssa sunnuntaisin MTV3-kanavalla ja MTV Katsomossa.\u00a0<\/p>\n<p>        <a itemprop=\"url\" href=\"https:\/\/www.seiska.fi\/katso\/ttk-lakko-haluaa-vaihtaa-tanssiopettajaansa-nain-kastanja-reagoi\/1948685\" rel=\"nofollow noopener\" target=\"_blank\"><\/p>\n<p>\nTanssii t\u00e4htien kanssa\n<\/p>\n<p class=\"section-date\">\n        <strong class=\"article-section\" data-section=\"katso\"><br \/>\n            katso<br \/>\n        <\/strong><br \/>\n        2.10. 11:15\n    <\/p>\n<p>TTK: Lakko haluaa vaihtaa tanssiopettajaansa \u2013 n\u00e4in Kastanja reagoi\n    <\/p>\n<p itemprop=\"description\" class=\"subtitle \">\n    Pian Tanssii t\u00e4htien kanssa -ohjelmassa n\u00e4hd\u00e4\u00e4n parinvaihtoviikko.\n<\/p>\n<p>        <\/a><\/p>\n<p><script async src=\"\/\/www.instagram.com\/embed.js\"><\/script><\/p>\n","protected":false},"excerpt":{"rendered":"Minnalle Mikko on tuttu tv:st\u00e4 ja Mikolle Minna on tuttu radiosta. Timo Korhonen Minna Kuukan ja Mikko Ahdin&hellip;\n","protected":false},"author":2,"featured_media":52582,"comment_status":"","ping_status":"","sticky":false,"template":"","format":"standard","meta":{"footnotes":""},"categories":[130],"tags":[137,33,31,30,3946,3945,905,32,1355,903,12881,12882,109,2213],"class_list":{"0":"post-52581","1":"post","2":"type-post","3":"status-publish","4":"format-standard","5":"has-post-thumbnail","7":"category-viihde","8":"tag-entertainment","9":"tag-fi","10":"tag-finland","11":"tag-finnish","12":"tag-mikko-ahti","13":"tag-minna-kuukka","14":"tag-mtv3","15":"tag-suomi","16":"tag-tanssi","17":"tag-tanssii-tahtien-kanssa","18":"tag-tanssitreeni","19":"tag-treenit","20":"tag-viihde","21":"tag-viihdeohjelma"},"share_on_mastodon":{"url":"","error":""},"_links":{"self":[{"href":"https:\/\/www.europesays.com\/fi\/wp-json\/wp\/v2\/posts\/52581","targetHints":{"allow":["GET"]}}],"collection":[{"href":"https:\/\/www.europesays.com\/fi\/wp-json\/wp\/v2\/posts"}],"about":[{"href":"https:\/\/www.europesays.com\/fi\/wp-json\/wp\/v2\/types\/post"}],"author":[{"embeddable":true,"href":"https:\/\/www.europesays.com\/fi\/wp-json\/wp\/v2\/users\/2"}],"replies":[{"embeddable":true,"href":"https:\/\/www.europesays.com\/fi\/wp-json\/wp\/v2\/comments?post=52581"}],"version-history":[{"count":0,"href":"https:\/\/www.europesays.com\/fi\/wp-json\/wp\/v2\/posts\/52581\/revisions"}],"wp:featuredmedia":[{"embeddable":true,"href":"https:\/\/www.europesays.com\/fi\/wp-json\/wp\/v2\/media\/52582"}],"wp:attachment":[{"href":"https:\/\/www.europesays.com\/fi\/wp-json\/wp\/v2\/media?parent=52581"}],"wp:term":[{"taxonomy":"category","embeddable":true,"href":"https:\/\/www.europesays.com\/fi\/wp-json\/wp\/v2\/categories?post=52581"},{"taxonomy":"post_tag","embeddable":true,"href":"https:\/\/www.europesays.com\/fi\/wp-json\/wp\/v2\/tags?post=52581"}],"curies":[{"name":"wp","href":"https:\/\/api.w.org\/{rel}","templated":true}]}}