{"id":52583,"date":"2025-10-04T00:28:07","date_gmt":"2025-10-04T00:28:07","guid":{"rendered":"https:\/\/www.europesays.com\/fi\/52583\/"},"modified":"2025-10-04T00:28:07","modified_gmt":"2025-10-04T00:28:07","slug":"rahaa-on-mutta-ei-tuhlattavaksi-porin-tulevaisuus-riippuu-sijoitusten-onnistumisesta","status":"publish","type":"post","link":"https:\/\/www.europesays.com\/fi\/52583\/","title":{"rendered":"Rahaa on, mutta ei tuhlattavaksi \u2013 Porin tulevaisuus riippuu sijoitusten onnistumisesta"},"content":{"rendered":"<p>Pori Energiasta saatua p\u00e4\u00e4omaa pit\u00e4\u00e4 varjella, jotta my\u00f6s sijoitustuotot kasvavat ajan kanssa.<\/p>\n<p class=\"article-body mb-nof-24 px-nof-16\">Puheen klangi on muuttunut Porin kaupungintalossa. Mutkat oikaisten nyt kaikuu viesti, jossa talousongelmat on sel\u00e4tetty ja tulevaisuus vaikuttaa valoisalta.<\/p>\n<p class=\"article-body mb-nof-24 px-nof-16\">On erinomaista, ett\u00e4 joku taho luo tulevaisuudenuskoa nykyisess\u00e4 taloustilanteessa.<\/p>\n<p class=\"article-body mb-nof-24 px-nof-16\">Suunnanmuutoksen taustalla on Pori Energian myynti. Porin kaupunginhallitus p\u00e4\u00e4tt\u00e4\u00e4 maanantaina, mink\u00e4 kolmen institutionaalisen sijoittajan haltuun jaetaan 300 miljoonaa euroa.<\/p>\n<p class=\"article-body mb-nof-24 px-nof-16\">Huojentava tieto on, ett\u00e4 kaupunki ei itse ala sijoittaa tai k\u00e4ytt\u00e4\u00e4 investointeihin kauppahinnasta yli j\u00e4\u00e4nytt\u00e4 66 miljoonan varallisuutta. T\u00e4m\u00e4kin potti on tarkoitus antaa ammattimaisten varainhoitajien sijoitettavaksi.<\/p>\n<p class=\"article-body mb-nof-24 px-nof-16\">Ainakin kaupungin virkahenkil\u00f6johdossa tunnelmat ovat kaksijakoiset. Tekisi mieli paukutella henkseleit\u00e4 onnistuneesta myynti- ja kilpailutusprosessista, mutta samalla v\u00e4ltt\u00e4\u00e4 viesti\u00e4, ett\u00e4 rahaa on yllin kyllin.<\/p>\n<p class=\"article-body mb-nof-24 px-nof-16\">Kaupungin taloudenpitoa avittaa sijoituksista vuosittain ulos otettava 14 miljoonan potti. Summa vastaa noin 4 prosentin sijoitustuottoa koko myyntisummasta, jolloin siis p\u00e4\u00e4omaa ei pystytt\u00e4isi kartuttamaan.<\/p>\n<p class=\"article-body mb-nof-24 px-nof-16\">Kaupunki asetti varainhoidolle tavoitteeksi 6\u20138 prosentin tuotot. Jos tuotto olisi 8 prosenttia, voisi p\u00e4\u00e4oma kasvaa kaupungin tuloutuksen j\u00e4lkeen samaisella noin 14 miljoonalla eurolla. Tuottotavoite on kunnianhimoinen.<\/p>\n<p class=\"article-body mb-nof-24 px-nof-16\">Olisi toki ollut eduksi, jos sijoitustuotot olisi voitu rauhoittaa alussa muutamaksi vuodeksi ja sijoittaa kaikki tuotto takaisin p\u00e4\u00e4omaan. T\u00e4m\u00e4 ei ollut mahdollista kaupungin taloustilanteen vuoksi.<\/p>\n<p class=\"article-body mb-nof-24 px-nof-16\">Ehdoton tavoite pit\u00e4\u00e4 olla, ett\u00e4 sijoitustuotoilla kasvatetaan my\u00f6s p\u00e4\u00e4omaa, koska vain n\u00e4in saadaan hy\u00f6dynnetty\u00e4 korkoa korolle -ilmi\u00f6t\u00e4.<\/p>\n<p class=\"article-body mb-nof-24 px-nof-16\">Pori Energian myynnin onnistuminen mitataan lopulta sill\u00e4, miten p\u00e4\u00e4omaa pystyt\u00e4\u00e4n kartuttamaan ja sit\u00e4 kautta kasvatettua my\u00f6s sijoitustuottoja.<\/p>\n<p class=\"article-body mb-nof-24 px-nof-16\">Valistunut arvaus on, ett\u00e4 jossain vaiheessa politiikan kent\u00e4lt\u00e4 nousee ehdotus p\u00e4\u00e4oman hy\u00f6dynt\u00e4misest\u00e4 t\u00e4rke\u00e4\u00e4n investointiin. Poliittista riski\u00e4 on hallittava maalaamalla realistinen kuva, mit\u00e4 p\u00e4\u00e4omien sy\u00f6minen tarkoittaa ja mit\u00e4 siit\u00e4 seuraa. Samalla kun p\u00e4\u00e4omaa kulutetaan, sijoitustuotot v\u00e4henev\u00e4t ja turmiollinen kierre valmis.<\/p>\n<p class=\"article-body mb-nof-24 px-nof-16\">Isokin omaisuus on lopulta helposti tuhlattavissa. Kyseess\u00e4 on lopulta porilaisten veronmaksajien omaisuus, jollaisena sit\u00e4 on kohdeltava.<\/p>\n<p class=\"article-body mb-nof-24 px-nof-16\">Sijoittamisesta on tullut viime vuosina jopa trendik\u00e4st\u00e4, ja p\u00f6rssiosakkeita tai sijoitusrahastoja omistaa vajaat 37 prosenttia suomalaista. T\u00e4t\u00e4 kautta ymm\u00e4rryst\u00e4 l\u00f6ytyy hyvin kaupungin ajatuksille sijoittaa energiayhti\u00f6n myyntitulot kokonaisuudessaan.<\/p>\n<p class=\"article-body mb-nof-24 px-nof-16\">Toivottavasti ymm\u00e4rryst\u00e4 l\u00f6ytyy ainakin p\u00e4\u00e4tt\u00e4jilt\u00e4 my\u00f6s silloin, kun markkinat sukeltavat ja tuottotavoite ei t\u00e4yty. Jos ja kun omaisuus hetkellisesti sulaa, ylily\u00f6nnit ovat mahdollisia. Sijoittaminen ei ole pelkk\u00e4\u00e4 voittokulkua, vaan pitk\u00e4\u00e4 peli\u00e4, jossa k\u00e4rsiv\u00e4llisyys tuottaa yleens\u00e4 parhaan lopputuloksen.<\/p>\n<blockquote class=\"citation\">\n<p>\u201d<\/p>\n<p>Ehdoton tavoite pit\u00e4\u00e4 olla, ett\u00e4 sijoitustuotoilla kasvatetaan p\u00e4\u00e4omaa, koska vain n\u00e4in saadaan hy\u00f6dynnetty\u00e4 korkoa korolle -ilmi\u00f6t\u00e4.<\/p>\n<\/blockquote>\n<p><img decoding=\"async\" src=\"https:\/\/www.europesays.com\/fi\/wp-content\/uploads\/2025\/10\/1759537687_916_468.jpg\" alt=\"Pori Energian v\u00e4hemmist\u00f6osuuden ostanut Polhem Infran toimitusjohtaja Anna Elmfeldt vieraili Porin kaupungintalossa viime tammikuussa. Vierell\u00e4 kuunteli kaupunginjohtaja Lauri Inna. Nyt myyntiprosessissa on p\u00e4\u00e4sty vaiheeseen, jossa kaupunginhallitus valitsee institutionaaliset sijoittajat hoitamaan myynnist\u00e4 saatua p\u00e4\u00e4omaa.\" class=\"_Img_1rerz_1\" style=\"aspect-ratio:1.4690130068859986\" loading=\"eager\"\/><\/p>\n<p class=\"article-picture-caption\">Pori Energian v\u00e4hemmist\u00f6osuuden ostanut Polhem Infran toimitusjohtaja Anna Elmfeldt vieraili Porin kaupungintalossa viime tammikuussa. Vierell\u00e4 kuunteli kaupunginjohtaja Lauri Inna. Nyt myyntiprosessissa on p\u00e4\u00e4sty vaiheeseen, jossa kaupunginhallitus valitsee institutionaaliset sijoittajat hoitamaan myynnist\u00e4 saatua p\u00e4\u00e4omaa. Kuva:\u00a0Veera Korhonen<\/p>\n","protected":false},"excerpt":{"rendered":"Pori Energiasta saatua p\u00e4\u00e4omaa pit\u00e4\u00e4 varjella, jotta my\u00f6s sijoitustuotot kasvavat ajan kanssa. Puheen klangi on muuttunut Porin kaupungintalossa.&hellip;\n","protected":false},"author":2,"featured_media":52584,"comment_status":"","ping_status":"","sticky":false,"template":"","format":"standard","meta":{"footnotes":""},"categories":[76],"tags":[79,77,33,31,30,80,32,78],"class_list":{"0":"post-52583","1":"post","2":"type-post","3":"status-publish","4":"format-standard","5":"has-post-thumbnail","7":"category-talous","8":"tag-business","9":"tag-economy","10":"tag-fi","11":"tag-finland","12":"tag-finnish","13":"tag-satakunnan-kansa","14":"tag-suomi","15":"tag-talous"},"share_on_mastodon":{"url":"","error":""},"_links":{"self":[{"href":"https:\/\/www.europesays.com\/fi\/wp-json\/wp\/v2\/posts\/52583","targetHints":{"allow":["GET"]}}],"collection":[{"href":"https:\/\/www.europesays.com\/fi\/wp-json\/wp\/v2\/posts"}],"about":[{"href":"https:\/\/www.europesays.com\/fi\/wp-json\/wp\/v2\/types\/post"}],"author":[{"embeddable":true,"href":"https:\/\/www.europesays.com\/fi\/wp-json\/wp\/v2\/users\/2"}],"replies":[{"embeddable":true,"href":"https:\/\/www.europesays.com\/fi\/wp-json\/wp\/v2\/comments?post=52583"}],"version-history":[{"count":0,"href":"https:\/\/www.europesays.com\/fi\/wp-json\/wp\/v2\/posts\/52583\/revisions"}],"wp:featuredmedia":[{"embeddable":true,"href":"https:\/\/www.europesays.com\/fi\/wp-json\/wp\/v2\/media\/52584"}],"wp:attachment":[{"href":"https:\/\/www.europesays.com\/fi\/wp-json\/wp\/v2\/media?parent=52583"}],"wp:term":[{"taxonomy":"category","embeddable":true,"href":"https:\/\/www.europesays.com\/fi\/wp-json\/wp\/v2\/categories?post=52583"},{"taxonomy":"post_tag","embeddable":true,"href":"https:\/\/www.europesays.com\/fi\/wp-json\/wp\/v2\/tags?post=52583"}],"curies":[{"name":"wp","href":"https:\/\/api.w.org\/{rel}","templated":true}]}}