{"id":52585,"date":"2025-10-04T00:29:15","date_gmt":"2025-10-04T00:29:15","guid":{"rendered":"https:\/\/www.europesays.com\/fi\/52585\/"},"modified":"2025-10-04T00:29:15","modified_gmt":"2025-10-04T00:29:15","slug":"putin-vaitti-venajan-edenneen-pokrovskiin-tata-se-tarkoittaisi","status":"publish","type":"post","link":"https:\/\/www.europesays.com\/fi\/52585\/","title":{"rendered":"Putin v\u00e4itti Ven\u00e4j\u00e4n edenneen Pokrovskiin \u2013 t\u00e4t\u00e4 se tarkoittaisi"},"content":{"rendered":"<p>Pokrovsk on t\u00e4rke\u00e4 logistinen keskus, jota Ven\u00e4j\u00e4 on havitellut pitk\u00e4\u00e4n, mutta Putinin puheista huolimatta se ei n\u00e4yt\u00e4 olevan Ven\u00e4j\u00e4n hallussa.<\/p>\n<p>3.10. 11:00<\/p>\n<p>Lue tiivistelm\u00e4<\/p>\n<p>Tiivistelm\u00e4 on teko\u00e4lyn tekem\u00e4 ja ihmisen tarkistama.<\/p>\n<p class=\"article-body mb-nof-24 px-nof-16 sndp-summary-bullet-point-font\">Ven\u00e4j\u00e4n presidentti Vladimir Putin v\u00e4itti Ven\u00e4j\u00e4n edenneen Pokrovskin kaupunkiin It\u00e4-Ukrainan Donetskissa.<\/p>\n<p class=\"article-body mb-nof-24 px-nof-16 sndp-summary-bullet-point-font\">Asiantuntijoiden mukaan Ven\u00e4j\u00e4 ei todenn\u00e4k\u00f6isesti ole vallannut Pokrovskia, mutta taistelee sen ymp\u00e4rist\u00f6ss\u00e4.<\/p>\n<p class=\"article-body mb-nof-24 px-nof-16 sndp-summary-bullet-point-font\">Pokrovsk on t\u00e4rke\u00e4 logistinen keskus, jonka valtaus helpottaisi Ven\u00e4j\u00e4n etenemist\u00e4 l\u00e4nteen ja pohjoiseen.<\/p>\n<p class=\"article-body mb-nof-24 px-nof-16\">Ven\u00e4j\u00e4n presidentti <a class=\"article-personlink\" href=\"https:\/\/www.is.fi\/haku\/?query=Vladimir%20Putin\" rel=\"nofollow noopener\" target=\"_blank\">Vladimir Putin<\/a> v\u00e4itti torstaina vuotuisessa Valdai-klubin kokouksessa, ett\u00e4 Ven\u00e4j\u00e4 on edennyt Pokrovskin kaupunkiin It\u00e4-Ukrainan Donetskissa.<\/p>\n<p class=\"article-body mb-nof-24 px-nof-16\">\u2013 Olemme edenneet Severskiin ja Krasnoarmeiskiin\u201d, h\u00e4n mainitsi ven\u00e4l\u00e4isen <a class=\"article-genericlink\" href=\"https:\/\/www.gazeta.ru\/politics\/2025\/10\/02\/21791612.shtml\" rel=\"nofollow noopener\" target=\"_blank\">Gazeta.ru<\/a>-uutissivuston mukaan.<\/p>\n<p class=\"article-body mb-nof-24 px-nof-16\">Putin k\u00e4ytti Pokrovskista sen entist\u00e4 ven\u00e4j\u00e4nkielist\u00e4 nime\u00e4 Krasnoarmeisk. Seversk puolestaan on ukrainaksi Siversk. Sekin on Donetskissa.<\/p>\n<p class=\"article-body mb-nof-24 px-nof-16\">On ep\u00e4selv\u00e4\u00e4, mit\u00e4 Putin tarkkaan ottaen tarkoitti. Eteneminen kaupunkiin ei v\u00e4ltt\u00e4m\u00e4tt\u00e4 tarkoita, ett\u00e4 kaupunki olisi vallattu.<\/p>\n<p class=\"article-body mb-nof-24 px-nof-16\">T\u00e4ss\u00e4 katsaus siihen, mit\u00e4 mahdollinen Pokrovskin valtaus merkitsisi.<\/p>\n<p>Onko Ven\u00e4j\u00e4 on vallannut Pokrovskin?<\/p>\n<p class=\"article-body mb-nof-24 px-nof-16\">Todenn\u00e4k\u00f6isesti ei, kuten ei Putinin mainitsemaa Siverski\u00e4k\u00e4\u00e4n. Ven\u00e4j\u00e4n joukkoja on kuitenkin jo pitk\u00e4\u00e4n ollut Pokrovskin ymp\u00e4rill\u00e4.<\/p>\n<p class=\"article-body mb-nof-24 px-nof-16\">Rintamatilannekarttaa yll\u00e4pit\u00e4v\u00e4 <a class=\"article-genericlink\" href=\"https:\/\/deepstatemap.live\/#6\/49.4383200\/32.0526800\" rel=\"nofollow noopener\" target=\"_blank\">Deep State<\/a> ei varhain perjantaina maininnut, ett\u00e4 Pokrovskia olisi vallattu. My\u00f6sk\u00e4\u00e4n yhdysvaltalaisen ajatushautomon ISW:n keskiviikolle p\u00e4iv\u00e4tyn <a class=\"article-genericlink\" href=\"https:\/\/understandingwar.org\/research\/russia-ukraine\/russian-offensive-campaign-assessment-october-1-2025\/\" rel=\"nofollow noopener\" target=\"_blank\">tilannekatsauksen<\/a> mukaan Pokrovsk ei ole Ven\u00e4j\u00e4n hallussa.<\/p>\n<p class=\"article-body mb-nof-24 px-nof-16\">\u2013 Ven\u00e4j\u00e4n joukot jatkoivat hy\u00f6kk\u00e4ysoperaatioita Pokrovskin suunnalla 1.\u202flokakuuta, mutta eiv\u00e4t edenneet\u201d, todetaan ISW:n katsauksessa.<\/p>\n<p class=\"article-body mb-nof-24 px-nof-16\">Katsauksen mukaan Pokrovskin ymp\u00e4rill\u00e4 kyll\u00e4 taistellaan. Alueella oleva ukrainalainen aliupseeri kertoi ISW:lle, ett\u00e4 Ven\u00e4j\u00e4 menett\u00e4\u00e4 valtavia m\u00e4\u00e4ri\u00e4 jalkav\u00e4ke\u00e4 p\u00e4ivitt\u00e4in yritt\u00e4ess\u00e4\u00e4n saartaa Pokrovskia. H\u00e4nen mukaansa ven\u00e4l\u00e4isjoukoilla on kuljetusongelmia, joita aliupseeri ei tarkemmin m\u00e4\u00e4ritellyt.<\/p>\n<p class=\"article-body mb-nof-24 px-nof-16\">My\u00f6s Putinin mainitseman Siverskin l\u00e4hist\u00f6ll\u00e4 taistellaan. Ven\u00e4j\u00e4 on ISW:n raportin mukaan kiihdytt\u00e4nyt hy\u00f6kk\u00e4yst\u00e4\u00e4n Siverskin suunnalla.<\/p>\n<p>Millainen paikka Pokrovsk on?<\/p>\n<p class=\"article-body mb-nof-24 px-nof-16\">Kyseess\u00e4 on teollisuuskaupunki, jossa ennen sotaa oli noin 60\u202f000 asukasta. Kaupunki oli siis karkeasti samaa kokoluokkaa kuin Rovaniemi tai Sein\u00e4joki. Nyky\u00e4\u00e4n siell\u00e4 on j\u00e4ljell\u00e4 en\u00e4\u00e4 alle 1\u202f500 asukasta, kertoi uutistoimisto <a class=\"article-genericlink\" href=\"https:\/\/www.reuters.com\/world\/europe\/why-is-russia-trying-so-hard-capture-strategic-ukrainian-city-pokrovsk-2025-01-31\/\" rel=\"nofollow noopener\" target=\"_blank\">Reuters<\/a> viime hein\u00e4kuussa.<\/p>\n<p class=\"article-body mb-nof-24 px-nof-16\">Kaupunki on logistinen keskus. Sen l\u00e4pi kulkee rautatie sek\u00e4 t\u00e4rkeit\u00e4 teit\u00e4, esimerkiksi Donetskin ja Dnipron v\u00e4linen E50-tie.<\/p>\n<p class=\"article-body mb-nof-24 px-nof-16\">Kaupungin l\u00e4nsipuolella on Ukrainan suurin koksikivi\u00adhiilt\u00e4 tuottava kaivos. Kaivos suljettiin viime vuonna pommitusten takia, kertoi <a class=\"article-genericlink\" href=\"https:\/\/kyivindependent.com\/ukraines-largest-steelmaker-suspends-operations-at-donetsk-oblast-site\/\" rel=\"nofollow noopener\" target=\"_blank\">Kyiv Independent<\/a> joulukuussa. Koksikivihiili on kivihiilt\u00e4, joka kelpaa ter\u00e4ksen valmistukseen. Kaivos on t\u00e4rke\u00e4 Ukrainan ter\u00e4steollisuudelle.<\/p>\n<p class=\"article-body mb-nof-24 px-nof-16\">Kaupungin nimi oli vuoteen 2016 asti Krasnoarmiisk, ven\u00e4j\u00e4ksi Krasnoarmeisk. Suomeksi k\u00e4\u00e4nnettyn\u00e4 se olisi \u201dPuna-armeijala\u201d.<\/p>\n<p><img decoding=\"async\" src=\"https:\/\/www.europesays.com\/fi\/wp-content\/uploads\/2025\/10\/1759537755_746_468.jpg\" alt=\"\" class=\"_Img_1rerz_1\" style=\"aspect-ratio:1.4523449319213313\" loading=\"eager\"\/><\/p>\n<p class=\"article-picture-caption\">Kuva:\u00a0REUTERS\/Anatolii Stepanov<\/p>\n<p>Miksi Pokrovsk on t\u00e4rke\u00e4?<\/p>\n<p class=\"article-body mb-nof-24 px-nof-16\">Ven\u00e4j\u00e4 on kes\u00e4st\u00e4 2024 asti yritt\u00e4nyt saada vallattua Pokrovskin. Jos Ven\u00e4j\u00e4 saisi sen vallattua, se helpottaisi Ven\u00e4j\u00e4n etenemist\u00e4 kohti l\u00e4ntt\u00e4 Dnipropetrovskin alueelle.<\/p>\n<p class=\"article-body mb-nof-24 px-nof-16\">Pokrovsk voisi toimia my\u00f6s ponnahduslautana Donetskissa esimerkiksi pohjoiseen kohti Kramatorskia, joka on huomattavasti Pokrovskia suurempi kaupunki. Ven\u00e4j\u00e4 v\u00e4itt\u00e4\u00e4 liitt\u00e4neens\u00e4 itseens\u00e4 Donetskin, mutta se ei silti edelleenk\u00e4\u00e4n hallitse koko Donetskia.<\/p>\n<p class=\"article-body mb-nof-24 px-nof-16\">Pokrovskin kautta kulkee my\u00f6s Ukrainan huoltoreittej\u00e4. Saamalla ne katkaistua Ven\u00e4j\u00e4 voisi haitata Ukrainan sotaponnisteluja Donetskin rintamalla.<\/p>\n<p>Mik\u00e4 on rintamatilanne muualla?<\/p>\n<p class=\"article-body mb-nof-24 px-nof-16\">Ven\u00e4j\u00e4n eteneminen on hidastunut elokuusta alkaen ja hidastui edelleen syyskuun aikana, ilmenee uutistoimisto AFP:n analyysist\u00e4, jonka se on tehnyt ISW:n kokoamista aineistoista. AFP kertoi asiasta torstaina.<\/p>\n<p class=\"article-body mb-nof-24 px-nof-16\">Ven\u00e4j\u00e4 kiihdytti etenemist\u00e4\u00e4n alkuvuodesta, mutta sen vauhti n\u00e4ytt\u00e4\u00e4 hiipuvan. My\u00f6s syyskuussa Ven\u00e4j\u00e4 eteni aluksi nopeasti, mutta kuun loppuun menness\u00e4 eteneminen l\u00e4hes pys\u00e4htyi, AFP kertoo.<\/p>\n<p class=\"article-body mb-nof-24 px-nof-16\">Eniten taisteluja k\u00e4yd\u00e4\u00e4n Donetskin alueella. AFP:n mukaan Ven\u00e4j\u00e4 hallitsee noin 80:t\u00e4 prosenttia Donetskin alueesta, kun vuosi sitten se hallitsi 64:\u00e4\u00e4, mutta rintamalinjat alueella ovat olleen paljolti paikallaan pari viime viikkoa. Tosin joissakin Donetskin osissa Ven\u00e4j\u00e4 on edennyt, esimerkiksi Pokrovskissa, AFP kertoo.<\/p>\n","protected":false},"excerpt":{"rendered":"Pokrovsk on t\u00e4rke\u00e4 logistinen keskus, jota Ven\u00e4j\u00e4 on havitellut pitk\u00e4\u00e4n, mutta Putinin puheista huolimatta se ei n\u00e4yt\u00e4 olevan&hellip;\n","protected":false},"author":2,"featured_media":52586,"comment_status":"","ping_status":"","sticky":false,"template":"","format":"standard","meta":{"footnotes":""},"categories":[14],"tags":[22,23,26,27,33,31,30,17,34,24,25,28,29,15,18,21,32,19,20,56,16,59,60,61],"class_list":{"0":"post-52585","1":"post","2":"type-post","3":"status-publish","4":"format-standard","5":"has-post-thumbnail","7":"category-ulkomaat","8":"tag-breaking-news","9":"tag-breakingnews","10":"tag-featured-news","11":"tag-featurednews","12":"tag-fi","13":"tag-finland","14":"tag-finnish","15":"tag-headlines","16":"tag-ilta-sanomat","17":"tag-latest-news","18":"tag-latestnews","19":"tag-main-news","20":"tag-mainnews","21":"tag-news","22":"tag-otsikot","23":"tag-paauutiset","24":"tag-suomi","25":"tag-top-stories","26":"tag-topstories","27":"tag-ulkomaat","28":"tag-uutiset","29":"tag-world","30":"tag-world-news","31":"tag-worldnews"},"share_on_mastodon":{"url":"","error":""},"_links":{"self":[{"href":"https:\/\/www.europesays.com\/fi\/wp-json\/wp\/v2\/posts\/52585","targetHints":{"allow":["GET"]}}],"collection":[{"href":"https:\/\/www.europesays.com\/fi\/wp-json\/wp\/v2\/posts"}],"about":[{"href":"https:\/\/www.europesays.com\/fi\/wp-json\/wp\/v2\/types\/post"}],"author":[{"embeddable":true,"href":"https:\/\/www.europesays.com\/fi\/wp-json\/wp\/v2\/users\/2"}],"replies":[{"embeddable":true,"href":"https:\/\/www.europesays.com\/fi\/wp-json\/wp\/v2\/comments?post=52585"}],"version-history":[{"count":0,"href":"https:\/\/www.europesays.com\/fi\/wp-json\/wp\/v2\/posts\/52585\/revisions"}],"wp:featuredmedia":[{"embeddable":true,"href":"https:\/\/www.europesays.com\/fi\/wp-json\/wp\/v2\/media\/52586"}],"wp:attachment":[{"href":"https:\/\/www.europesays.com\/fi\/wp-json\/wp\/v2\/media?parent=52585"}],"wp:term":[{"taxonomy":"category","embeddable":true,"href":"https:\/\/www.europesays.com\/fi\/wp-json\/wp\/v2\/categories?post=52585"},{"taxonomy":"post_tag","embeddable":true,"href":"https:\/\/www.europesays.com\/fi\/wp-json\/wp\/v2\/tags?post=52585"}],"curies":[{"name":"wp","href":"https:\/\/api.w.org\/{rel}","templated":true}]}}