{"id":52587,"date":"2025-10-04T00:30:12","date_gmt":"2025-10-04T00:30:12","guid":{"rendered":"https:\/\/www.europesays.com\/fi\/52587\/"},"modified":"2025-10-04T00:30:12","modified_gmt":"2025-10-04T00:30:12","slug":"kalajoella-kadonnut-mies-on-loytynyt","status":"publish","type":"post","link":"https:\/\/www.europesays.com\/fi\/52587\/","title":{"rendered":"Kalajoella kadonnut mies on l\u00f6ytynyt"},"content":{"rendered":"<p><strong class=\"typography-bold\">Pohjois-Pohjanmaan poliisi etsi Kalajoella kadonnutta i\u00e4k\u00e4st\u00e4 muistisairasta miest\u00e4. Mies on nyt l\u00f6ytynyt.<\/strong><\/p>\n<p>Poliisi on l\u00f6yt\u00e4nyt i\u00e4kk\u00e4\u00e4n, muistisairaan henkil\u00f6n, joka katosi aiemmin t\u00e4n\u00e4\u00e4n Kalajoelta.<\/p>\n<p>Henkil\u00f6 l\u00f6ydettiin illalla 3. lokakuuta, eik\u00e4 h\u00e4nell\u00e4 ei ole v\u00e4lit\u00f6nt\u00e4 hengenvaaraa.<\/p>\n<p>Poliisi kiitt\u00e4\u00e4 kaikkia asiasta ilmoittaneita, eik\u00e4 tiedota asiasta enemp\u00e4\u00e4.<\/p>\n<p>Poliisin mukaan mies poistui kotoaan Kalajoelta t\u00e4n\u00e4\u00e4n perjantaina aamup\u00e4iv\u00e4ll\u00e4. Miehest\u00e4 tehtiin havainto Revonlahdella hieman puolenp\u00e4iv\u00e4n j\u00e4lkeen.<\/p>\n<p>Juttua muokattu kauttaaltaan 3.10. kello 22.03: Kadonnut mies on nyt l\u00f6ytynyt.<\/p>\n","protected":false},"excerpt":{"rendered":"Pohjois-Pohjanmaan poliisi etsi Kalajoella kadonnutta i\u00e4k\u00e4st\u00e4 muistisairasta miest\u00e4. Mies on nyt l\u00f6ytynyt. Poliisi on l\u00f6yt\u00e4nyt i\u00e4kk\u00e4\u00e4n, muistisairaan henkil\u00f6n,&hellip;\n","protected":false},"author":2,"featured_media":34607,"comment_status":"","ping_status":"","sticky":false,"template":"","format":"standard","meta":{"footnotes":""},"categories":[12],"tags":[22,23,26,27,33,31,30,17,24,25,28,29,15,18,21,32,19,20,16],"class_list":{"0":"post-52587","1":"post","2":"type-post","3":"status-publish","4":"format-standard","5":"has-post-thumbnail","7":"category-suomi","8":"tag-breaking-news","9":"tag-breakingnews","10":"tag-featured-news","11":"tag-featurednews","12":"tag-fi","13":"tag-finland","14":"tag-finnish","15":"tag-headlines","16":"tag-latest-news","17":"tag-latestnews","18":"tag-main-news","19":"tag-mainnews","20":"tag-news","21":"tag-otsikot","22":"tag-paauutiset","23":"tag-suomi","24":"tag-top-stories","25":"tag-topstories","26":"tag-uutiset"},"share_on_mastodon":{"url":"","error":""},"_links":{"self":[{"href":"https:\/\/www.europesays.com\/fi\/wp-json\/wp\/v2\/posts\/52587","targetHints":{"allow":["GET"]}}],"collection":[{"href":"https:\/\/www.europesays.com\/fi\/wp-json\/wp\/v2\/posts"}],"about":[{"href":"https:\/\/www.europesays.com\/fi\/wp-json\/wp\/v2\/types\/post"}],"author":[{"embeddable":true,"href":"https:\/\/www.europesays.com\/fi\/wp-json\/wp\/v2\/users\/2"}],"replies":[{"embeddable":true,"href":"https:\/\/www.europesays.com\/fi\/wp-json\/wp\/v2\/comments?post=52587"}],"version-history":[{"count":0,"href":"https:\/\/www.europesays.com\/fi\/wp-json\/wp\/v2\/posts\/52587\/revisions"}],"wp:featuredmedia":[{"embeddable":true,"href":"https:\/\/www.europesays.com\/fi\/wp-json\/wp\/v2\/media\/34607"}],"wp:attachment":[{"href":"https:\/\/www.europesays.com\/fi\/wp-json\/wp\/v2\/media?parent=52587"}],"wp:term":[{"taxonomy":"category","embeddable":true,"href":"https:\/\/www.europesays.com\/fi\/wp-json\/wp\/v2\/categories?post=52587"},{"taxonomy":"post_tag","embeddable":true,"href":"https:\/\/www.europesays.com\/fi\/wp-json\/wp\/v2\/tags?post=52587"}],"curies":[{"name":"wp","href":"https:\/\/api.w.org\/{rel}","templated":true}]}}