{"id":52588,"date":"2025-10-04T00:31:09","date_gmt":"2025-10-04T00:31:09","guid":{"rendered":"https:\/\/www.europesays.com\/fi\/52588\/"},"modified":"2025-10-04T00:31:09","modified_gmt":"2025-10-04T00:31:09","slug":"yksi-kuoli-ja-useita-loukkaantui-kolarissa-outokummussa","status":"publish","type":"post","link":"https:\/\/www.europesays.com\/fi\/52588\/","title":{"rendered":"Yksi kuoli ja useita loukkaantui kolarissa Outokummussa"},"content":{"rendered":"<p>Toisen henkil\u00f6auton kuljettajaa ep\u00e4ill\u00e4\u00e4n rattijuopumuksesta.<\/p>\n<p><img decoding=\"async\" class=\"image image-show image-preview\" src=\"https:\/\/www.europesays.com\/fi\/wp-content\/uploads\/2025\/09\/e1094c512e879619cddad58e65f3c2f3c8698f410274083cef9d8aad62eae66f.jpg\" alt=\"\"\/><img decoding=\"async\" class=\"image image-show\" src=\"https:\/\/www.europesays.com\/fi\/wp-content\/uploads\/2025\/09\/1757439609_615_e1094c512e879619cddad58e65f3c2f3c8698f410274083cef9d8aad62eae66f.jpg\" alt=\"\"\/><\/p>\n<p>Kaksi henkil\u00f6autoa kolaroi perjantaina Outokummussa. Inka Soveri<\/p>\n<p class=\"paragraph\">Yksi henkil\u00f6 on kuollut ja useita loukkaantunut Outokummussa sattuneessa kahden henkil\u00f6auton kolarissa perjantai-iltana, tiedottaa It\u00e4-Suomen poliisi.<\/p>\n<p class=\"paragraph\">Kolarissa kuollut henkil\u00f6 oli ajoneuvossa yksin. Toisen henkil\u00f6auton kuljettajaa ep\u00e4ill\u00e4\u00e4n rattijuopumuksesta, t\u00f6rke\u00e4st\u00e4 liikenneturvallisuuden vaarantamisesta ja t\u00f6rke\u00e4st\u00e4 kuolemantuottamuksesta.<\/p>\n<p class=\"paragraph\">Henkil\u00f6autossa oli kuskin lis\u00e4ksi nelj\u00e4 matkustajaa. Ensihoito toimitti henkil\u00f6t jatkohoitoon, kertoo Pohjois-Karjalan pelastuslaitos.<\/p>\n<p class=\"paragraph\">H\u00e4t\u00e4keskus sai ilmoituksen Outokummun Kuusj\u00e4rventiell\u00e4 sattuneesta liikenneonnettomuudesta perjantaina noin kello 20.<\/p>\n<p class=\"paragraph\">P\u00e4ivitetty 4.10.2025 kello 2.09: lis\u00e4tty pelastuslaitoksen tiedot.<\/p>\n","protected":false},"excerpt":{"rendered":"Toisen henkil\u00f6auton kuljettajaa ep\u00e4ill\u00e4\u00e4n rattijuopumuksesta. Kaksi henkil\u00f6autoa kolaroi perjantaina Outokummussa. Inka Soveri Yksi henkil\u00f6 on kuollut ja useita&hellip;\n","protected":false},"author":2,"featured_media":30154,"comment_status":"","ping_status":"","sticky":false,"template":"","format":"standard","meta":{"footnotes":""},"categories":[5],"tags":[35,22,23,26,27,33,31,30,17,24,25,121,28,29,15,18,21,122,54,52,32,128,19,20,16],"class_list":{"0":"post-52588","1":"post","2":"type-post","3":"status-publish","4":"format-standard","5":"has-post-thumbnail","7":"category-otsikot","8":"tag-24h","9":"tag-breaking-news","10":"tag-breakingnews","11":"tag-featured-news","12":"tag-featurednews","13":"tag-fi","14":"tag-finland","15":"tag-finnish","16":"tag-headlines","17":"tag-latest-news","18":"tag-latestnews","19":"tag-liikenne-ja-kuljetus","20":"tag-main-news","21":"tag-mainnews","22":"tag-news","23":"tag-otsikot","24":"tag-paauutiset","25":"tag-pelastaminen","26":"tag-pelastuspalvelut","27":"tag-poliisi","28":"tag-suomi","29":"tag-tieliikenne","30":"tag-top-stories","31":"tag-topstories","32":"tag-uutiset"},"share_on_mastodon":{"url":"","error":""},"_links":{"self":[{"href":"https:\/\/www.europesays.com\/fi\/wp-json\/wp\/v2\/posts\/52588","targetHints":{"allow":["GET"]}}],"collection":[{"href":"https:\/\/www.europesays.com\/fi\/wp-json\/wp\/v2\/posts"}],"about":[{"href":"https:\/\/www.europesays.com\/fi\/wp-json\/wp\/v2\/types\/post"}],"author":[{"embeddable":true,"href":"https:\/\/www.europesays.com\/fi\/wp-json\/wp\/v2\/users\/2"}],"replies":[{"embeddable":true,"href":"https:\/\/www.europesays.com\/fi\/wp-json\/wp\/v2\/comments?post=52588"}],"version-history":[{"count":0,"href":"https:\/\/www.europesays.com\/fi\/wp-json\/wp\/v2\/posts\/52588\/revisions"}],"wp:featuredmedia":[{"embeddable":true,"href":"https:\/\/www.europesays.com\/fi\/wp-json\/wp\/v2\/media\/30154"}],"wp:attachment":[{"href":"https:\/\/www.europesays.com\/fi\/wp-json\/wp\/v2\/media?parent=52588"}],"wp:term":[{"taxonomy":"category","embeddable":true,"href":"https:\/\/www.europesays.com\/fi\/wp-json\/wp\/v2\/categories?post=52588"},{"taxonomy":"post_tag","embeddable":true,"href":"https:\/\/www.europesays.com\/fi\/wp-json\/wp\/v2\/tags?post=52588"}],"curies":[{"name":"wp","href":"https:\/\/api.w.org\/{rel}","templated":true}]}}