{"id":52641,"date":"2025-10-04T03:05:07","date_gmt":"2025-10-04T03:05:07","guid":{"rendered":"https:\/\/www.europesays.com\/fi\/52641\/"},"modified":"2025-10-04T03:05:07","modified_gmt":"2025-10-04T03:05:07","slug":"munchenin-lentoasemalla-jalleen-droonihavainto-lentoliikenne-keskeytetty-uutisia-lyhyesti","status":"publish","type":"post","link":"https:\/\/www.europesays.com\/fi\/52641\/","title":{"rendered":"M\u00fcnchenin lentoasemalla j\u00e4lleen droonihavainto, lentoliikenne keskeytetty | Uutisia lyhyesti"},"content":{"rendered":"<p class=\"aw-1gybjub aw-5vja16 cmIuaG zKETg yle__article__paragraph\">Keskeytyksen arvioidaan vaikuttavan noin 6\u00a0500 matkustajaan.<\/p>\n<p><img decoding=\"async\" alt=\"Ihmisi\u00e4 makaa ilmapatjoilla lentoaseman k\u00e4yt\u00e4v\u00e4ll\u00e4, vieress\u00e4 ihmisi\u00e4 jonossa. Poliisi k\u00e4velee jonon vierell\u00e4.\" src=\"https:\/\/www.europesays.com\/fi\/wp-content\/uploads\/2025\/10\/39-153327168e073ff48b7e.jpeg\" class=\"aw-1l9m598 hKVVvP\"\/><\/p>\n<p>Avaa kuvien katselu<\/p>\n<p>Matkustajia j\u00e4i nukkumaan ilmapatjoille M\u00fcnchenin lentoasemalle sen j\u00e4lkeen, kun lentoliikenne asemalla keskeytettiin uusien droonihavaintojen takia perjantai-iltana 3. lokakuuta. Kuva: Michaela Stache \/ AFP<\/p>\n<p class=\"aw-1gybjub aw-1p7kakr cmIuaG fmSRng yle__article__paragraph\">Saksassa M\u00fcnchenin lentoasemalla on tehty j\u00e4lleen ep\u00e4ilty droonihavainto. Asiasta kertoo M\u00fcnchenin lentoasema <a class=\"aw-iao6s4 iHOxEa yle__article__link\" href=\"https:\/\/www.munich-airport.com\/press-another-drone-sighting-at-munich-airport-35720233\" role=\"link\" rel=\"nofollow noopener\" target=\"_blank\">tiedotteessa<\/a>.<\/p>\n<p class=\"aw-1gybjub aw-1p7kakr cmIuaG fmSRng yle__article__paragraph\">Poliisi kertoo uutistoimisto AFP:lle, ett\u00e4 se teki alueella kaksi vahvistettua droonihavaintoa perjantai-iltana ennen yht\u00e4toista paikallista aikaa. Havainnot tehtiin kiitoratojen l\u00e4hettyvill\u00e4.<\/p>\n<p class=\"aw-1gybjub aw-1p7kakr cmIuaG fmSRng yle__article__paragraph\">Poliisin mukaan droonit poistuivat paikalta ennen kuin ne pystyttiin tunnistamaan.<\/p>\n<p class=\"aw-1gybjub aw-1p7kakr cmIuaG fmSRng yle__article__paragraph\">Lentoaseman mukaan lentoliikenne on toistaiseksi keskeytetty varotoimenpiteen\u00e4.<\/p>\n<p class=\"aw-1gybjub aw-1p7kakr cmIuaG fmSRng yle__article__paragraph\">Keskeytyksen vuoksi yli 20 saapuvaa lentoa ohjattiin muille kentille. Lis\u00e4ksi toistakymment\u00e4 M\u00fcncheniin saapuvaa lentoa peruttiin ja l\u00e4hes 50 l\u00e4ht\u00f6\u00e4 peruttiin tai siirrettiin. Kaikkiaan keskeytyksen arvioidaan vaikuttavan noin 6\u00a0500 matkustajaan.<\/p>\n<p class=\"aw-1gybjub aw-1p7kakr cmIuaG fmSRng yle__article__paragraph\">M\u00fcnchenin lentoaseman lennot keskeytettiin droonihavaintojen vuoksi my\u00f6s perjantain vastaisena y\u00f6n\u00e4. Keskeytys vaikutti ainakin 30 lentoon, ja kolmisentuhatta matkustaa j\u00e4i jumiin lentokent\u00e4lle.<\/p>\n<p class=\"aw-1gybjub aw-1p7kakr cmIuaG fmSRng yle__article__paragraph\">Viime viikolla Tanskassa ja Norjassa suljettiin lentokenttien ilmatiloja droonihavaintojen vuoksi. Drooneja havaittiin viime viikolla my\u00f6s Saksassa, mink\u00e4 lis\u00e4ksi Ruotsissa tehtiin droonihavainto laivastotukikohdan l\u00e4hell\u00e4.<\/p>\n","protected":false},"excerpt":{"rendered":"Keskeytyksen arvioidaan vaikuttavan noin 6\u00a0500 matkustajaan. Avaa kuvien katselu Matkustajia j\u00e4i nukkumaan ilmapatjoille M\u00fcnchenin lentoasemalle sen j\u00e4lkeen, kun&hellip;\n","protected":false},"author":2,"featured_media":52642,"comment_status":"","ping_status":"","sticky":false,"template":"","format":"standard","meta":{"footnotes":"","_share_on_mastodon":"0"},"categories":[14],"tags":[22,23,26,27,33,31,30,17,24,25,1224,28,29,12498,12893,15,18,21,3911,32,19,20,56,16,59,60,61],"class_list":["post-52641","post","type-post","status-publish","format-standard","has-post-thumbnail","category-ulkomaat","tag-breaking-news","tag-breakingnews","tag-featured-news","tag-featurednews","tag-fi","tag-finland","tag-finnish","tag-headlines","tag-latest-news","tag-latestnews","tag-lentoliikenne","tag-main-news","tag-mainnews","tag-munchen","tag-munchenin-lentoasema","tag-news","tag-otsikot","tag-paauutiset","tag-saksa","tag-suomi","tag-top-stories","tag-topstories","tag-ulkomaat","tag-uutiset","tag-world","tag-world-news","tag-worldnews"],"share_on_mastodon":{"url":"","error":""},"_links":{"self":[{"href":"https:\/\/www.europesays.com\/fi\/wp-json\/wp\/v2\/posts\/52641","targetHints":{"allow":["GET"]}}],"collection":[{"href":"https:\/\/www.europesays.com\/fi\/wp-json\/wp\/v2\/posts"}],"about":[{"href":"https:\/\/www.europesays.com\/fi\/wp-json\/wp\/v2\/types\/post"}],"author":[{"embeddable":true,"href":"https:\/\/www.europesays.com\/fi\/wp-json\/wp\/v2\/users\/2"}],"replies":[{"embeddable":true,"href":"https:\/\/www.europesays.com\/fi\/wp-json\/wp\/v2\/comments?post=52641"}],"version-history":[{"count":0,"href":"https:\/\/www.europesays.com\/fi\/wp-json\/wp\/v2\/posts\/52641\/revisions"}],"wp:featuredmedia":[{"embeddable":true,"href":"https:\/\/www.europesays.com\/fi\/wp-json\/wp\/v2\/media\/52642"}],"wp:attachment":[{"href":"https:\/\/www.europesays.com\/fi\/wp-json\/wp\/v2\/media?parent=52641"}],"wp:term":[{"taxonomy":"category","embeddable":true,"href":"https:\/\/www.europesays.com\/fi\/wp-json\/wp\/v2\/categories?post=52641"},{"taxonomy":"post_tag","embeddable":true,"href":"https:\/\/www.europesays.com\/fi\/wp-json\/wp\/v2\/tags?post=52641"}],"curies":[{"name":"wp","href":"https:\/\/api.w.org\/{rel}","templated":true}]}}