{"id":52711,"date":"2025-10-04T05:41:10","date_gmt":"2025-10-04T05:41:10","guid":{"rendered":"https:\/\/www.europesays.com\/fi\/52711\/"},"modified":"2025-10-04T05:41:10","modified_gmt":"2025-10-04T05:41:10","slug":"unifil-israel-pudotti-kranaatteja-rauhanturvaajien-lahelle-libanonissa-uutisia-lyhyesti","status":"publish","type":"post","link":"https:\/\/www.europesays.com\/fi\/52711\/","title":{"rendered":"UNIFIL: Israel pudotti kranaatteja rauhan\u00adturvaajien l\u00e4helle Libanonissa | Uutisia lyhyesti"},"content":{"rendered":"<p class=\"aw-1gybjub aw-5vja16 cmIuaG zKETg yle__article__paragraph\">L\u00e4hin kranaateista r\u00e4j\u00e4hti ilmassa vain 20 metri\u00e4 rauhan\u00adturvaajien yl\u00e4puolella. Kukaan ei loukkaantunut tapauksessa.<\/p>\n<p>3.10. 18:38\u2022P\u00e4ivitetty 3.10. 18:52<\/p>\n<p class=\"aw-1gybjub aw-1p7kakr cmIuaG fmSRng yle__article__paragraph\">YK:n rauhanturvaoperaatio Libanonissa (UNIFIL) kertoo Israelin pudottaneen kranaatteja l\u00e4helle rauhanturvaajia torstaina.<\/p>\n<p class=\"aw-1gybjub aw-1p7kakr cmIuaG fmSRng yle__article__paragraph\">UNIFIL kertoo <a class=\"aw-iao6s4 iHOxEa yle__article__link\" href=\"https:\/\/x.com\/UNIFIL_\/status\/1974134433293934756\" role=\"link\" rel=\"nofollow\">viestipalvelu X:ss\u00e4<\/a>, ett\u00e4 kranaatteja pudotettiin Maroun al-Rasin alueella Etel\u00e4-Libanonissa. Rauhanturvaajat olivat paikalla yhdess\u00e4 libanonilaissotilaiden kanssa turvaamassa raunioita raivaavien siviility\u00f6ntekij\u00f6iden ty\u00f6t\u00e4.<\/p>\n<p class=\"aw-1gybjub aw-1p7kakr cmIuaG fmSRng yle__article__paragraph\">Kranaatteja pudotettiin useita, ja l\u00e4hin r\u00e4j\u00e4hti vain 20 metrin p\u00e4\u00e4ss\u00e4 rauhanturvaajien yl\u00e4puolella. Kukaan ei loukkaantunut tapahtuneessa.<\/p>\n<p class=\"aw-1gybjub aw-1p7kakr cmIuaG fmSRng yle__article__paragraph\">UNIFIL huomauttaa, ett\u00e4 Israelin toiminta on vakava rikkomus YK:n turvallisuusneuvosgton p\u00e4\u00e4t\u00f6slauselmaa 1701 vastaan.<\/p>\n<p class=\"aw-1gybjub aw-1p7kakr cmIuaG fmSRng yle__article__paragraph\">\u2013 Kehotamme Israelin puolustusvoimia (IDF) lopettamaan iskut rauhanturvaajia, siviilej\u00e4 ja libanonilaisia sotilaita vastaan tai heid\u00e4n l\u00e4heisyyteens\u00e4 sek\u00e4 sallimaan meid\u00e4n hoitaa teht\u00e4v\u00e4mme ilman h\u00e4irint\u00e4\u00e4, UNIFIL:n X:ss\u00e4 kirjoitetaan.<\/p>\n<p class=\"aw-1gybjub aw-1p7kakr cmIuaG fmSRng yle__article__paragraph\">Israel on toistuvasti tehnyt iskuja l\u00e4helle rauhanturvaajia Etel\u00e4-Libanonissa. <a class=\"aw-iao6s4 iHOxEa yle__article__link\" href=\"https:\/\/yle.fi\/a\/74-20180780\" role=\"link\" rel=\"nofollow noopener\" target=\"_blank\">Vastaavanlainen kranaatti-isku<\/a> tapahtui syyskuun alussa. Alueella toimii my\u00f6s suomalaisia rauhanturvaajia.<\/p>\n","protected":false},"excerpt":{"rendered":"L\u00e4hin kranaateista r\u00e4j\u00e4hti ilmassa vain 20 metri\u00e4 rauhan\u00adturvaajien yl\u00e4puolella. Kukaan ei loukkaantunut tapauksessa. 3.10. 18:38\u2022P\u00e4ivitetty 3.10. 18:52 YK:n&hellip;\n","protected":false},"author":2,"featured_media":74,"comment_status":"","ping_status":"","sticky":false,"template":"","format":"standard","meta":{"footnotes":""},"categories":[14],"tags":[22,23,26,27,33,31,30,17,993,992,24,25,996,3572,28,29,15,18,21,32,19,20,56,16,59,60,61],"class_list":{"0":"post-52711","1":"post","2":"type-post","3":"status-publish","4":"format-standard","5":"has-post-thumbnail","7":"category-ulkomaat","8":"tag-breaking-news","9":"tag-breakingnews","10":"tag-featured-news","11":"tag-featurednews","12":"tag-fi","13":"tag-finland","14":"tag-finnish","15":"tag-headlines","16":"tag-israel","17":"tag-lahi-ita","18":"tag-latest-news","19":"tag-latestnews","20":"tag-levottomuudet","21":"tag-libanon","22":"tag-main-news","23":"tag-mainnews","24":"tag-news","25":"tag-otsikot","26":"tag-paauutiset","27":"tag-suomi","28":"tag-top-stories","29":"tag-topstories","30":"tag-ulkomaat","31":"tag-uutiset","32":"tag-world","33":"tag-world-news","34":"tag-worldnews"},"share_on_mastodon":{"url":"","error":""},"_links":{"self":[{"href":"https:\/\/www.europesays.com\/fi\/wp-json\/wp\/v2\/posts\/52711","targetHints":{"allow":["GET"]}}],"collection":[{"href":"https:\/\/www.europesays.com\/fi\/wp-json\/wp\/v2\/posts"}],"about":[{"href":"https:\/\/www.europesays.com\/fi\/wp-json\/wp\/v2\/types\/post"}],"author":[{"embeddable":true,"href":"https:\/\/www.europesays.com\/fi\/wp-json\/wp\/v2\/users\/2"}],"replies":[{"embeddable":true,"href":"https:\/\/www.europesays.com\/fi\/wp-json\/wp\/v2\/comments?post=52711"}],"version-history":[{"count":0,"href":"https:\/\/www.europesays.com\/fi\/wp-json\/wp\/v2\/posts\/52711\/revisions"}],"wp:featuredmedia":[{"embeddable":true,"href":"https:\/\/www.europesays.com\/fi\/wp-json\/wp\/v2\/media\/74"}],"wp:attachment":[{"href":"https:\/\/www.europesays.com\/fi\/wp-json\/wp\/v2\/media?parent=52711"}],"wp:term":[{"taxonomy":"category","embeddable":true,"href":"https:\/\/www.europesays.com\/fi\/wp-json\/wp\/v2\/categories?post=52711"},{"taxonomy":"post_tag","embeddable":true,"href":"https:\/\/www.europesays.com\/fi\/wp-json\/wp\/v2\/tags?post=52711"}],"curies":[{"name":"wp","href":"https:\/\/api.w.org\/{rel}","templated":true}]}}