{"id":52737,"date":"2025-10-04T06:54:09","date_gmt":"2025-10-04T06:54:09","guid":{"rendered":"https:\/\/www.europesays.com\/fi\/52737\/"},"modified":"2025-10-04T06:54:09","modified_gmt":"2025-10-04T06:54:09","slug":"kai-suikkanen-sai-toita","status":"publish","type":"post","link":"https:\/\/www.europesays.com\/fi\/52737\/","title":{"rendered":"Kai Suikkanen sai t\u00f6it\u00e4"},"content":{"rendered":"<p>Suikkanen matkustaa Slovakiaan.<\/p>\n<p><img decoding=\"async\" class=\"image image-show image-preview\" src=\"https:\/\/www.europesays.com\/fi\/wp-content\/uploads\/2025\/10\/dba9efba44649404e122f3cdbc13582163acd8fad042e82333f4ab5272653175.jpg\" alt=\"\"\/><img decoding=\"async\" class=\"image image-show\" src=\"https:\/\/www.europesays.com\/fi\/wp-content\/uploads\/2025\/10\/1759560848_396_dba9efba44649404e122f3cdbc13582163acd8fad042e82333f4ab5272653175.jpg\" alt=\"\"\/><\/p>\n<p>Kai Suikkanen valmensi Suomessa viimeksi K\u00e4rppi\u00e4. matti raivio \/ aop<\/p>\n<p class=\"paragraph\"><a href=\"https:\/\/www.iltalehti.fi\/henkilot\/Kai Suikkanen\" class=\"article-link-person-page\" rel=\"nofollow noopener\" target=\"_blank\">Kai Suikkanen<\/a> siirtyy Slovakian liigassa pelaavan HC Presovin p\u00e4\u00e4valmentajaksi, seura tiedottaa.<\/p>\n<p class=\"paragraph\">Suikkanen, 66, korvaa pestiss\u00e4 <strong>Peteris Skudran<\/strong>, joka sai potkut. Skudran johdolla joukkue oli voittanut kauden kahdeksasta ensimm\u00e4isest\u00e4 ottelustaan vain kaksi.<\/p>\n<p class=\"paragraph\">Suomalaisvalmentajaa luonnehditaan HC Presovin tiedotteessa \u201dlegendaariseksi\u201d. H\u00e4n luotsasi TPS:n Suomen mestaruuteen kaudella 2009\u201310 ja italialaisen HC Bolzanon EBEL-liigan mestaruuteen kaudella 2017\u201318.<\/p>\n<p class=\"paragraph\">\u2013 Kai Suikkanen on valmentaja, joka osaa rakentaa voittajajoukkueen ja tuoda pelaajien parhaat puolet esiin, tiedotteessa ylistet\u00e4\u00e4n.<\/p>\n<p class=\"paragraph\">HC Presov voitti viime kaudella Slovakian kakkosliigan mestaruuden ja nousi t\u00e4ksi kaudeksi p\u00e4\u00e4sarjaan.<\/p>\n<p class=\"paragraph\">Suikkanen on valmentanut SM-liigavuosiensa j\u00e4lkeen Italiassa, It\u00e4vallassa ja Saksassa. Viime kaudella h\u00e4n ty\u00f6skenteli AlpsHL-liigaa pelaavan italialaisen Cortinan per\u00e4simess\u00e4.<\/p>\n<p><a href=\"https:\/\/www.iltalehti.fi\/telkku\/?utm_source=iltalehti.fi&amp;utm_medium=almainternal&amp;utm_campaign=urheilu_artikkelibanneri&amp;utm_content=banner_612_a\" rel=\"nofollow noopener\" target=\"_blank\"><img decoding=\"async\" src=\"https:\/\/www.europesays.com\/fi\/wp-content\/uploads\/2025\/08\/7ef604e47d46ca174b7df4149bd3557dbde56a86d520f8e1b2125548b0a2e03a.png\" alt=\"TV-ohjelmat t\u00e4n\u00e4\u00e4n, TV-opas\"\/><\/a><\/p>\n","protected":false},"excerpt":{"rendered":"Suikkanen matkustaa Slovakiaan. Kai Suikkanen valmensi Suomessa viimeksi K\u00e4rppi\u00e4. matti raivio \/ aop Kai Suikkanen siirtyy Slovakian liigassa&hellip;\n","protected":false},"author":2,"featured_media":52738,"comment_status":"","ping_status":"","sticky":false,"template":"","format":"standard","meta":{"footnotes":""},"categories":[158],"tags":[35,1144,33,31,30,1143,41,159,32,1145,860,160],"class_list":{"0":"post-52737","1":"post","2":"type-post","3":"status-publish","4":"format-standard","5":"has-post-thumbnail","7":"category-urheilu","8":"tag-24h","9":"tag-ammattilaisjaakiekko","10":"tag-fi","11":"tag-finland","12":"tag-finnish","13":"tag-jaakiekko","14":"tag-liikunta-ja-urheilu","15":"tag-sports","16":"tag-suomi","17":"tag-talviurheilu","18":"tag-tyoelama","19":"tag-urheilu"},"share_on_mastodon":{"url":"","error":""},"_links":{"self":[{"href":"https:\/\/www.europesays.com\/fi\/wp-json\/wp\/v2\/posts\/52737","targetHints":{"allow":["GET"]}}],"collection":[{"href":"https:\/\/www.europesays.com\/fi\/wp-json\/wp\/v2\/posts"}],"about":[{"href":"https:\/\/www.europesays.com\/fi\/wp-json\/wp\/v2\/types\/post"}],"author":[{"embeddable":true,"href":"https:\/\/www.europesays.com\/fi\/wp-json\/wp\/v2\/users\/2"}],"replies":[{"embeddable":true,"href":"https:\/\/www.europesays.com\/fi\/wp-json\/wp\/v2\/comments?post=52737"}],"version-history":[{"count":0,"href":"https:\/\/www.europesays.com\/fi\/wp-json\/wp\/v2\/posts\/52737\/revisions"}],"wp:featuredmedia":[{"embeddable":true,"href":"https:\/\/www.europesays.com\/fi\/wp-json\/wp\/v2\/media\/52738"}],"wp:attachment":[{"href":"https:\/\/www.europesays.com\/fi\/wp-json\/wp\/v2\/media?parent=52737"}],"wp:term":[{"taxonomy":"category","embeddable":true,"href":"https:\/\/www.europesays.com\/fi\/wp-json\/wp\/v2\/categories?post=52737"},{"taxonomy":"post_tag","embeddable":true,"href":"https:\/\/www.europesays.com\/fi\/wp-json\/wp\/v2\/tags?post=52737"}],"curies":[{"name":"wp","href":"https:\/\/api.w.org\/{rel}","templated":true}]}}