{"id":52747,"date":"2025-10-04T07:01:08","date_gmt":"2025-10-04T07:01:08","guid":{"rendered":"https:\/\/www.europesays.com\/fi\/52747\/"},"modified":"2025-10-04T07:01:08","modified_gmt":"2025-10-04T07:01:08","slug":"onko-tassa-japanin-ensimmainen-naispaaministeri","status":"publish","type":"post","link":"https:\/\/www.europesays.com\/fi\/52747\/","title":{"rendered":"Onko t\u00e4ss\u00e4 Japanin ensimm\u00e4inen naisp\u00e4\u00e4ministeri?"},"content":{"rendered":"<p>Takaichia on kutsuttu my\u00f6s Japanin Thatcheriksi.<\/p>\n<p class=\"article-body mb-nof-24 px-nof-16\">Japanissa hallitseva liberaalidemokraattinen puolue LDP on valinnut uudeksi johtajakseen kovan linjan nationalistin <a class=\"article-personlink\" href=\"https:\/\/www.is.fi\/haku\/?query=Sanae%20Takaichin\" rel=\"nofollow noopener\" target=\"_blank\">Sanae Takaichin<\/a>.<\/p>\n<p class=\"article-body mb-nof-24 px-nof-16\">Puolueen johtajasta tulee hyvin todenn\u00e4k\u00f6isesti my\u00f6s maan uusi p\u00e4\u00e4ministeri. Takaichista on n\u00e4in ollen tulossa Japanin ensimm\u00e4inen naisp\u00e4\u00e4ministeri.<\/p>\n<p class=\"article-body mb-nof-24 px-nof-16\">64-vuotias Takaichi peittosi puolueen \u00e4\u00e4nestyksess\u00e4 toisena k\u00e4rkiehdokkaana pidetyn, 44-vuotiaan maatalousministerin <a class=\"article-personlink\" href=\"https:\/\/www.is.fi\/haku\/?query=Shinjiro%20Koizumin\" rel=\"nofollow noopener\" target=\"_blank\">Shinjiro Koizumin<\/a>, joka olisi ollut maan nuorin p\u00e4\u00e4ministeri vuosikymmeniin.<\/p>\n<p class=\"article-body mb-nof-24 px-nof-16\">LDP on hallinnut Japania l\u00e4hes tauotta vuodesta 1955 l\u00e4htien. Puolueen suosio on rapautunut viime vuosina.<\/p>\n<p class=\"article-body mb-nof-24 px-nof-16\">Takaichia on kutsuttu my\u00f6s Japanin Thatcheriksi Britannian entisen konservatiivip\u00e4\u00e4ministerin <a class=\"article-personlink\" href=\"https:\/\/www.is.fi\/haku\/?query=Margaret%20Thatcherin\" rel=\"nofollow noopener\" target=\"_blank\">Margaret Thatcherin<\/a> mukaan.<\/p>\n<p><img decoding=\"async\" src=\"https:\/\/www.europesays.com\/fi\/wp-content\/uploads\/2025\/10\/1759561268_600_468.jpg\" alt=\"\" class=\"_Img_1rerz_1\" style=\"aspect-ratio:1.4988290398126465\" loading=\"eager\"\/><\/p>\n<p class=\"article-picture-caption\">Kuva:\u00a0Kim Kyung-Hoon \/ Reuters<\/p>\n","protected":false},"excerpt":{"rendered":"Takaichia on kutsuttu my\u00f6s Japanin Thatcheriksi. Japanissa hallitseva liberaalidemokraattinen puolue LDP on valinnut uudeksi johtajakseen kovan linjan nationalistin&hellip;\n","protected":false},"author":2,"featured_media":52748,"comment_status":"","ping_status":"","sticky":false,"template":"","format":"standard","meta":{"footnotes":""},"categories":[5],"tags":[22,23,26,27,33,31,30,17,34,24,25,28,29,15,18,21,32,19,20,16],"class_list":{"0":"post-52747","1":"post","2":"type-post","3":"status-publish","4":"format-standard","5":"has-post-thumbnail","7":"category-otsikot","8":"tag-breaking-news","9":"tag-breakingnews","10":"tag-featured-news","11":"tag-featurednews","12":"tag-fi","13":"tag-finland","14":"tag-finnish","15":"tag-headlines","16":"tag-ilta-sanomat","17":"tag-latest-news","18":"tag-latestnews","19":"tag-main-news","20":"tag-mainnews","21":"tag-news","22":"tag-otsikot","23":"tag-paauutiset","24":"tag-suomi","25":"tag-top-stories","26":"tag-topstories","27":"tag-uutiset"},"share_on_mastodon":{"url":"","error":""},"_links":{"self":[{"href":"https:\/\/www.europesays.com\/fi\/wp-json\/wp\/v2\/posts\/52747","targetHints":{"allow":["GET"]}}],"collection":[{"href":"https:\/\/www.europesays.com\/fi\/wp-json\/wp\/v2\/posts"}],"about":[{"href":"https:\/\/www.europesays.com\/fi\/wp-json\/wp\/v2\/types\/post"}],"author":[{"embeddable":true,"href":"https:\/\/www.europesays.com\/fi\/wp-json\/wp\/v2\/users\/2"}],"replies":[{"embeddable":true,"href":"https:\/\/www.europesays.com\/fi\/wp-json\/wp\/v2\/comments?post=52747"}],"version-history":[{"count":0,"href":"https:\/\/www.europesays.com\/fi\/wp-json\/wp\/v2\/posts\/52747\/revisions"}],"wp:featuredmedia":[{"embeddable":true,"href":"https:\/\/www.europesays.com\/fi\/wp-json\/wp\/v2\/media\/52748"}],"wp:attachment":[{"href":"https:\/\/www.europesays.com\/fi\/wp-json\/wp\/v2\/media?parent=52747"}],"wp:term":[{"taxonomy":"category","embeddable":true,"href":"https:\/\/www.europesays.com\/fi\/wp-json\/wp\/v2\/categories?post=52747"},{"taxonomy":"post_tag","embeddable":true,"href":"https:\/\/www.europesays.com\/fi\/wp-json\/wp\/v2\/tags?post=52747"}],"curies":[{"name":"wp","href":"https:\/\/api.w.org\/{rel}","templated":true}]}}