{"id":52755,"date":"2025-10-04T07:26:07","date_gmt":"2025-10-04T07:26:07","guid":{"rendered":"https:\/\/www.europesays.com\/fi\/52755\/"},"modified":"2025-10-04T07:26:07","modified_gmt":"2025-10-04T07:26:07","slug":"gazan-viranomaiset-israel-teki-yon-aikana-kymmenia-iskuja-kaistalle-trumpin-vaatimuksista-huolimatta-uutissuomalainen","status":"publish","type":"post","link":"https:\/\/www.europesays.com\/fi\/52755\/","title":{"rendered":"Gazan viranomaiset: Israel teki y\u00f6n aikana kymmeni\u00e4 iskuja kaistalle Trumpin vaatimuksista huolimatta | Uutissuomalainen"},"content":{"rendered":"<p>Gazan kaistan viranomaisten mukaan Israel jatkoi y\u00f6n yli iskujaan Gazan kaupunkiin siit\u00e4 huolimatta, ett\u00e4 Yhdysvaltain presidentti Donald Trump vaati maata lopettamaan pommitukset osana rauhansuunnitelmaansa.<\/p>\n<p>Viranomaistiedottaja Mahmud Bassal kertoi uutistoimisto AFP:lle, ett\u00e4 Israel teki Gazan kaupunkiin ja kaistan muille alueille kymmeni\u00e4 ilma- ja tykist\u00f6iskuja y\u00f6n aikana. \u00c4\u00e4rij\u00e4rjest\u00f6 Hamasin hallinnon alla toimivan pelastusviranomaisen mukaan 20 kotia tuhoutui iskuissa.<\/p>\n<p>My\u00f6h\u00e4\u00e4n perjantaina palestiinalainen \u00e4\u00e4rij\u00e4rjest\u00f6 Hamas vastasi Trumpin esitt\u00e4m\u00e4\u00e4n rauhansuunnitelmaan ja sanoi olevansa valmis v\u00e4litt\u00f6miin neuvotteluihin Gazan sodan lopettamiseksi ja panttivankien vapauttamiseksi. Asiasta kertoi Hamasin tiedottaja uutistoimisto AFP:lle.<\/p>\n","protected":false},"excerpt":{"rendered":"Gazan kaistan viranomaisten mukaan Israel jatkoi y\u00f6n yli iskujaan Gazan kaupunkiin siit\u00e4 huolimatta, ett\u00e4 Yhdysvaltain presidentti Donald Trump&hellip;\n","protected":false},"author":2,"featured_media":52756,"comment_status":"","ping_status":"","sticky":false,"template":"","format":"standard","meta":{"footnotes":""},"categories":[14],"tags":[22,23,585,26,27,33,31,30,17,24,25,803,28,29,15,18,21,142,637,144,32,19,20,56,16,638,59,60,61,143],"class_list":{"0":"post-52755","1":"post","2":"type-post","3":"status-publish","4":"format-standard","5":"has-post-thumbnail","7":"category-ulkomaat","8":"tag-breaking-news","9":"tag-breakingnews","10":"tag-donald-trump","11":"tag-featured-news","12":"tag-featurednews","13":"tag-fi","14":"tag-finland","15":"tag-finnish","16":"tag-headlines","17":"tag-latest-news","18":"tag-latestnews","19":"tag-levottomuudet-ja-sodat","20":"tag-main-news","21":"tag-mainnews","22":"tag-news","23":"tag-otsikot","24":"tag-paauutiset","25":"tag-poliitikot","26":"tag-politiikka","27":"tag-presidentti","28":"tag-suomi","29":"tag-top-stories","30":"tag-topstories","31":"tag-ulkomaat","32":"tag-uutiset","33":"tag-valtiovalta","34":"tag-world","35":"tag-world-news","36":"tag-worldnews","37":"tag-yhdysvaltain-politiikka"},"share_on_mastodon":{"url":"","error":""},"_links":{"self":[{"href":"https:\/\/www.europesays.com\/fi\/wp-json\/wp\/v2\/posts\/52755","targetHints":{"allow":["GET"]}}],"collection":[{"href":"https:\/\/www.europesays.com\/fi\/wp-json\/wp\/v2\/posts"}],"about":[{"href":"https:\/\/www.europesays.com\/fi\/wp-json\/wp\/v2\/types\/post"}],"author":[{"embeddable":true,"href":"https:\/\/www.europesays.com\/fi\/wp-json\/wp\/v2\/users\/2"}],"replies":[{"embeddable":true,"href":"https:\/\/www.europesays.com\/fi\/wp-json\/wp\/v2\/comments?post=52755"}],"version-history":[{"count":0,"href":"https:\/\/www.europesays.com\/fi\/wp-json\/wp\/v2\/posts\/52755\/revisions"}],"wp:featuredmedia":[{"embeddable":true,"href":"https:\/\/www.europesays.com\/fi\/wp-json\/wp\/v2\/media\/52756"}],"wp:attachment":[{"href":"https:\/\/www.europesays.com\/fi\/wp-json\/wp\/v2\/media?parent=52755"}],"wp:term":[{"taxonomy":"category","embeddable":true,"href":"https:\/\/www.europesays.com\/fi\/wp-json\/wp\/v2\/categories?post=52755"},{"taxonomy":"post_tag","embeddable":true,"href":"https:\/\/www.europesays.com\/fi\/wp-json\/wp\/v2\/tags?post=52755"}],"curies":[{"name":"wp","href":"https:\/\/api.w.org\/{rel}","templated":true}]}}