{"id":52757,"date":"2025-10-04T07:27:08","date_gmt":"2025-10-04T07:27:08","guid":{"rendered":"https:\/\/www.europesays.com\/fi\/52757\/"},"modified":"2025-10-04T07:27:08","modified_gmt":"2025-10-04T07:27:08","slug":"rivitalon-kaksi-asuntoa-tuhoutui-taysin-tulipalossa-torniossa-epaillaan-syttyneen-ihmisen-toiminnasta","status":"publish","type":"post","link":"https:\/\/www.europesays.com\/fi\/52757\/","title":{"rendered":"Rivitalon kaksi asuntoa tuhoutui t\u00e4ysin tulipalossa Torniossa \u2013 ep\u00e4ill\u00e4\u00e4n syttyneen &#8221;ihmisen toiminnasta&#8221;"},"content":{"rendered":"<p>\n Torniossa kaksi asuntoa tuhoutui l\u00e4hes kokonaan rivitalon tulipalossa lauantain vastaisena y\u00f6n\u00e4, kertoo Lapin pelastuslaitos.\n <\/p>\n<p>\n P\u00e4ivyst\u00e4v\u00e4 palomestari Lauri Manninen kertoo, ett\u00e4 koko 15 asunnon rivitalo evakuoitiin asukkaista.\n <\/p>\n<p class=\"article__paragraph\">\n Kahdessa tuhoutuneessa asunnossa oli kummassakin yksi henkil\u00f6, jotka molemmat toimitettiin jatkohoitoon sairaalaan.\n <\/p>\n<p class=\"article__paragraph\">\n Lis\u00e4ksi kaksi asuntoa k\u00e4rsi merkitt\u00e4vi\u00e4 savuvahinkoja, ja talon rakenteita piti purkaa sammutust\u00f6iss\u00e4. Palo uhkasi levit\u00e4 my\u00f6s muihin huoneistoihin.\n <\/p>\n<p> <img decoding=\"async\" class=\"responsive-image article__image-image lozad\"   src=\"https:\/\/www.europesays.com\/fi\/wp-content\/uploads\/2025\/10\/-iRSKSwYVV2y07vcyG6wEfJYbzVrrbmuEdGme29Y7aEoaJYNV-FoPuZAORLBXKbrCrG9tYmtYQE370gmboOWeI4QSov8MKBKZwRJ.jpeg\" alt=\"-\"\/><\/p>\n<p class=\"article__paragraph\">\n Manninen kertoo, ett\u00e4 sammutusty\u00f6n alussa pelastuslaitos sai apua paikalliselta vapaapalokunnalta, koska h\u00e4lytyksen tullessa pelastuslaitoksella oli Kemiss\u00e4 meneill\u00e4\u00e4n toinen sammutusteht\u00e4v\u00e4.<\/p>\n","protected":false},"excerpt":{"rendered":"Torniossa kaksi asuntoa tuhoutui l\u00e4hes kokonaan rivitalon tulipalossa lauantain vastaisena y\u00f6n\u00e4, kertoo Lapin pelastuslaitos. P\u00e4ivyst\u00e4v\u00e4 palomestari Lauri Manninen&hellip;\n","protected":false},"author":2,"featured_media":52758,"comment_status":"","ping_status":"","sticky":false,"template":"","format":"standard","meta":{"footnotes":""},"categories":[12],"tags":[22,23,26,27,33,31,30,17,24,25,28,29,15,18,21,32,19,20,16],"class_list":{"0":"post-52757","1":"post","2":"type-post","3":"status-publish","4":"format-standard","5":"has-post-thumbnail","7":"category-suomi","8":"tag-breaking-news","9":"tag-breakingnews","10":"tag-featured-news","11":"tag-featurednews","12":"tag-fi","13":"tag-finland","14":"tag-finnish","15":"tag-headlines","16":"tag-latest-news","17":"tag-latestnews","18":"tag-main-news","19":"tag-mainnews","20":"tag-news","21":"tag-otsikot","22":"tag-paauutiset","23":"tag-suomi","24":"tag-top-stories","25":"tag-topstories","26":"tag-uutiset"},"share_on_mastodon":{"url":"","error":""},"_links":{"self":[{"href":"https:\/\/www.europesays.com\/fi\/wp-json\/wp\/v2\/posts\/52757","targetHints":{"allow":["GET"]}}],"collection":[{"href":"https:\/\/www.europesays.com\/fi\/wp-json\/wp\/v2\/posts"}],"about":[{"href":"https:\/\/www.europesays.com\/fi\/wp-json\/wp\/v2\/types\/post"}],"author":[{"embeddable":true,"href":"https:\/\/www.europesays.com\/fi\/wp-json\/wp\/v2\/users\/2"}],"replies":[{"embeddable":true,"href":"https:\/\/www.europesays.com\/fi\/wp-json\/wp\/v2\/comments?post=52757"}],"version-history":[{"count":0,"href":"https:\/\/www.europesays.com\/fi\/wp-json\/wp\/v2\/posts\/52757\/revisions"}],"wp:featuredmedia":[{"embeddable":true,"href":"https:\/\/www.europesays.com\/fi\/wp-json\/wp\/v2\/media\/52758"}],"wp:attachment":[{"href":"https:\/\/www.europesays.com\/fi\/wp-json\/wp\/v2\/media?parent=52757"}],"wp:term":[{"taxonomy":"category","embeddable":true,"href":"https:\/\/www.europesays.com\/fi\/wp-json\/wp\/v2\/categories?post=52757"},{"taxonomy":"post_tag","embeddable":true,"href":"https:\/\/www.europesays.com\/fi\/wp-json\/wp\/v2\/tags?post=52757"}],"curies":[{"name":"wp","href":"https:\/\/api.w.org\/{rel}","templated":true}]}}