{"id":52781,"date":"2025-10-04T08:19:07","date_gmt":"2025-10-04T08:19:07","guid":{"rendered":"https:\/\/www.europesays.com\/fi\/52781\/"},"modified":"2025-10-04T08:19:07","modified_gmt":"2025-10-04T08:19:07","slug":"raju-sanasota-puhkesi-vilpilliset-firmat-vievat-urakat","status":"publish","type":"post","link":"https:\/\/www.europesays.com\/fi\/52781\/","title":{"rendered":"Raju sanasota puhkesi: \u201dVilpilliset firmat viev\u00e4t urakat\u201d"},"content":{"rendered":"<p>Ulkomaalaisten ty\u00f6ntekij\u00f6iden hyv\u00e4ksik\u00e4ytt\u00f6 nosti tapetille ammattiliittojen kanneoikeuden. SDP:n ja kokoomuksen varapuheenjohtajat mittelev\u00e4t asiasta.<\/p>\n<p class=\"paragraph\">SDP:n varapuheenjohtaja <a href=\"https:\/\/www.iltalehti.fi\/henkilot\/Matias M\u00e4kynen\" class=\"article-link-person-page\" rel=\"nofollow noopener\" target=\"_blank\">Matias M\u00e4kynen<\/a> syytt\u00e4\u00e4 kovin sanoin p\u00e4\u00e4hallituspuolue kokoomusta.<\/p>\n<p class=\"paragraph\">M\u00e4kynen sanoo kokoomuksen seuraavan \u201dtoimettomana vierest\u00e4, kun vilpilliset firmat viev\u00e4t urakat rehellisten nen\u00e4n edest\u00e4\u201d.<\/p>\n<p class=\"paragraph\">M\u00e4kysen tiedotteen taustalla on Suomessa j\u00e4lleen k\u00e4ynnistynyt keskustelu ty\u00f6per\u00e4isest\u00e4 hyv\u00e4ksik\u00e4yt\u00f6st\u00e4 ja alipalkkauksesta. Ulkomaalaisten ty\u00f6ntekij\u00f6iden hyv\u00e4ksik\u00e4ytt\u00f6 on ilmi\u00f6, jota n\u00e4kyy esimerkiksi ravintola-, siivous-, maatalous- ja rakennusaloilla.<\/p>\n<p class=\"paragraph\">M\u00e4kynen ihmettelee, ettei kokoomus edist\u00e4 alipalkkauksen kriminalisointia tai j\u00e4rjest\u00f6jen kanneoikeutta. Kanneoikeuden avulla ammattiliitot voisivat puuttua ty\u00f6ntekij\u00f6iden ongelmiin n\u00e4iden puolesta.<\/p>\n<p>\u201dEi tapahdu hetkess\u00e4\u201d<\/p>\n<p class=\"paragraph\">M\u00e4kynen vastaa my\u00f6s kokoomuksen varapuheenjohtajalle <a href=\"https:\/\/www.iltalehti.fi\/henkilot\/Karoliina Partanen\" class=\"article-link-person-page\" rel=\"nofollow noopener\" target=\"_blank\">Karoliina Partaselle<\/a>, jonka mielest\u00e4 SDP hakee helppoja ratkaisuja.<\/p>\n<p class=\"paragraph\">Partanen torjuu SDP:n vaatimukset alipalkkauksen kriminalisoinnista ja ay-liikkeen kanneoikeudesta. H\u00e4nen mukaansa kyse on n\u00e4enn\u00e4istoimista, jotka eiv\u00e4t aidosti ratkaisisi ongelmaa.<\/p>\n<p class=\"paragraph\">\u2013 SDP:n esitykset kuulostavat helpoilta ratkaisuilta, mutta eiv\u00e4t pureudu hyv\u00e4ksik\u00e4yt\u00f6n juurisyihin. T\u00e4m\u00e4 todettiin jo Marinin hallituksen selvityksess\u00e4: rikoslaki suojaa alipalkkaustilanteissa jo nykyisin. Kriminalisoinnin vaatiminen on enemm\u00e4n poliittista symboliikkaa kuin todellista ongelmanratkaisua, Partanen painottaa tiedotteessaan.<\/p>\n<p class=\"paragraph\">\u2013 Hyv\u00e4ksik\u00e4ytt\u00f6\u00e4 on kitkett\u00e4v\u00e4 m\u00e4\u00e4r\u00e4tietoisesti, mutta se ei tapahdu hetkess\u00e4 eik\u00e4 yksinkertaisin tempuin. Tarvitaan pitk\u00e4j\u00e4nteist\u00e4 ty\u00f6t\u00e4 ja kovia keinoja, h\u00e4n jatkaa.<\/p>\n<p class=\"paragraph\">Partanen toteaa, ett\u00e4, ett\u00e4 hallitus on tarttunut asiaan laajalla ohjelmalla ja asiantuntijoiden suositusten pohjalta.<\/p>\n<p class=\"paragraph\">\u2013 Hallitus tehostaa viranomaisten valvontaa ja tiedonvaihtoa, lis\u00e4\u00e4 oikeuslaitoksen resursseja ja kirist\u00e4\u00e4 rangaistuksia. Merkitt\u00e4v\u00e4n\u00e4 toimena kiskonta ty\u00f6el\u00e4m\u00e4ss\u00e4 s\u00e4\u00e4det\u00e4\u00e4n rangaistavaksi siten, ett\u00e4 t\u00f6rke\u00e4st\u00e4 tekomuodosta seuraa aina vankeusrangaistus. T\u00e4m\u00e4 on todellinen pelote hyv\u00e4ksik\u00e4ytt\u00e4jille.<\/p>\n<p>\u201dOn mysteeri\u201d<\/p>\n<p class=\"paragraph\">M\u00e4kynen muistuttelee puolestaan kokoomusta p\u00e4\u00e4ministeripuolueen vastuusta.<\/p>\n<p class=\"paragraph\">\u2013 Vahvistakaa harmaan talouden valvontaa. Koventakaa rangaistuksia niille yritykselle, jotka riist\u00e4v\u00e4t ty\u00f6ntekij\u00f6it\u00e4 esimerkiksi varastamalla osan n\u00e4iden palkasta tai teett\u00e4m\u00e4ll\u00e4 kohtuuttomia ty\u00f6p\u00e4ivi\u00e4. Perukaa j\u00e4rjest\u00e4ytyneille ty\u00f6ntekij\u00f6ille asettamanne verosanktio. N\u00e4ill\u00e4 p\u00e4\u00e4see jo hyvin alkuun, M\u00e4kynen sanoo tiedotteessa.<\/p>\n<p>SDP:n varapuheenjohtaja Matias M\u00e4kynen sanoo pit\u00e4v\u00e4ns\u00e4 kokoomuksen toimintaa mysteerin\u00e4. Pasi Liesimaa<\/p>\n<p class=\"paragraph\">\u2013 Partasen pit\u00e4isi esimerkiksi tiet\u00e4\u00e4, miten kanneoikeus vahvistaisi ty\u00f6el\u00e4m\u00e4rikosten selvittely\u00e4 tilanteissa, joissa yksitt\u00e4inen henkil\u00f6 ei pysty tai uskalla ajaa omia oikeuksiaan rikollisesti toiminutta yrityst\u00e4 vastaan. On mysteeri, miksi kokoomus antaa vilunkifirmojen jatkaa toimintaansa rehellisten yritt\u00e4jien ja ty\u00f6ntekij\u00f6iden kustannuksella, M\u00e4kynen jatkaa.<\/p>\n<p>Hallituksessa ristiriitaa<\/p>\n<p class=\"paragraph\">SDP on singonnut eilen ja t\u00e4n\u00e4\u00e4n aamulla roppakaupalla tiedotteita asiasta julkisuuteen. Monissa tiedotteissa on vaadittu muun muassa kanneoikeutta ty\u00f6ntekij\u00e4j\u00e4rjest\u00f6ille.<\/p>\n<p class=\"paragraph\">SDP pyrkii my\u00f6s ly\u00f6m\u00e4\u00e4n kiilaa hallituspuolueiden kokoomuksen ja perussuomalaisten v\u00e4liin.<\/p>\n<p class=\"paragraph\"><a href=\"https:\/\/www.ess.fi\/uutissuomalainen\/8893184\" target=\"_blank\" rel=\"noopener nofollow\">STT uutisoi perjantaina<\/a>, ett\u00e4 perussuomalaiset ovat kev\u00e4\u00e4ll\u00e4 puoliv\u00e4liriihen neuvotteluiden aikaan esitt\u00e4neet tiukempaa puuttumista ty\u00f6per\u00e4iseen hyv\u00e4ksik\u00e4ytt\u00f6\u00f6n, mutta kokoomus ei ole suostunut neuvottelemaan t\u00e4st\u00e4. STT:n mukaan perussuomalaiset kannattivat muun muassa ammattiliitojen kanneoikeutta. Kokoomus puolestaan ei tunnista asian olleen kev\u00e4\u00e4ll\u00e4 k\u00e4sittelyss\u00e4.<\/p>\n<p class=\"paragraph\">SDP:n kansanedustaja <a href=\"https:\/\/www.iltalehti.fi\/henkilot\/Juha Viitala\" class=\"article-link-person-page\" rel=\"nofollow noopener\" target=\"_blank\">Juha Viitala<\/a> kummastelee tiedotteessaan sit\u00e4, ettei perussuomalaiset saaneet kanneoikeutta etenem\u00e4\u00e4n.<\/p>\n<p class=\"paragraph\">Perussuomalaisia edustava oikeusministeri <a href=\"https:\/\/www.iltalehti.fi\/henkilot\/Leena Meri\" class=\"article-link-person-page\" rel=\"nofollow noopener\" target=\"_blank\">Leena Meri<\/a> kertoi <a href=\"https:\/\/www.iltalehti.fi\/politiikka\/e9e50b85-a0be-4fe6-878d-87346d4954ab\" rel=\"nofollow noopener\" target=\"_blank\">Iltalehden haastattelussa<\/a> kannattavansa kanneoikeutta.<\/p>\n<p class=\"paragraph\">SDP:n kansanedustaja <a href=\"https:\/\/www.iltalehti.fi\/henkilot\/Timo Suhonen\" class=\"article-link-person-page\" rel=\"nofollow noopener\" target=\"_blank\">Timo Suhonen<\/a> sanoo lauantaiaamun tiedotteessaan,. ett\u00e4 perussuomalaiset oli ennen vaaleja Ammattiliittojen <a href=\"https:\/\/vaalistaja.fi\/kanneoikeus-ammattiliitoille-ja-tyomarkkinarikollisuus-kuriin-katso-mita-mielta-puolueet-ovat\/\" target=\"_blank\" rel=\"noopener nofollow\">Vaalistaja-kyselyss\u00e4<\/a> todennut, ett\u00e4 \u201dammattiliittojen ja osastojen kanneoikeus on ainoa tie, jolla estet\u00e4\u00e4n ulkolaisen halpaty\u00f6voiman k\u00e4ytt\u00f6 yrityksiss\u00e4\u201d.<\/p>\n<p class=\"paragraph\">\u2013 Nyt hallituksessa takki on k\u00e4\u00e4ntynyt j\u00e4lleen, ja oikeusministeri Leena Meri puhuu kyll\u00e4 kauniisti, mutta konkreettiset teot ty\u00f6ntekij\u00f6iden oikeuksien eteen puuttuvat, Suhonen ry\u00f6pytt\u00e4\u00e4.<\/p>\n<p>Orpolta vaaditaan vastausta<\/p>\n<p class=\"paragraph\">Vasemmistoliiton puheenjohtaja <a href=\"https:\/\/www.iltalehti.fi\/henkilot\/Minja Koskela\" class=\"article-link-person-page\" rel=\"nofollow noopener\" target=\"_blank\">Minja Koskela<\/a> puolestaan on vaatinut my\u00f6s p\u00e4\u00e4ministeri <a href=\"https:\/\/www.iltalehti.fi\/henkilot\/Petteri Orpo\" class=\"article-link-person-page\" rel=\"nofollow noopener\" target=\"_blank\">Petteri Orpolta<\/a> vastausta ammattiliittojen kanneoikeuteen.<\/p>\n<p>Vasemmistoliiton puheenjohtaja Minja Koskela. KIMMO HAAPALA<\/p>\n<p class=\"paragraph\">\u2013 Mik\u00e4li lakia ei saada vastuuministerin kannatuksesta huolimatta s\u00e4\u00e4detty\u00e4, her\u00e4tt\u00e4\u00e4 se kysymyksen siit\u00e4 mink\u00e4laisia toimijoita p\u00e4\u00e4hallituspuolue kokoomus oikein suojelee, Koskela sanoo tiedotteessaan vastuuministeri Leena Meren n\u00e4kemykseen viitaten.<\/p>\n<p class=\"paragraph\">SDP on pen\u00e4nnyt vastauksia harmaan talouden torjuntaan my\u00f6s ty\u00f6ministeri <a href=\"https:\/\/www.iltalehti.fi\/henkilot\/Matias Marttinen\" class=\"article-link-person-page\" rel=\"nofollow noopener\" target=\"_blank\">Matias Marttiselta<\/a> (kok), joka esiintyy lauantaina aamup\u00e4iv\u00e4ll\u00e4 TV 1:ll\u00e4 Ylen Ykk\u00f6saamussa<\/p>\n<p>Ty\u00f6ministeri Matias Marttinen (kok) painottaa, ett\u00e4 Suomessa on maksettava sopimuksen mukaista palkkaa. TIINA SOMERPURO\n<\/p>\n<p class=\"paragraph\">\u2013 On ehdotonta, ett\u00e4 lakia ja ty\u00f6ehtosopimuksia pit\u00e4\u00e4 Suomessa noudattaa, ja ett\u00e4 jokaiselle maksetaan sopimuksen mukaista palkkaa riippumatta teht\u00e4v\u00e4st\u00e4 tai kansalaisuudesta, Marttinen <a href=\"https:\/\/yle.fi\/a\/74-20185333\" target=\"_blank\" rel=\"noopener nofollow\">on paaluttanut<\/a> aiemmin.<\/p>\n<p>\u201dKanneoikeus ei ratkaisu\u201d<\/p>\n<p class=\"paragraph\">Suomen Yritt\u00e4j\u00e4t on todennut omassa tiedotteessaan, ett\u00e4 ty\u00f6ntekij\u00f6iden hyv\u00e4ksik\u00e4ytt\u00f6\u00f6n on puututtava mutta kanneoikeus ei ole ratkaisu.<\/p>\n<p class=\"paragraph\">Suomen Yritt\u00e4jien mukaan my\u00f6sk\u00e4\u00e4n alipalkkauksen kriminalisointi ei olisi mahdollista ilman minipalkkalakia. SAK on asiasta toista mielt\u00e4.<\/p>\n<p class=\"paragraph\">Suomen Yritt\u00e4j\u00e4t muistuttaa, ett\u00e4 ammattiliitot voivat jo nykyisin avustaa ty\u00f6ntekij\u00f6it\u00e4 oikeusprosesseissa ty\u00f6ntekij\u00e4n suostumuksella.<\/p>\n<p class=\"paragraph\">\u2013 Erillinen kanneoikeus ei ole tarpeellinen, eik\u00e4 ole perusteltua, ett\u00e4 ammattiliitot voisivat nostaa kanteita ty\u00f6ntekij\u00e4n tahdon vastaisesti, johtaja <strong>Atte Rytk\u00f6nen-Sandberg<\/strong> Suomen\u00a0Yritt\u00e4jist\u00e4 sanoo tiedotteessa.<\/p>\n<p class=\"paragraph\">J\u00e4rjest\u00f6 muistuttaa my\u00f6s, ett\u00e4 pelkk\u00e4 rikoss\u00e4\u00e4ntelyn kehitt\u00e4minen ei riit\u00e4, vaan tarvitaan my\u00f6s riitt\u00e4v\u00e4\u00e4 viranomaisresursointia valvontaan ja neuvontaan, selke\u00e4\u00e4 ja ymm\u00e4rrett\u00e4v\u00e4\u00e4 ty\u00f6lains\u00e4\u00e4d\u00e4nt\u00f6\u00e4, tiedon jakamista erityisesti heikossa asemassa oleville ty\u00f6ntekij\u00f6ille ja ty\u00f6nantajille sek\u00e4 reilun kilpailun varmistamista.<\/p>\n<p>EK:n Ilkka Oksala ei halua ammattiyhdistysliikkeelle kanneoikeutta. Inka Soveri<\/p>\n<p class=\"paragraph\">Johtaja <strong>Ilkka Oksala<\/strong> Elinkeinoel\u00e4m\u00e4n keskusliitosta n\u00e4kee my\u00f6s omassa tiedotteessaan, ettei ammattiyhdistysliikkeelle ei pid\u00e4 antaa kanneoikeutta.<\/p>\n<p class=\"paragraph\">H\u00e4n toteaa, ett\u00e4 ty\u00f6ntekij\u00e4liitto voi jo nyky\u00e4\u00e4n ajaa kannetta ty\u00f6ntekij\u00f6iden puolesta valtuutuksen perusteella ja ottaa oikeudenk\u00e4yntikulut vastuulleen.<\/p>\n<p class=\"paragraph\">\u2013 Meill\u00e4 on ty\u00f6el\u00e4m\u00e4ss\u00e4 tapahtuvaa hyv\u00e4ksik\u00e4yt\u00f6n ja kiskonnan tutkimista ja syytt\u00e4mist\u00e4 varten viranomaiset, jotka toimivat virkavastuulla. Heid\u00e4n toimintaedellytyksi\u00e4ns\u00e4 on syyt\u00e4 tukea niin lis\u00e4resurssein kuin my\u00f6s sellaisin lakimuutoksin, jotka parantavat heid\u00e4n mahdollisuuksiaan tehokkaasti toimia v\u00e4\u00e4rink\u00e4yt\u00f6ksi\u00e4 vastaan, Oksala sanoo.<\/p>\n","protected":false},"excerpt":{"rendered":"Ulkomaalaisten ty\u00f6ntekij\u00f6iden hyv\u00e4ksik\u00e4ytt\u00f6 nosti tapetille ammattiliittojen kanneoikeuden. SDP:n ja kokoomuksen varapuheenjohtajat mittelev\u00e4t asiasta. SDP:n varapuheenjohtaja Matias M\u00e4kynen syytt\u00e4\u00e4&hellip;\n","protected":false},"author":2,"featured_media":52782,"comment_status":"","ping_status":"","sticky":false,"template":"","format":"standard","meta":{"footnotes":""},"categories":[12],"tags":[35,22,23,26,27,33,31,30,17,24,25,28,29,15,18,21,637,32,19,20,860,862,5633,3512,16],"class_list":{"0":"post-52781","1":"post","2":"type-post","3":"status-publish","4":"format-standard","5":"has-post-thumbnail","7":"category-suomi","8":"tag-24h","9":"tag-breaking-news","10":"tag-breakingnews","11":"tag-featured-news","12":"tag-featurednews","13":"tag-fi","14":"tag-finland","15":"tag-finnish","16":"tag-headlines","17":"tag-latest-news","18":"tag-latestnews","19":"tag-main-news","20":"tag-mainnews","21":"tag-news","22":"tag-otsikot","23":"tag-paauutiset","24":"tag-politiikka","25":"tag-suomi","26":"tag-top-stories","27":"tag-topstories","28":"tag-tyoelama","29":"tag-tyollisyys","30":"tag-tyomarkkinapolitiikka","31":"tag-tyontekijat","32":"tag-uutiset"},"share_on_mastodon":{"url":"","error":""},"_links":{"self":[{"href":"https:\/\/www.europesays.com\/fi\/wp-json\/wp\/v2\/posts\/52781","targetHints":{"allow":["GET"]}}],"collection":[{"href":"https:\/\/www.europesays.com\/fi\/wp-json\/wp\/v2\/posts"}],"about":[{"href":"https:\/\/www.europesays.com\/fi\/wp-json\/wp\/v2\/types\/post"}],"author":[{"embeddable":true,"href":"https:\/\/www.europesays.com\/fi\/wp-json\/wp\/v2\/users\/2"}],"replies":[{"embeddable":true,"href":"https:\/\/www.europesays.com\/fi\/wp-json\/wp\/v2\/comments?post=52781"}],"version-history":[{"count":0,"href":"https:\/\/www.europesays.com\/fi\/wp-json\/wp\/v2\/posts\/52781\/revisions"}],"wp:featuredmedia":[{"embeddable":true,"href":"https:\/\/www.europesays.com\/fi\/wp-json\/wp\/v2\/media\/52782"}],"wp:attachment":[{"href":"https:\/\/www.europesays.com\/fi\/wp-json\/wp\/v2\/media?parent=52781"}],"wp:term":[{"taxonomy":"category","embeddable":true,"href":"https:\/\/www.europesays.com\/fi\/wp-json\/wp\/v2\/categories?post=52781"},{"taxonomy":"post_tag","embeddable":true,"href":"https:\/\/www.europesays.com\/fi\/wp-json\/wp\/v2\/tags?post=52781"}],"curies":[{"name":"wp","href":"https:\/\/api.w.org\/{rel}","templated":true}]}}