{"id":52903,"date":"2025-10-04T12:34:07","date_gmt":"2025-10-04T12:34:07","guid":{"rendered":"https:\/\/www.europesays.com\/fi\/52903\/"},"modified":"2025-10-04T12:34:07","modified_gmt":"2025-10-04T12:34:07","slug":"kalpa-kohtaa-tanaan-hifkin-katso-illan-kokoonpano-tasta-urheilu-savon-sanomat","status":"publish","type":"post","link":"https:\/\/www.europesays.com\/fi\/52903\/","title":{"rendered":"KalPa kohtaa t\u00e4n\u00e4\u00e4n HIFKin \u2013 katso illan kokoonpano t\u00e4st\u00e4 | Urheilu &#8211; Savon Sanomat"},"content":{"rendered":"<ol>\n<li><a href=\"https:\/\/news.google.com\/rss\/articles\/CBMiVkFVX3lxTE9IN093b1FNc1ZPRHNKcHY3SDNYVzBOQXJ1UUZ1Rm9rQzFqOHJXSUluM1ZBRGRvUlBBQnljWXBKRTdqc1RteXNvcnVtWkdsSUpvUlctcFhR?oc=5\" target=\"_blank\" rel=\"nofollow noopener\">KalPa kohtaa t\u00e4n\u00e4\u00e4n HIFKin \u2013 katso illan kokoonpano t\u00e4st\u00e4 | Urheilu<\/a>&nbsp;&nbsp;Savon Sanomat<\/li>\n<li><a href=\"https:\/\/news.google.com\/rss\/articles\/CBMiZEFVX3lxTE1kQzJuWmhkS040bXpCWFJqVmw5UE44XzlZZ2pyOGgtZlliUmVaXzl1ZkgycnVRUGE1RWRwaGM2eC1JeS1EeVNyNDJTSE1fYm93MmdPVnVSbXNGMnMzdDhMaTNEYVU?oc=5\" target=\"_blank\" rel=\"nofollow noopener\">Viikko pakettiin Kuopiossa<\/a>&nbsp;&nbsp;HIFK<\/li>\n<li><a href=\"https:\/\/news.google.com\/rss\/articles\/CBMijAFBVV95cUxPM3JDZzFMSTBYUmlzQjAzS1p2aWF3WFR1a3lnOXFrVWxZUGxxc2FKT3hSZFhQQU1vRDFuY2phU3dMWUFzWDExMWVWSGVPN1FNbnE2Wmd1T0d2YnJKLTZQamlsRTctbnlXOGRzS1pSeTF6dkZ5a1hycFUyd1JrdHdWQW1ZQ1JrOUhfZUFKSg?oc=5\" target=\"_blank\" rel=\"nofollow noopener\">\ud83c\uddeb\ud83c\uddee KalPa \u2013 HIFK 4.10.2025 | Katso vetovihje &amp; kertoimet<\/a>&nbsp;&nbsp;Uhmapelaajat<\/li>\n<li><a href=\"https:\/\/news.google.com\/rss\/articles\/CBMingFBVV95cUxORUNFbHh1WURWSkN1Q211M1lNSTdZcVVPTmQ1ZGJCMGdHTHdxSFhyR2pJQ0h5T1hpM25KN1VUMG9GQ1JHd2RMM1JubUVGY3BoQzdPM0ItWFllZ3JySGI5S3oxQlRScTVSM2R3TENXcGtKQVZlR0h3R3lHRWZGYjgtOUJ2OUo3RmtvYU8xSVVaaUUyQkczN0lBa3NWdWYwZw?oc=5\" target=\"_blank\" rel=\"nofollow noopener\">Ennakko: HIFK vierailee Olvi Areenan lauantaisaunassa<\/a>&nbsp;&nbsp;KalPa<\/li>\n<li><a href=\"https:\/\/news.google.com\/rss\/articles\/CBMiiwFBVV95cUxPOUNrVnJUMHZzaUY1Mlc4NjNqWVlHQmpMeDJUaFpqRzlkUl9IbjVvZlM4U0NELVdRYXlqc05vN0ZwNUc2VDBKWWx6WjZ6ZmstbHdFZWRXejF0cGJVVVBVZXpJZm5sYzcwcGRRVldySERabC10dGFZbGNwQUZPa0V3bGd4enFxT3JDX2Nz?oc=5\" target=\"_blank\" rel=\"nofollow noopener\">Liiga: KalPa &#8211; HIFK 4.10.2025 &#8211; Vihje &amp; kertoimet<\/a>&nbsp;&nbsp;Vedonlyonti.com<\/li>\n<\/ol>\n","protected":false},"excerpt":{"rendered":"KalPa kohtaa t\u00e4n\u00e4\u00e4n HIFKin \u2013 katso illan kokoonpano t\u00e4st\u00e4 | Urheilu&nbsp;&nbsp;Savon Sanomat Viikko pakettiin Kuopiossa&nbsp;&nbsp;HIFK \ud83c\uddeb\ud83c\uddee KalPa \u2013&hellip;\n","protected":false},"author":2,"featured_media":52904,"comment_status":"","ping_status":"","sticky":false,"template":"","format":"standard","meta":{"footnotes":""},"categories":[158],"tags":[33,31,30,7525,1143,3822,2935,41,1146,159,32,1145,160],"class_list":{"0":"post-52903","1":"post","2":"type-post","3":"status-publish","4":"format-standard","5":"has-post-thumbnail","7":"category-urheilu","8":"tag-fi","9":"tag-finland","10":"tag-finnish","11":"tag-hifk","12":"tag-jaakiekko","13":"tag-jyp","14":"tag-kalpa","15":"tag-liikunta-ja-urheilu","16":"tag-miesten-jaakiekko","17":"tag-sports","18":"tag-suomi","19":"tag-talviurheilu","20":"tag-urheilu"},"share_on_mastodon":{"url":"","error":""},"_links":{"self":[{"href":"https:\/\/www.europesays.com\/fi\/wp-json\/wp\/v2\/posts\/52903","targetHints":{"allow":["GET"]}}],"collection":[{"href":"https:\/\/www.europesays.com\/fi\/wp-json\/wp\/v2\/posts"}],"about":[{"href":"https:\/\/www.europesays.com\/fi\/wp-json\/wp\/v2\/types\/post"}],"author":[{"embeddable":true,"href":"https:\/\/www.europesays.com\/fi\/wp-json\/wp\/v2\/users\/2"}],"replies":[{"embeddable":true,"href":"https:\/\/www.europesays.com\/fi\/wp-json\/wp\/v2\/comments?post=52903"}],"version-history":[{"count":0,"href":"https:\/\/www.europesays.com\/fi\/wp-json\/wp\/v2\/posts\/52903\/revisions"}],"wp:featuredmedia":[{"embeddable":true,"href":"https:\/\/www.europesays.com\/fi\/wp-json\/wp\/v2\/media\/52904"}],"wp:attachment":[{"href":"https:\/\/www.europesays.com\/fi\/wp-json\/wp\/v2\/media?parent=52903"}],"wp:term":[{"taxonomy":"category","embeddable":true,"href":"https:\/\/www.europesays.com\/fi\/wp-json\/wp\/v2\/categories?post=52903"},{"taxonomy":"post_tag","embeddable":true,"href":"https:\/\/www.europesays.com\/fi\/wp-json\/wp\/v2\/tags?post=52903"}],"curies":[{"name":"wp","href":"https:\/\/api.w.org\/{rel}","templated":true}]}}