{"id":52911,"date":"2025-10-04T12:40:07","date_gmt":"2025-10-04T12:40:07","guid":{"rendered":"https:\/\/www.europesays.com\/fi\/52911\/"},"modified":"2025-10-04T12:40:07","modified_gmt":"2025-10-04T12:40:07","slug":"suomen-erikoisjoukkoja-hehkutetaan-usassa-verkkouutiset","status":"publish","type":"post","link":"https:\/\/www.europesays.com\/fi\/52911\/","title":{"rendered":"Suomen erikoisjoukkoja hehkutetaan USA:ssa | Verkkouutiset"},"content":{"rendered":"<p class=\"ai-optimize-6 ai-optimize-introduction\">Yhdysvaltalaismedia <a href=\"https:\/\/nationalinterest.org\/blog\/buzz\/us-and-finland-special-operators-are-training-for-war-with-russia-wl-100225\" target=\"_blank\" rel=\"noopener nofollow\">The National Interest<\/a> hehkuttaa artikkelissaan Suomen ja Nato-liittolaisten erikoisjoukkojen yhteistoimintakyky\u00e4.<\/p>\n<p class=\"ai-optimize-7\">Artikkelissa kerrotaan elokuun ja syyskuun vaihteessa Suomessa j\u00e4rjestetyst\u00e4 Southern Griffin 25 -harjoituksesta. Utin j\u00e4\u00e4k\u00e4rirykmentti johtamassa <a href=\"https:\/\/maavoimat.fi\/en\/-\/exercise-southern-griffin-25-to-develop-combined-joint-operating-capability-of-special-operations-forces-of-the-alliance-s-member-nations?languageId=fi_FI\" target=\"_blank\" rel=\"noopener nofollow\">harjoituksessa<\/a> kehitettiin liittouman j\u00e4senmaiden erikoisjoukkojen yhteisoperointikyky\u00e4 pohjoisen Euroopan olosuhteissa.<\/p>\n<p class=\"ai-optimize-8\">Suomalaisten lis\u00e4ksi harjoitukseen osallistui erikoisjoukkoja ja viranomaisia Euroopasta ja Yhdysvalloista.<\/p>\n<p class=\"ai-optimize-9\">Yhdysvaltalaisosaston komentaja kuvailee kokemusta eritt\u00e4in positiiviseksi. Komentajan mukaan yhdysvaltalaisjoukot operoivat tiiviiss\u00e4 yhteisty\u00f6ss\u00e4 suomalaisten erikoisjoukkojen ja muiden Nato-liittolaisten kanssa hajautetusti koko harjoitusalueella.<\/p>\n<p class=\"ai-optimize-10\">National Interest muistuttaa, ett\u00e4 Suomen Nato-j\u00e4senyyden my\u00f6t\u00e4 puolustusliiton Ven\u00e4j\u00e4n vastainen raja kaksinkertaistui. Lehden mukaan Suomi tuo kuitenkin sotilasliittoon kasvaneen rajan lis\u00e4ksi huomattavia kyvykkyyksi\u00e4 erityisesti arktisessa osaamisessa.<\/p>\n<p class=\"ai-optimize-11\">Suomalaisten kuvaillaan olevan tottuneita harjoittelemaan ja taistelemaan lumessa ja kylmiss\u00e4 olosuhteissa.<\/p>\n<p class=\"ai-optimize-12\">My\u00f6s Suomen asevelvollisuuteen pohjautuva j\u00e4rjestelm\u00e4 saa artikkelissa huomiota. National Interest muistuttaa, ett\u00e4 vaikka palkattua henkil\u00f6kuntaa on noin 30\u00a0000, on reservin koko merkitt\u00e4v\u00e4.<\/p>\n<p class=\"ai-optimize-13\">Southern Griffin 25 -harjoitukseen osallistui yhteens\u00e4 noin 1600 henkil\u00f6\u00e4. Suomesta harjoitukseen osallistui puolustusvoimien henkil\u00f6kuntaa, varusmiehi\u00e4 ja reservil\u00e4isi\u00e4.<\/p>\n<p class=\"ai-optimize-14\">Harjoituksessa toimittiin niin maalla, merell\u00e4, ilmassa kuin sis\u00e4vesist\u00f6jen alueella. Harjoitusalueena oli koko Suomi.<\/p>\n","protected":false},"excerpt":{"rendered":"Yhdysvaltalaismedia The National Interest hehkuttaa artikkelissaan Suomen ja Nato-liittolaisten erikoisjoukkojen yhteistoimintakyky\u00e4. Artikkelissa kerrotaan elokuun ja syyskuun vaihteessa Suomessa&hellip;\n","protected":false},"author":2,"featured_media":52912,"comment_status":"","ping_status":"","sticky":false,"template":"","format":"standard","meta":{"footnotes":""},"categories":[12],"tags":[22,23,26,27,33,31,30,17,24,25,28,29,2579,15,18,21,4097,32,19,20,16],"class_list":{"0":"post-52911","1":"post","2":"type-post","3":"status-publish","4":"format-standard","5":"has-post-thumbnail","7":"category-suomi","8":"tag-breaking-news","9":"tag-breakingnews","10":"tag-featured-news","11":"tag-featurednews","12":"tag-fi","13":"tag-finland","14":"tag-finnish","15":"tag-headlines","16":"tag-latest-news","17":"tag-latestnews","18":"tag-main-news","19":"tag-mainnews","20":"tag-nato","21":"tag-news","22":"tag-otsikot","23":"tag-paauutiset","24":"tag-puolustusvoimat","25":"tag-suomi","26":"tag-top-stories","27":"tag-topstories","28":"tag-uutiset"},"share_on_mastodon":{"url":"","error":""},"_links":{"self":[{"href":"https:\/\/www.europesays.com\/fi\/wp-json\/wp\/v2\/posts\/52911","targetHints":{"allow":["GET"]}}],"collection":[{"href":"https:\/\/www.europesays.com\/fi\/wp-json\/wp\/v2\/posts"}],"about":[{"href":"https:\/\/www.europesays.com\/fi\/wp-json\/wp\/v2\/types\/post"}],"author":[{"embeddable":true,"href":"https:\/\/www.europesays.com\/fi\/wp-json\/wp\/v2\/users\/2"}],"replies":[{"embeddable":true,"href":"https:\/\/www.europesays.com\/fi\/wp-json\/wp\/v2\/comments?post=52911"}],"version-history":[{"count":0,"href":"https:\/\/www.europesays.com\/fi\/wp-json\/wp\/v2\/posts\/52911\/revisions"}],"wp:featuredmedia":[{"embeddable":true,"href":"https:\/\/www.europesays.com\/fi\/wp-json\/wp\/v2\/media\/52912"}],"wp:attachment":[{"href":"https:\/\/www.europesays.com\/fi\/wp-json\/wp\/v2\/media?parent=52911"}],"wp:term":[{"taxonomy":"category","embeddable":true,"href":"https:\/\/www.europesays.com\/fi\/wp-json\/wp\/v2\/categories?post=52911"},{"taxonomy":"post_tag","embeddable":true,"href":"https:\/\/www.europesays.com\/fi\/wp-json\/wp\/v2\/tags?post=52911"}],"curies":[{"name":"wp","href":"https:\/\/api.w.org\/{rel}","templated":true}]}}