{"id":52926,"date":"2025-10-04T13:07:07","date_gmt":"2025-10-04T13:07:07","guid":{"rendered":"https:\/\/www.europesays.com\/fi\/52926\/"},"modified":"2025-10-04T13:07:07","modified_gmt":"2025-10-04T13:07:07","slug":"hamasin-kylla-mutta-vastaus-hammentaa-myos-gazan-palestiinalaisia","status":"publish","type":"post","link":"https:\/\/www.europesays.com\/fi\/52926\/","title":{"rendered":"Hamasin \u201dkyll\u00e4, mutta\u201d -vastaus h\u00e4mment\u00e4\u00e4 my\u00f6s Gazan palestiinalaisia"},"content":{"rendered":"<p>Gaza|Toiset uskovat, ett\u00e4 Trumpin rauhansuunnitelma voi toimia, toiset pelk\u00e4\u00e4v\u00e4t sodan paluuta panttivankien vapautumisen j\u00e4lkeen.<\/p>\n<p>Lue tiivistelm\u00e4<\/p>\n<p>Tiivistelm\u00e4 on teko\u00e4lyn tekem\u00e4 ja ihmisen tarkistama.<\/p>\n<p class=\"article-body mb-nof-24 px-nof-16 sndp-summary-bullet-point-font\">Hamas-j\u00e4rjest\u00f6 suostuu vapauttamaan israelilaiset panttivangit ja hyv\u00e4ksyy ajatuksen Gazan v\u00e4liaikaishallinnosta.<\/p>\n<p class=\"article-body mb-nof-24 px-nof-16 sndp-summary-bullet-point-font\">Gazalaiset suhtautuvat ristiriitaisesti Donald Trumpin rauhansuunnitelman mahdollisuuksiin tuoda alueelle tulitauko tai rauha.<\/p>\n<p class=\"article-body mb-nof-24 px-nof-16 sndp-summary-bullet-point-font\">Osa uskoo suunnitelman toimivan, toiset pelk\u00e4\u00e4v\u00e4t sodan jatkuvan panttivankien vapauttamisen j\u00e4lkeen.<\/p>\n<p class=\"article-body mb-nof-24 px-nof-16\">Gazan palestiinalaiset suhtautuvat ristiriitaisin tunnelmin siihen, voiko <a class=\"article-personlink\" href=\"https:\/\/www.hs.fi\/haku\/?query=Donald%20Trumpin\" rel=\"nofollow noopener\" target=\"_blank\">Donald Trumpin <\/a>rauhansuunnitelma tuoda alueelle hartaasti odotetun tulitauon tai jopa rauhan.<\/p>\n<p class=\"article-body mb-nof-24 px-nof-16\">Gazaa hallitseva Hamas-j\u00e4rjest\u00f6 ilmoitti perjantai-iltana, ett\u00e4 se suostuu vapauttamaan israelilaiset panttivangit palestiinalaisia vankeja vastaan ja hyv\u00e4ksyy ajatuksen siit\u00e4, ett\u00e4 Gazan hallinta siirtyy v\u00e4liaikaishallinnolle.<\/p>\n<p class=\"article-body mb-nof-24 px-nof-16\">HS kysyi kolmelta Gazan palestiinalaiselta, uskovatko he tulitaukoon ja Trumpin suunnitelman etenemiseen.<\/p>\n<p class=\"article-body mb-nof-24 px-nof-16\">Gazasta Egyptin puolelle paennut palestiinalainen toimittaja <a class=\"article-personlink\" href=\"https:\/\/www.hs.fi\/haku\/?query=Sami%20Ajrami\" rel=\"nofollow noopener\" target=\"_blank\">Sami Ajrami<\/a> sanoo uskovansa, ett\u00e4 t\u00e4ll\u00e4 kertaa \u201dhomma saattaa toimia\u201d.<\/p>\n<p class=\"article-body mb-nof-24 px-nof-16\">\u201dPaine Hamasia vastaan k\u00e4vi niin suureksi, ettei Hamasille j\u00e4\u00e4nyt mahdollisuutta hyl\u00e4t\u00e4 Trumpin ehdotusta\u201d, Ajrami kertoo puhelimessa.<\/p>\n<p class=\"article-body mb-nof-24 px-nof-16\">Paine kasvoi varsinkin sen j\u00e4lkeen kun Israel iski Hamasin johtoa vastaan Dohassa syyskuussa. T\u00e4m\u00e4 teki Hamasin johdolle Ajramin mukaan selv\u00e4ksi, etteiv\u00e4t he ole turvassa miss\u00e4\u00e4n.<\/p>\n<p class=\"article-body mb-nof-24 px-nof-16\">Kun Trump sanoi viime maanantaina esittelem\u00e4ns\u00e4 rauhansuunnitelman p\u00e4\u00e4lle, ett\u00e4 Hamasin hylk\u00e4ys tarkoittaisi vapaita k\u00e4si\u00e4 Israelille, j\u00e4rjest\u00f6n johto s\u00e4ik\u00e4hti.<\/p>\n<p class=\"article-body mb-nof-24 px-nof-16\">\u201dLis\u00e4ksi kansainv\u00e4liset mielenosoitukset Israelia vastaan ja Palestiinan tunnustamisaalto ovat lis\u00e4nneet painetta Yhdysvaltoja ja Israelia kohtaan\u201d, Ajrami lis\u00e4\u00e4.<\/p>\n<p class=\"article-body mb-nof-24 px-nof-16\">Hamas joutui taipumaan Trumpin edess\u00e4, vaikka edess\u00e4 olevat vaihtoehdot n\u00e4ytt\u00e4v\u00e4t palestiinalaisten itsem\u00e4\u00e4r\u00e4\u00e4misoikeuden kannalta huonoilta, Ajrami pelk\u00e4\u00e4.<\/p>\n<p class=\"article-body mb-nof-24 px-nof-16\">\u201dMutta Hamasin kannalta kyse oli el\u00e4m\u00e4st\u00e4 ja kuolemasta.\u201d<\/p>\n<p class=\"article-body mb-nof-24 px-nof-16\">H\u00e4n lis\u00e4\u00e4, ett\u00e4 valtaosa gazalaisista toivoo p\u00e4\u00e4sev\u00e4ns\u00e4 eroon Hamasista.<\/p>\n<p class=\"article-body mb-nof-24 px-nof-16\">Trumpille l\u00e4hett\u00e4m\u00e4ss\u00e4\u00e4n vastauksessa Hamas suostuu k\u00e4yt\u00e4nn\u00f6ss\u00e4 vain kahteen asiaan, vankien vaihtoon ja siirtym\u00e4hallintoon. Lausunnossa Hamas kertoo avoimesti, ett\u00e4 se aikoo jatkossakin olla mukana palestiinalaisten asioiden hoitamisessa, vaikka Trumpin suunnitelma sen kielt\u00e4\u00e4.<\/p>\n<p class=\"article-body mb-nof-24 px-nof-16\">Kun Almawasin telttaleiriss\u00e4 Gazan Khan Junisissa asuva kolmen lapsen \u00e4iti <a class=\"article-personlink\" href=\"https:\/\/www.hs.fi\/haku\/?query=Noor\" rel=\"nofollow noopener\" target=\"_blank\">Noor<\/a> kuuli Hamasin vastauksen perjantai-iltana, h\u00e4n huolestui heti Trumpin tulevasta reaktiosta.<\/p>\n<p class=\"article-body mb-nof-24 px-nof-16\">Hamasin vastaus oli \u201dkyll\u00e4, mutta\u201d, Noor sanoo. Hamas my\u00f6s ilmoitti aikovansa pysy\u00e4 vallassa.<\/p>\n<p class=\"article-body mb-nof-24 px-nof-16\">Yll\u00e4tt\u00e4en Trump kuitenkin hyv\u00e4ksyi Hamasin vastauksen. T\u00e4m\u00e4n j\u00e4lkeen moni Gazassa ajatteli Noorin mukaan, ett\u00e4 se johtuu Trumpin halusta saada Nobelin rauhanpalkinto.<\/p>\n<p class=\"article-body mb-nof-24 px-nof-16\">Noorillle t\u00e4rkeint\u00e4 on, ett\u00e4 tulitauko alkaisi pian.<\/p>\n<p class=\"article-body mb-nof-24 px-nof-16\">\u201dTarvitsemme tulitauon hinnalla mill\u00e4 hyv\u00e4ns\u00e4. Olemme t\u00e4ysin lopussa.\u201d<\/p>\n<p class=\"article-body mb-nof-24 px-nof-16\">Istanbulissa asuva gazalainen tutkija <a class=\"article-personlink\" href=\"https:\/\/www.hs.fi\/haku\/?query=Hassan%20Aldawoudi\" rel=\"nofollow noopener\" target=\"_blank\">Hassan Aldawoudi<\/a> pelk\u00e4\u00e4, ett\u00e4 Israelin hy\u00f6kk\u00e4ys jatkuu sen j\u00e4lkeen kun panttivangit vapautetaan.<\/p>\n<p class=\"article-body mb-nof-24 px-nof-16\">\u201dEi ole mit\u00e4\u00e4n sopimusta eik\u00e4 tulitaukoa. Panttivangit vapautetaan, ja sen j\u00e4lkeen Israel palaa tappamaan\u201d, h\u00e4n sanoo.<\/p>\n<p class=\"article-body mb-nof-24 px-nof-16\">Aldawoudi perustelee n\u00e4kemyst\u00e4\u00e4n sill\u00e4, ett\u00e4 Hamas on suostunut vain panttivankien vapauttamiseen mutta ei mihink\u00e4\u00e4n muuhun.<\/p>\n<p class=\"article-body mb-nof-24 px-nof-16\">Trump ja Israelin p\u00e4\u00e4ministeri <a class=\"article-personlink\" href=\"https:\/\/www.hs.fi\/haku\/?query=Benjamin%20Netanjahu\" rel=\"nofollow noopener\" target=\"_blank\">Benjamin Netanjahu<\/a> puolestaan pit\u00e4v\u00e4t t\u00e4rke\u00e4n\u00e4 vain sit\u00e4, ett\u00e4 panttivankien vapauttamiseen on suostuttu.<\/p>\n<p class=\"article-body mb-nof-24 px-nof-16\">\u201dHeid\u00e4n ei tarvitse v\u00e4litt\u00e4\u00e4 siit\u00e4, ett\u00e4 Hamas ei ole suostunut muihin ehtoihin.\u201d<\/p>\n<p class=\"article-body mb-nof-24 px-nof-16\">Ja jos Hamas ei suostu muihin ehtoihin, se voi olla Israelille peruste jatkaa hy\u00f6kk\u00e4yst\u00e4.<\/p>\n","protected":false},"excerpt":{"rendered":"Gaza|Toiset uskovat, ett\u00e4 Trumpin rauhansuunnitelma voi toimia, toiset pelk\u00e4\u00e4v\u00e4t sodan paluuta panttivankien vapautumisen j\u00e4lkeen. Lue tiivistelm\u00e4 Tiivistelm\u00e4 on&hellip;\n","protected":false},"author":2,"featured_media":52927,"comment_status":"","ping_status":"","sticky":false,"template":"","format":"standard","meta":{"footnotes":""},"categories":[5],"tags":[22,23,26,27,33,31,30,17,46,24,25,28,29,15,18,21,32,19,20,16],"class_list":{"0":"post-52926","1":"post","2":"type-post","3":"status-publish","4":"format-standard","5":"has-post-thumbnail","7":"category-otsikot","8":"tag-breaking-news","9":"tag-breakingnews","10":"tag-featured-news","11":"tag-featurednews","12":"tag-fi","13":"tag-finland","14":"tag-finnish","15":"tag-headlines","16":"tag-helsingin-sanomat","17":"tag-latest-news","18":"tag-latestnews","19":"tag-main-news","20":"tag-mainnews","21":"tag-news","22":"tag-otsikot","23":"tag-paauutiset","24":"tag-suomi","25":"tag-top-stories","26":"tag-topstories","27":"tag-uutiset"},"share_on_mastodon":{"url":"","error":""},"_links":{"self":[{"href":"https:\/\/www.europesays.com\/fi\/wp-json\/wp\/v2\/posts\/52926","targetHints":{"allow":["GET"]}}],"collection":[{"href":"https:\/\/www.europesays.com\/fi\/wp-json\/wp\/v2\/posts"}],"about":[{"href":"https:\/\/www.europesays.com\/fi\/wp-json\/wp\/v2\/types\/post"}],"author":[{"embeddable":true,"href":"https:\/\/www.europesays.com\/fi\/wp-json\/wp\/v2\/users\/2"}],"replies":[{"embeddable":true,"href":"https:\/\/www.europesays.com\/fi\/wp-json\/wp\/v2\/comments?post=52926"}],"version-history":[{"count":0,"href":"https:\/\/www.europesays.com\/fi\/wp-json\/wp\/v2\/posts\/52926\/revisions"}],"wp:featuredmedia":[{"embeddable":true,"href":"https:\/\/www.europesays.com\/fi\/wp-json\/wp\/v2\/media\/52927"}],"wp:attachment":[{"href":"https:\/\/www.europesays.com\/fi\/wp-json\/wp\/v2\/media?parent=52926"}],"wp:term":[{"taxonomy":"category","embeddable":true,"href":"https:\/\/www.europesays.com\/fi\/wp-json\/wp\/v2\/categories?post=52926"},{"taxonomy":"post_tag","embeddable":true,"href":"https:\/\/www.europesays.com\/fi\/wp-json\/wp\/v2\/tags?post=52926"}],"curies":[{"name":"wp","href":"https:\/\/api.w.org\/{rel}","templated":true}]}}