{"id":52930,"date":"2025-10-04T13:10:16","date_gmt":"2025-10-04T13:10:16","guid":{"rendered":"https:\/\/www.europesays.com\/fi\/52930\/"},"modified":"2025-10-04T13:10:16","modified_gmt":"2025-10-04T13:10:16","slug":"on-keksitty-uusi-tapa-mitata-aikaa","status":"publish","type":"post","link":"https:\/\/www.europesays.com\/fi\/52930\/","title":{"rendered":"On keksitty uusi tapa mitata aikaa"},"content":{"rendered":"<p>Kvanttikellon mittaama ajanjakso voi vaikuttaa tavallisesta ihmisest\u00e4 \u00e4\u00e4rett\u00f6m\u00e4n lyhyelt\u00e4, mutta kvanttitasolla niinkin lyhyt aika kuin sekunti tuntuu tavallaan ikuisuudelta.<\/p>\n<p>Menetelm\u00e4n toivotaan auttavan tutkijoita mittaamaan ajanjaksoja, joiden pituus on vain 1,7 sekunnin biljoonasosaa, ilman laskureita ja osoittimia.<\/p>\n<p>Tarkemmin sanottuna tutkijat mittasivat 81 pikosekunnin (sekunnin biljoonasosan) ajanjakson kahdeksan femtosekunnin (sekunnin tuhannesbiljoonasosan) tarkkuudella.<\/p>\n<p>\u201dKun k\u00e4ytet\u00e4\u00e4n osoitinta, nolla pit\u00e4\u00e4 m\u00e4\u00e4ritt\u00e4\u00e4. Laskeminen aloitetaan tietyst\u00e4 hetkest\u00e4\u201d, selitt\u00e4\u00e4 kellon kehitt\u00e4miseen osallistunut Marta Berholts Uppsalan yliopistosta <a href=\"https:\/\/www.newscientist.com\/article\/2343039-quantum-watch-is-a-completely-new-way-of-measuring-time\/\" target=\"_blank\" class=\"hover:font-bold\" rel=\"nofollow noopener\">New Scientistin<\/a> verkkouutisessa.<\/p>\n<p>\u201dSiit\u00e4, ettei kelloa tarvitse k\u00e4ynnist\u00e4\u00e4, on etua. Katsotaan vain interferenssirakennetta ja todetaan, ett\u00e4 on kulunut nelj\u00e4 nanosekuntia\u201d, kertoo Berholts.<\/p>\n<p>Tutkijat uskovat, ett\u00e4 kvanttikelloa voidaan hy\u00f6dynt\u00e4\u00e4 muun muassa kvanttitietokoneissa monimutkaisissa laskutoimituksissa. Kest\u00e4\u00e4 kuitenkin viel\u00e4 v\u00e4h\u00e4n aikaa, ennen kuin kvanttirannekellot ilmestyv\u00e4t kauppoihin.<\/p>\n","protected":false},"excerpt":{"rendered":"Kvanttikellon mittaama ajanjakso voi vaikuttaa tavallisesta ihmisest\u00e4 \u00e4\u00e4rett\u00f6m\u00e4n lyhyelt\u00e4, mutta kvanttitasolla niinkin lyhyt aika kuin sekunti tuntuu tavallaan&hellip;\n","protected":false},"author":2,"featured_media":52931,"comment_status":"","ping_status":"","sticky":false,"template":"","format":"standard","meta":{"footnotes":""},"categories":[115],"tags":[33,31,30,455,454,118,32,119],"class_list":{"0":"post-52930","1":"post","2":"type-post","3":"status-publish","4":"format-standard","5":"has-post-thumbnail","7":"category-fysiikka","8":"tag-fi","9":"tag-finland","10":"tag-finnish","11":"tag-fysiikka","12":"tag-physics","13":"tag-science","14":"tag-suomi","15":"tag-tiede"},"share_on_mastodon":{"url":"","error":""},"_links":{"self":[{"href":"https:\/\/www.europesays.com\/fi\/wp-json\/wp\/v2\/posts\/52930","targetHints":{"allow":["GET"]}}],"collection":[{"href":"https:\/\/www.europesays.com\/fi\/wp-json\/wp\/v2\/posts"}],"about":[{"href":"https:\/\/www.europesays.com\/fi\/wp-json\/wp\/v2\/types\/post"}],"author":[{"embeddable":true,"href":"https:\/\/www.europesays.com\/fi\/wp-json\/wp\/v2\/users\/2"}],"replies":[{"embeddable":true,"href":"https:\/\/www.europesays.com\/fi\/wp-json\/wp\/v2\/comments?post=52930"}],"version-history":[{"count":0,"href":"https:\/\/www.europesays.com\/fi\/wp-json\/wp\/v2\/posts\/52930\/revisions"}],"wp:featuredmedia":[{"embeddable":true,"href":"https:\/\/www.europesays.com\/fi\/wp-json\/wp\/v2\/media\/52931"}],"wp:attachment":[{"href":"https:\/\/www.europesays.com\/fi\/wp-json\/wp\/v2\/media?parent=52930"}],"wp:term":[{"taxonomy":"category","embeddable":true,"href":"https:\/\/www.europesays.com\/fi\/wp-json\/wp\/v2\/categories?post=52930"},{"taxonomy":"post_tag","embeddable":true,"href":"https:\/\/www.europesays.com\/fi\/wp-json\/wp\/v2\/tags?post=52930"}],"curies":[{"name":"wp","href":"https:\/\/api.w.org\/{rel}","templated":true}]}}