{"id":52942,"date":"2025-10-04T13:32:08","date_gmt":"2025-10-04T13:32:08","guid":{"rendered":"https:\/\/www.europesays.com\/fi\/52942\/"},"modified":"2025-10-04T13:32:08","modified_gmt":"2025-10-04T13:32:08","slug":"sakn-elorannan-kuppi-nurin-mika-rangaistus-se-on","status":"publish","type":"post","link":"https:\/\/www.europesays.com\/fi\/52942\/","title":{"rendered":"SAK:n Elorannan kuppi nurin: \u201dMik\u00e4 rangaistus se on?\u201d"},"content":{"rendered":"<p>SAK:n puheenjohtaja Jarkko Eloranta ihmettelee alipalkkauksesta seuraavia heikkoja rangaistuksia. SAK julkaisi 12 ehdotusta ty\u00f6per\u00e4isen hyv\u00e4ksik\u00e4yt\u00f6n kitkemiseksi.<\/p>\n<p><img decoding=\"async\" class=\"image image-show image-preview\" src=\"https:\/\/www.europesays.com\/fi\/wp-content\/uploads\/2025\/10\/3b6c961f8cb381e1784d34da6ed7eb0797a70e6b5c2a4a510153c4b76db4881b.jpg\" alt=\"\"\/><img decoding=\"async\" class=\"image image-show\" src=\"https:\/\/www.europesays.com\/fi\/wp-content\/uploads\/2025\/10\/1759584728_457_3b6c961f8cb381e1784d34da6ed7eb0797a70e6b5c2a4a510153c4b76db4881b.jpg\" alt=\"\"\/><\/p>\n<p>Puheenjohtajat Jarkko Eloranta (SAK), Kimmo Palonen (Rakennusliitto), Annika R\u00f6nni-S\u00e4llinen (Pam) ja Riku Aalto (Teollisuusliitto) SAK:n tilaisuudessa perjantaina. Johannes Ij\u00e4s<\/p>\n<p class=\"paragraph\">SAK:laiset ammattiliitot ly\u00f6v\u00e4t p\u00f6yt\u00e4\u00e4n oman 12 kohdan listansa ty\u00f6per\u00e4isen hyv\u00e4ksik\u00e4yt\u00f6n ja harmaan talouden torjumiseksi Suomessa.<\/p>\n<p class=\"paragraph\">Ty\u00f6per\u00e4isest\u00e4 hyv\u00e4ksik\u00e4yt\u00f6st\u00e4 on j\u00e4lleen noussut laaja keskustelu. STT:n viime viikonloppuisessa kohua her\u00e4tt\u00e4neess\u00e4 jutussa k\u00e4siteltiin Turun telakan alihankkijoilla ty\u00f6skennelleiden ukrainalaisten ty\u00f6ntekij\u00f6iden oloja.<\/p>\n<p class=\"paragraph\">Toimittaja <a href=\"https:\/\/www.iltalehti.fi\/henkilot\/Paavo Teittinen\" class=\"article-link-person-page\" rel=\"nofollow noopener\" target=\"_blank\">Paavo Teittisen<\/a> tuoreessa kirjassa puolestaan nostetaan esiin v\u00e4itetty\u00e4 monilla aloilla tapahtuvaa ihmiskauppaa ja ty\u00f6ntekij\u00f6iden hyv\u00e4ksik\u00e4ytt\u00f6\u00e4.<\/p>\n<p class=\"paragraph\">Ay-liike vaatii puuttumista Suomessa rehottavaan ilmi\u00f6\u00f6n.<\/p>\n<p class=\"paragraph\">\u2013 Meid\u00e4n pit\u00e4isi pysty\u00e4 nostamaan kiinnij\u00e4\u00e4misen riski\u00e4 niilt\u00e4, jotka tekev\u00e4t v\u00e4\u00e4rin, j\u00e4tt\u00e4v\u00e4t velvoitteensa hoitamatta tai rikkovat lakia. Sitten my\u00f6s niin, ett\u00e4 ne rangaistukset, jotka seuraavat, olisivat tuntuvia. T\u00e4ll\u00e4 hetkell\u00e4h\u00e4n ty\u00f6markkinarikollisuus on kohtalaisen riskit\u00f6n ja kannattava bisnes. Sen takia tietysti sit\u00e4 meill\u00e4 niin paljon my\u00f6s esiintyy, SAK:n puheenjohtaja <a href=\"https:\/\/www.iltalehti.fi\/henkilot\/Jarkko Eloranta\" class=\"article-link-person-page\" rel=\"nofollow noopener\" target=\"_blank\">Jarkko Eloranta<\/a> sanoi SAK:n j\u00e4rjest\u00e4m\u00e4ss\u00e4 tiedotustilaisuudessa perjantaina.<\/p>\n<p class=\"paragraph\">\u2013 Kun vaikkapa alipalkkauksesta on puhuttu, mik\u00e4 rangaistus se on, ett\u00e4 kiinni j\u00e4\u00e4dess\u00e4 joudut sitten maksamaan sen palkan, jonka muutenkin olisi joutunut maksamaan, h\u00e4n jatkoi.<\/p>\n<p class=\"paragraph\">Toisin sanoen rangaistuksia pit\u00e4isi koventaa.<\/p>\n<p>Kiitosta kanneoikeus-kannasta<\/p>\n<p class=\"paragraph\">Eloranta sanoi SAK:n tutkineen ennen eduskuntavaaleja, ett\u00e4 esimerkiksi kokoomuksen ja perussuomalaisten kannattajista 83 prosenttia suhtautuisi my\u00f6nteisesti alipalkkauksen kriminalisointiin.<\/p>\n<p class=\"paragraph\">SAK n\u00e4kee, ett\u00e4 kriminalisoinnin voisi suorittaa erillisell\u00e4 pyk\u00e4l\u00e4ll\u00e4 ilman minimipalkkalakiakin. Esimerkiksi oikeusministeri <a href=\"https:\/\/www.iltalehti.fi\/henkilot\/Leena Meri\" class=\"article-link-person-page\" rel=\"nofollow noopener\" target=\"_blank\">Leena Meri<\/a> (ps) <a href=\"https:\/\/www.iltalehti.fi\/politiikka\/e9e50b85-a0be-4fe6-878d-87346d4954ab\" rel=\"nofollow noopener\" target=\"_blank\">on ollut<\/a> asiasta eri mielt\u00e4.<\/p>\n<p class=\"paragraph\">Elorannan mielest\u00e4 hallituksen t\u00e4ll\u00e4 kaudella tekem\u00e4t ty\u00f6markkinauudistukset todenn\u00e4k\u00f6isesti entisest\u00e4\u00e4n helpottavat ty\u00f6markkinarikollisuuden rehottamista.<\/p>\n<p class=\"paragraph\">H\u00e4n kiitti oikeusministeri <a href=\"https:\/\/www.iltalehti.fi\/henkilot\/Leena Meri\" class=\"article-link-person-page\" rel=\"nofollow noopener\" target=\"_blank\">Leena Mere\u00e4<\/a> (ps) <a href=\"https:\/\/www.iltalehti.fi\/politiikka\/e9e50b85-a0be-4fe6-878d-87346d4954ab\" rel=\"nofollow noopener\" target=\"_blank\">t\u00e4m\u00e4n henkil\u00f6kohtaisesta kannasta<\/a>, jonka mukaan ammattiliittojen kanneoikeutta voisi selvitt\u00e4\u00e4. T\u00e4ll\u00f6in liitot voisivat ajaa ty\u00f6ntekij\u00f6iden puolesta asiaa, jos n\u00e4m\u00e4 olisivat kohdanneet ty\u00f6per\u00e4ist\u00e4 hyv\u00e4ksik\u00e4ytt\u00f6\u00e4.<\/p>\n<p class=\"paragraph\">Rakennusliiton puheenjohtaja <strong>Kimmo Palosen<\/strong> mukaan rakennusalalla ty\u00f6per\u00e4inen hyv\u00e4ksik\u00e4ytt\u00f6 ilmenee erityisesti aliurakointiketjuissa ja vuokraty\u00f6voiman k\u00e4yt\u00f6ss\u00e4. Nimenomaan ulkomaiset ty\u00f6ntekij\u00e4t ovat hyv\u00e4ksik\u00e4yt\u00f6n kohteena.<\/p>\n<p class=\"paragraph\">Koska valvonnan viranomaisresurssit ovat olemattomat, Rakennusliitto satsaa itse valvontaan.<\/p>\n<p class=\"paragraph\">H\u00e4nkin valitti sit\u00e4, ett\u00e4 alipalkkaukseen ei ole kunnolla puututtu lailla. Kiinnij\u00e4\u00e4misen riski on pieni ja sanktiot olemattomia.<\/p>\n<p class=\"paragraph\">Rakennusliitto on esitt\u00e4nyt, ett\u00e4 tilaajalle ja p\u00e4\u00e4urakoitsijoille tulisi taloudellinen vastuu koko alihankintaketjussa siit\u00e4, ett\u00e4 palkat ja ty\u00f6ehdot ovat lakien ja ty\u00f6ehtosopimusten mukaisia.<\/p>\n<p>Kovia v\u00e4itteit\u00e4 hallituksen toimista<\/p>\n<p class=\"paragraph\">Palvelualojen ammattiliiton Pamin puheenjohtaja <a href=\"https:\/\/www.iltalehti.fi\/henkilot\/Annika R\u00f6nni-S\u00e4llinen\" class=\"article-link-person-page\" rel=\"nofollow noopener\" target=\"_blank\">Annika R\u00f6nni-S\u00e4llisen<\/a> mielest\u00e4 nykyhallituksen toimet ovat asettaneet Suomeen t\u00f6ihin tulleet entist\u00e4 vaikeampaan asemaan ja riippuvaisemmaksi omasta ty\u00f6nantajastaan.<\/p>\n<p class=\"paragraph\">Esimerkiksi niin kutsuttu kolmen kuukauden s\u00e4\u00e4nt\u00f6 est\u00e4\u00e4 R\u00f6nni-S\u00e4llisen mukaan sit\u00e4, ett\u00e4 omaa ty\u00f6nantajaa uskallettaisiin kritisoida ep\u00e4kohdista.<\/p>\n<p class=\"paragraph\">S\u00e4\u00e4nn\u00f6n mukaan Suomessa ty\u00f6t\u00e4 tekev\u00e4n kolmannen maan kansalaisen on poistuttava maasta, jos henkil\u00f6n ty\u00f6suhde loppuu eik\u00e4 h\u00e4n ole kolmen kuukauden kuluessa solminut uutta ty\u00f6suhdetta.<\/p>\n<p class=\"paragraph\">Teollisuusliiton puheenjohtaja <a href=\"https:\/\/www.iltalehti.fi\/henkilot\/Riku Aalto\" class=\"article-link-person-page\" rel=\"nofollow noopener\" target=\"_blank\">Riku Aalto<\/a> sanoo, ett\u00e4 heid\u00e4n kokemuksensa on, ett\u00e4 valtaosassa isoista Suomessa teht\u00e4vist\u00e4 investoinneista olisi jonkinlaista v\u00e4\u00e4rink\u00e4yt\u00f6st\u00e4 tai ty\u00f6per\u00e4ist\u00e4 hyv\u00e4ksik\u00e4ytt\u00f6\u00e4.<\/p>\n<p>Riski \u201djopa olematon\u201d<\/p>\n<p class=\"paragraph\">Ty\u00f6ministeri <a href=\"https:\/\/www.iltalehti.fi\/henkilot\/Matias Marttinen\" class=\"article-link-person-page\" rel=\"nofollow noopener\" target=\"_blank\">Matias Marttinen<\/a> (kok) on ilmoittanut ottavansa Turun telakan alihankkijayhti\u00f6iss\u00e4 uutisoidut ongelmat esiin harmaan talouden vastaisessa johtoryhm\u00e4ss\u00e4, jota h\u00e4n johtaa. T\u00e4t\u00e4 Riku Aalto pit\u00e4\u00e4 painavana viestin\u00e4 ja katsoo, ett\u00e4 se osoittaa, ett\u00e4 vastuu asiassa ei ole pelk\u00e4st\u00e4\u00e4n Meyer Turulla vaan my\u00f6s maan hallituksella on velvollisuus toimia.<\/p>\n<p>Ty\u00f6ministeri Matias Marttinen (kok). TIINA SOMERPURO\n<\/p>\n<p class=\"paragraph\">Ylip\u00e4\u00e4ns\u00e4 ty\u00f6per\u00e4isen hyv\u00e4ksik\u00e4yt\u00f6n ongelman ytimiss\u00e4 on Aallon mielest\u00e4 viranomaisvalvonnan heikkous.<\/p>\n<p class=\"paragraph\">\u2013 Kiinnij\u00e4\u00e4misen riski Suomessa on jopa olematon ja se ruokkii hyv\u00e4ksik\u00e4ytt\u00f6\u00e4 ja harmaata taloutta, h\u00e4n n\u00e4ki SAK:n tiedotustilaisuudessa.<\/p>\n<p class=\"paragraph\">Aallon mukaan viranomaisvalvonnan resursseja on lis\u00e4tt\u00e4v\u00e4 merkitt\u00e4v\u00e4sti.<\/p>\n<p class=\"paragraph\">\u2013 Verohallinnon, ty\u00f6suojeluviranomaisten ja poliisin resursseja on vahvistettava kymmenill\u00e4 miljoonilla euroilla.<\/p>\n<p>12 ehdotusta<\/p>\n<p class=\"paragraph\"><strong>T\u00e4ss\u00e4 ovat SAK:n ja j\u00e4senliittojen toimenpide-ehdotukset ty\u00f6per\u00e4isen hyv\u00e4ksik\u00e4yt\u00f6n kitkemiseksi:<\/strong><\/p>\n<p class=\"paragraph\">1. Alipalkkauksen kriminalisointi<\/p>\n<p class=\"paragraph\">2. Viranomaisille riitt\u00e4v\u00e4t resurssit ja toimivaltuudet ty\u00f6per\u00e4isen hyv\u00e4ksik\u00e4yt\u00f6n kitkemiseksi ja siit\u00e4 johtuvan harmaan talouden torjumiseksi<\/p>\n<p class=\"paragraph\">3. Tilaajavastuun laajentaminen<\/p>\n<p class=\"paragraph\">4. Hankintalain t\u00e4sment\u00e4minen<\/p>\n<p class=\"paragraph\">5. Ty\u00f6nteko-oikeuden varmentaminen rakennusalalla<\/p>\n<p class=\"paragraph\">6. Veronumeron laajentaminen<\/p>\n<p class=\"paragraph\">7. Sek\u00e4 ammattiliittojen kanneoikeuden ett\u00e4 ryhm\u00e4kanneoikeuden laajennus ty\u00f6lains\u00e4\u00e4d\u00e4nt\u00f6\u00e4 koskeviin oikeusjuttuihin<\/p>\n<p class=\"paragraph\">8. Ty\u00f6ehtosopimuksen tulkintaetuoikeuden siirt\u00e4minen ty\u00f6ntekij\u00e4puolelle<\/p>\n<p class=\"paragraph\">9. Ty\u00f6sopimusten muodolla kikkailulle on s\u00e4\u00e4dett\u00e4v\u00e4 lains\u00e4\u00e4d\u00e4nn\u00f6lliset rajat, jotka ehk\u00e4isev\u00e4t nykyist\u00e4 paremmin ty\u00f6per\u00e4ist\u00e4 hyv\u00e4ksik\u00e4ytt\u00f6\u00e4<\/p>\n<p class=\"paragraph\">10. Selvitet\u00e4\u00e4n k\u00e4\u00e4nnetyn arvonlis\u00e4verovelvollisuuden k\u00e4ytt\u00f6\u00f6noton laajentamista<\/p>\n<p class=\"paragraph\">11. Yritysvastuus\u00e4\u00e4ntelyn vahvistaminen<\/p>\n<p class=\"paragraph\">12. Toimenpiteiden vaikuttavuuden takaamiseksi uhreille on taattava tosiasiallinen mahdollisuus saada oikeutta<\/p>\n<p class=\"paragraph\">SAK on avannut ehdotuksia enemm\u00e4n <a href=\"https:\/\/www.sak.fi\/tavoitteet\/tyoperaisen-hyvaksikayton-kitkeminen\/\" target=\"_blank\" rel=\"noopener nofollow\">nettisivuillaan<\/a>.<\/p>\n","protected":false},"excerpt":{"rendered":"SAK:n puheenjohtaja Jarkko Eloranta ihmettelee alipalkkauksesta seuraavia heikkoja rangaistuksia. SAK julkaisi 12 ehdotusta ty\u00f6per\u00e4isen hyv\u00e4ksik\u00e4yt\u00f6n kitkemiseksi. Puheenjohtajat Jarkko&hellip;\n","protected":false},"author":2,"featured_media":52943,"comment_status":"","ping_status":"","sticky":false,"template":"","format":"standard","meta":{"footnotes":""},"categories":[12],"tags":[35,22,23,26,27,33,31,30,17,24,25,28,29,15,18,21,637,32,19,20,860,862,5633,5634,16],"class_list":{"0":"post-52942","1":"post","2":"type-post","3":"status-publish","4":"format-standard","5":"has-post-thumbnail","7":"category-suomi","8":"tag-24h","9":"tag-breaking-news","10":"tag-breakingnews","11":"tag-featured-news","12":"tag-featurednews","13":"tag-fi","14":"tag-finland","15":"tag-finnish","16":"tag-headlines","17":"tag-latest-news","18":"tag-latestnews","19":"tag-main-news","20":"tag-mainnews","21":"tag-news","22":"tag-otsikot","23":"tag-paauutiset","24":"tag-politiikka","25":"tag-suomi","26":"tag-top-stories","27":"tag-topstories","28":"tag-tyoelama","29":"tag-tyollisyys","30":"tag-tyomarkkinapolitiikka","31":"tag-tyopolitiikka","32":"tag-uutiset"},"share_on_mastodon":{"url":"","error":""},"_links":{"self":[{"href":"https:\/\/www.europesays.com\/fi\/wp-json\/wp\/v2\/posts\/52942","targetHints":{"allow":["GET"]}}],"collection":[{"href":"https:\/\/www.europesays.com\/fi\/wp-json\/wp\/v2\/posts"}],"about":[{"href":"https:\/\/www.europesays.com\/fi\/wp-json\/wp\/v2\/types\/post"}],"author":[{"embeddable":true,"href":"https:\/\/www.europesays.com\/fi\/wp-json\/wp\/v2\/users\/2"}],"replies":[{"embeddable":true,"href":"https:\/\/www.europesays.com\/fi\/wp-json\/wp\/v2\/comments?post=52942"}],"version-history":[{"count":0,"href":"https:\/\/www.europesays.com\/fi\/wp-json\/wp\/v2\/posts\/52942\/revisions"}],"wp:featuredmedia":[{"embeddable":true,"href":"https:\/\/www.europesays.com\/fi\/wp-json\/wp\/v2\/media\/52943"}],"wp:attachment":[{"href":"https:\/\/www.europesays.com\/fi\/wp-json\/wp\/v2\/media?parent=52942"}],"wp:term":[{"taxonomy":"category","embeddable":true,"href":"https:\/\/www.europesays.com\/fi\/wp-json\/wp\/v2\/categories?post=52942"},{"taxonomy":"post_tag","embeddable":true,"href":"https:\/\/www.europesays.com\/fi\/wp-json\/wp\/v2\/tags?post=52942"}],"curies":[{"name":"wp","href":"https:\/\/api.w.org\/{rel}","templated":true}]}}