{"id":52984,"date":"2025-10-04T14:45:09","date_gmt":"2025-10-04T14:45:09","guid":{"rendered":"https:\/\/www.europesays.com\/fi\/52984\/"},"modified":"2025-10-04T14:45:09","modified_gmt":"2025-10-04T14:45:09","slug":"esko-kovero-yllattava-paljastus-seiska","status":"publish","type":"post","link":"https:\/\/www.europesays.com\/fi\/52984\/","title":{"rendered":"Esko Kovero: Yll\u00e4tt\u00e4v\u00e4 paljastus | Seiska"},"content":{"rendered":"<p>            ATTE KAJOVA\n        <\/p>\n<p class=\"subtitle \">Esko paljastaa Seiskalle, ettei omista edes \u00e4lypuhelinta.<\/p>\n<p class=\"article-content article-content-width !bg-background\">N\u00e4yttelij\u00e4 , 67, syksy on edennyt samaa kaavaa jo 27 vuoden ajan. Kes\u00e4n p\u00e4\u00e4tytty\u00e4 h\u00e4n on palannut fiktiiviselle Pihjalakadulle ja vet\u00e4issyt Salatut el\u00e4m\u00e4t -sarjan Ismon hynttyyt ylleen.\u00a0<\/p>\n<p class=\"font-weight-bold m-font-weight-bold article-content article-content-width !bg-background\">Arkistovideolla Esko paljastaa, kuka historiallinen henkil\u00f6 h\u00e4n olisi:<\/p>\n<p class=\"article-content article-content-width !bg-background\">Ismon toilailuista saadaan nauttia hamaan tulevaisuuteen\u00a0\u2013 ainakin mik\u00e4li se n\u00e4yttelij\u00e4st\u00e4 itsest\u00e4\u00e4n on kiinni. Esko kertoo Seiskalle, ettei h\u00e4n viel\u00e4 haikaile el\u00e4kkeelle.<\/p>\n<p>        <a itemprop=\"url\" href=\"https:\/\/www.seiska.fi\/katso\/salkkarit-suosikeista-levitetaan-torkeita-valheita\/1946248\" rel=\"nofollow noopener\" target=\"_blank\"><\/p>\n<p>\nSalatut el\u00e4m\u00e4t\n<\/p>\n<p class=\"section-date\">\n        <strong class=\"article-section\" data-section=\"katso\"><br \/>\n            katso<br \/>\n        <\/strong><br \/>\n        30.9. 12:15\n    <\/p>\n<p>Salkkarit-suosikeista levitet\u00e4\u00e4n t\u00f6rkeit\u00e4 valheita\n    <\/p>\n<p itemprop=\"description\" class=\"subtitle \">\n    Salatut el\u00e4m\u00e4t -sarjasta tutun n\u00e4yttelij\u00e4 Maija-Liisa Peuhun v\u00e4itettiin kuolleen.\n<\/p>\n<p>        <\/a><\/p>\n<p class=\"article-content article-content-width !bg-background\">\u2013 Saan niin paljon energiaa ty\u00f6kavereistani ja etenkin eri ik\u00e4isist\u00e4 ty\u00f6tovereista. Siell\u00e4 on ihan loistavaa olla, suosikkin\u00e4yttelij\u00e4 toteaa.<\/p>\n<p>                <img decoding=\"async\" src=\"https:\/\/www.europesays.com\/fi\/wp-content\/uploads\/2025\/10\/1948648.webp\" width=\"576\" height=\"720\" alt=\"Seiska tapasi Eskon Kyll\u00e4 is\u00e4 osaa Lapissa -elokuvan kutsuvierasensi-illassa syyskuun lopulla.\" loading=\"lazy\" \/>            <\/p>\n<p>\n            Seiska tapasi Eskon Kyll\u00e4 is\u00e4 osaa Lapissa -elokuvan kutsuvierasensi-illassa syyskuun lopulla.<br \/>\n            ATTE KAJOVA\n        <\/p>\n<p>Heitti pyyhkeen keh\u00e4\u00e4n<\/p>\n<p class=\"article-content article-content-width !bg-background\">Toisin kuin \u00e4kkipikainen roolihahmonsa, tosiel\u00e4m\u00e4n Esko on varsin rauhallinen mies. Er\u00e4s seikka nykyisess\u00e4 maailmanmenossa saa h\u00e4nelt\u00e4 kuitenkin mojovat moitteet.\u00a0<\/p>\n<p>        <a itemprop=\"url\" href=\"https:\/\/www.seiska.fi\/vain-seiskassa\/esko-kovero-yllattyi-fanien-pyynnosta-kauppakeskuksessa-kuvat\/1691238\" rel=\"nofollow noopener\" target=\"_blank\"><\/p>\n<p>\nKuvat!\n<\/p>\n<p class=\"section-date\">\n        <strong class=\"article-section\" data-section=\"vain seiskassa\"><br \/>\n            vain seiskassa<br \/>\n        <\/strong><br \/>\n        6.5. 06:00\n    <\/p>\n<p>Esko Kovero yll\u00e4ttyi fanien pyynn\u00f6st\u00e4 kauppakeskuksessa \u2013 kuvat!\n    <\/p>\n<p itemprop=\"description\" class=\"subtitle \">\n    Varttuneempi v\u00e4ki voi muistaa Eskon Talvisota-elokuvasta.\n<\/p>\n<p>        <\/a><\/p>\n<p class=\"article-content article-content-width !bg-background\">\u2013 Se on t\u00e4m\u00e4 jatkuva p\u00e4ivitt\u00e4minen, h\u00e4n tokaisee lukuisten \u00e4lylaitteiden s\u00e4vytt\u00e4m\u00e4\u00e4n arkeen viitaten.\u00a0<\/p>\n<p class=\"article-content article-content-width !bg-background\">\u2013 Olen jo ajat sitten heitt\u00e4nyt pyyhkeen keh\u00e4\u00e4n.<\/p>\n<p>Huolissaan nuorista<\/p>\n<p class=\"article-content article-content-width !bg-background\">Pyyhkeell\u00e4 Esko tarkoittaa \u00e4lypuhelinta. Sellaista ei n\u00e4yttelij\u00e4n taskusta nimitt\u00e4in l\u00f6ydy lainkaan. Niin sanotut pakolliset pahat, kuten s\u00e4hk\u00f6postit hoituvat tabletilla.\u00a0<\/p>\n<p>                <img decoding=\"async\" src=\"https:\/\/www.europesays.com\/fi\/wp-content\/uploads\/2025\/10\/1948650.webp\" width=\"576\" height=\"322\" alt=\"Esko, Maarit Poussa ja muut Salkkarit-t\u00e4hdet juhlistivat sarjan 26-vuotista taivalta tammikuussa 2025.\" loading=\"lazy\" \/>            <\/p>\n<p>\n            Esko, Maarit Poussa ja muut Salkkarit-t\u00e4hdet juhlistivat sarjan 26-vuotista taivalta tammikuussa 2025.<br \/>\n            Timo Korhonen\n        <\/p>\n<p class=\"article-content article-content-width !bg-background\">Kaiken s\u00e4hk\u00f6istyminen saa Eskon kuitenkin huolestuneeksi nuorista.<\/p>\n<p class=\"article-content article-content-width !bg-background\">\u2013 On niin paljon haasteita, ja t\u00e4m\u00e4 maailmantilanne on aika ahdistava, h\u00e4n sanoo.<\/p>\n<p>        <a itemprop=\"url\" href=\"https:\/\/www.seiska.fi\/kotimaa\/esko-koverolta-tiukka-linjaus-joustaa-vasta-satavuotiaana-sitten-repaistaan\/1591401\" rel=\"nofollow noopener\" target=\"_blank\"><\/p>\n<p class=\"section-date\">\n        <strong class=\"article-section\" data-section=\"kotimaa\"><br \/>\n            kotimaa<br \/>\n        <\/strong><br \/>\n        25.1. 17:00\n    <\/p>\n<p>Esko Koverolta tiukka linjaus! Joustaa vasta satavuotiaana: &#8221;Sitten rep\u00e4ist\u00e4\u00e4n&#8221;\n    <\/p>\n<p itemprop=\"description\" class=\"subtitle \">\n    Tiesitk\u00f6 t\u00e4t\u00e4 asiaa suosikkin\u00e4yttelij\u00e4st\u00e4?\n<\/p>\n<p>        <\/a><\/p>\n<p>Vanhassa vara parempi<\/p>\n<p class=\"article-content article-content-width !bg-background\">Elo ilman \u00e4lypuhelinta on Eskon mukaan sujunut mainiosti. Pankkiasiat on toki hoidettava verkossa, mutta se onnistuu l\u00e4pp\u00e4rill\u00e4. Yhden mahdollisen haasteenpaikan n\u00e4yttelij\u00e4 silti keksii.<\/p>\n<p>                <img decoding=\"async\" src=\"https:\/\/www.europesays.com\/fi\/wp-content\/uploads\/2025\/10\/1948652.webp\" width=\"576\" height=\"720\" alt=\"Esko pohtii j\u00e4\u00e4v\u00e4ns\u00e4 el\u00e4kkeelle mahdollisesti sitten, jos h\u00e4net sinne pakotetaan.\" loading=\"lazy\" \/>            <\/p>\n<p>\n            Esko pohtii j\u00e4\u00e4v\u00e4ns\u00e4 el\u00e4kkeelle mahdollisesti sitten, jos h\u00e4net sinne pakotetaan.<br \/>\n            ATTE KAJOVA\n        <\/p>\n<p class=\"article-content article-content-width !bg-background\">\u2013 Navigaattori, sit\u00e4 kun ei ole vanhemman mallisissa autoissakaan lainkaan, Esko pohtii jatkaen kuitenkin:<\/p>\n<p class=\"article-content article-content-width !bg-background\">\u2013 Paremminhan sit\u00e4 silti oppii vanhalla tyylill\u00e4 kartasta katsomalla. Jos tuijottaa vain navigaattoria, ei opi reittej\u00e4 itse ja tulee vain riippuvaiseksi siit\u00e4 laitteesta.\u00a0<\/p>\n<p>        <a itemprop=\"url\" href=\"https:\/\/www.seiska.fi\/kotimaa\/ohhoh-suosituimman-salkkarit-tahden-huikea-elamantarina-julki-minun-piti-jaada-kaivosyhtion-leipiin\/1356594\" rel=\"nofollow noopener\" target=\"_blank\"><\/p>\n<p class=\"section-date\">\n        <strong class=\"article-section\" data-section=\"kotimaa\"><br \/>\n            kotimaa<br \/>\n        <\/strong><br \/>\n        28.5.2024 07:00\n    <\/p>\n<p>Ohhoh! Suosituimman Salkkarit-t\u00e4hden huikea el\u00e4m\u00e4ntarina julki: Minun piti j\u00e4\u00e4d\u00e4 kaivosyhti\u00f6n leipiin\n    <\/p>\n<p itemprop=\"description\" class=\"subtitle \">\n    Esko Koverosta tuli n\u00e4yttelij\u00e4 vastoin kaikkia todenn\u00e4k\u00f6isyyksi\u00e4 \u2013 Is\u00e4ni sanoi, ett\u00e4 kaksi Koveroa kaivoksilla riitt\u00e4\u00e4, Salkkarit-t\u00e4hti muistelee.\n<\/p>\n<p>        <\/a><\/p>\n","protected":false},"excerpt":{"rendered":"ATTE KAJOVA Esko paljastaa Seiskalle, ettei omista edes \u00e4lypuhelinta. N\u00e4yttelij\u00e4 , 67, syksy on edennyt samaa kaavaa jo&hellip;\n","protected":false},"author":2,"featured_media":52985,"comment_status":"","ping_status":"","sticky":false,"template":"","format":"standard","meta":{"footnotes":""},"categories":[130],"tags":[12931,137,12763,33,31,30,7146,12913,1342,814,209,32,156,109],"class_list":{"0":"post-52984","1":"post","2":"type-post","3":"status-publish","4":"format-standard","5":"has-post-thumbnail","7":"category-viihde","8":"tag-alypuhelin","9":"tag-entertainment","10":"tag-esko-kovero","11":"tag-fi","12":"tag-finland","13":"tag-finnish","14":"tag-ismo-laitela","15":"tag-kylla-isa-osaa-lapissa","16":"tag-nayttelija","17":"tag-nuoret","18":"tag-salatut-elamat","19":"tag-suomi","20":"tag-tv","21":"tag-viihde"},"share_on_mastodon":{"url":"","error":""},"_links":{"self":[{"href":"https:\/\/www.europesays.com\/fi\/wp-json\/wp\/v2\/posts\/52984","targetHints":{"allow":["GET"]}}],"collection":[{"href":"https:\/\/www.europesays.com\/fi\/wp-json\/wp\/v2\/posts"}],"about":[{"href":"https:\/\/www.europesays.com\/fi\/wp-json\/wp\/v2\/types\/post"}],"author":[{"embeddable":true,"href":"https:\/\/www.europesays.com\/fi\/wp-json\/wp\/v2\/users\/2"}],"replies":[{"embeddable":true,"href":"https:\/\/www.europesays.com\/fi\/wp-json\/wp\/v2\/comments?post=52984"}],"version-history":[{"count":0,"href":"https:\/\/www.europesays.com\/fi\/wp-json\/wp\/v2\/posts\/52984\/revisions"}],"wp:featuredmedia":[{"embeddable":true,"href":"https:\/\/www.europesays.com\/fi\/wp-json\/wp\/v2\/media\/52985"}],"wp:attachment":[{"href":"https:\/\/www.europesays.com\/fi\/wp-json\/wp\/v2\/media?parent=52984"}],"wp:term":[{"taxonomy":"category","embeddable":true,"href":"https:\/\/www.europesays.com\/fi\/wp-json\/wp\/v2\/categories?post=52984"},{"taxonomy":"post_tag","embeddable":true,"href":"https:\/\/www.europesays.com\/fi\/wp-json\/wp\/v2\/tags?post=52984"}],"curies":[{"name":"wp","href":"https:\/\/api.w.org\/{rel}","templated":true}]}}