{"id":52990,"date":"2025-10-04T14:50:07","date_gmt":"2025-10-04T14:50:07","guid":{"rendered":"https:\/\/www.europesays.com\/fi\/52990\/"},"modified":"2025-10-04T14:50:07","modified_gmt":"2025-10-04T14:50:07","slug":"teollisuusliitto-vaatii-turun-telakkaa-kitkemaan-riistofirmat-tuossa-on-portti-ja-siita-ulos","status":"publish","type":"post","link":"https:\/\/www.europesays.com\/fi\/52990\/","title":{"rendered":"Teollisuusliitto vaatii Turun telakkaa kitkem\u00e4\u00e4n riistofirmat: \u201dTuossa on portti, ja siit\u00e4 ulos\u201d"},"content":{"rendered":"<p>Ihmiskauppa|Ulkomaisen ty\u00f6voiman ty\u00f6ehtojen polkeminen on ollut Turun telakalla \u201dmaan tapa\u201d, sanoo Teollisuusliiton varapuheenjohtaja Turja Lehtonen.<\/p>\n<p>Lue tiivistelm\u00e4<\/p>\n<p>Tiivistelm\u00e4 on teko\u00e4lyn tekem\u00e4 ja ihmisen tarkistama.<\/p>\n<p class=\"article-body mb-nof-24 px-nof-16 sndp-summary-bullet-point-font\">Teollisuusliiton varapuheenjohtaja Turja Lehtonen vaatii Meyerin Turun telakkaa puuttumaan alihankkijoiden ty\u00f6ehtorikkomuksiin.<\/p>\n<p class=\"article-body mb-nof-24 px-nof-16 sndp-summary-bullet-point-font\">Lehtonen kehottaa telakkaa k\u00e4ym\u00e4\u00e4n l\u00e4pi koko alihankintaverkostonsa ja poistamaan s\u00e4\u00e4nt\u00f6j\u00e4 rikkovat yritykset.<\/p>\n<p class=\"article-body mb-nof-24 px-nof-16 sndp-summary-bullet-point-font\">Turun telakalla on paljastunut useita tapauksia, joissa ulkomaisia ty\u00f6ntekij\u00f6it\u00e4 on riistetty maksamalla liian v\u00e4h\u00e4n palkkaa.<\/p>\n<p class=\"article-body mb-nof-24 px-nof-16 sndp-summary-bullet-point-font\">Lehtonen ehdottaa ratkaisuksi tiukempia sanktioita tilaajavastuulain rikkomisesta ja ulkopuolisen tahon valvontaa ty\u00f6maalla.<\/p>\n<p class=\"article-body mb-nof-24 px-nof-16\">Teollisuusliiton varapuheenjohtaja <a class=\"article-personlink\" href=\"https:\/\/www.hs.fi\/haku\/?query=Turja%20Lehtonen\" rel=\"nofollow noopener\" target=\"_blank\">Turja Lehtonen<\/a> vaatii Meyerin Turun telakkaa laittamaan ty\u00f6ehtoja polkevat alihankkijansa kuriin.<\/p>\n<p class=\"article-body mb-nof-24 px-nof-16\">\u201dTelakan on k\u00e4yt\u00e4v\u00e4 koko alihankintaverkostonsa l\u00e4pi. T\u00e4m\u00e4 edellytt\u00e4\u00e4 rankkoja toimia: sellaiset firmat, jotka eiv\u00e4t laita hommiaan kuntoon, tulee yksinkertaisesti heitt\u00e4\u00e4 pois sielt\u00e4\u201d, Lehtonen sanoo HS:lle.<\/p>\n<p class=\"article-body mb-nof-24 px-nof-16\">\u201dUskon vahvasti esimerkin voimaan. Laittakaa homma kuntoon, tai tuossa on portti, ja siit\u00e4 ulos. Telakalla on nyt noin kymmeneksi vuodeksi t\u00f6it\u00e4, ja aivan varmasti moni yritt\u00e4j\u00e4 haluaisi varmistaa, ett\u00e4 saa olla ty\u00f6n syrj\u00e4ss\u00e4 kiinni.\u201d<\/p>\n<p class=\"article-body mb-nof-24 px-nof-16\">STT <a class=\"article-genericlink\" href=\"https:\/\/www.hs.fi\/suomi\/art-2000011522714.html\" rel=\"nofollow noopener\" target=\"_blank\">uutisoi <\/a>viime viikonloppuna laajassa artikkelissa ukrainalaisten ty\u00f6ntekij\u00f6iden laittomista ty\u00f6ehdoista. HS <a class=\"article-genericlink\" href=\"https:\/\/www.hs.fi\/tutkiva\/art-2000011535420.html\" rel=\"nofollow noopener\" target=\"_blank\">uutisoi <\/a>perjantaina toisesta tapauksesta, jossa 18 ukrainalaista oli j\u00e4\u00e4nyt osalta ty\u00f6ajastaan kokonaan ilman palkkaa, sek\u00e4 ilman ylity\u00f6korvauksia tai muita lisi\u00e4.<\/p>\n<p class=\"article-body mb-nof-24 px-nof-16\">Ukrainalaisilta sotapakolaisilta puuttui l\u00e4hes 140\u202f000 euroa korvauksia. Miehet olivat ty\u00f6skennelleet kevytyritt\u00e4jin\u00e4, eli viranomaiset uskoivat, ett\u00e4 heid\u00e4n ty\u00f6suhteensa oli naamioitu yritt\u00e4jyydeksi.<\/p>\n<p class=\"article-body mb-nof-24 px-nof-16\">Turun telakalta viestitettiin perjantaina HS:lle, ett\u00e4 yhti\u00f6 ottaa tiedot vakavasti. Uusien kevytyritt\u00e4jien k\u00e4ytt\u00f6 telakalla on kielletty yhti\u00f6n mukaan viime vuonna. Ylen <a class=\"article-genericlink\" href=\"https:\/\/yle.fi\/a\/74-20186575\" rel=\"nofollow noopener\" target=\"_blank\">mukaan <\/a>kevytyritt\u00e4jyyskieltoa kierret\u00e4\u00e4n.<\/p>\n<p class=\"article-body mb-nof-24 px-nof-16\">Ty\u00f6ministeri <a class=\"article-personlink\" href=\"https:\/\/www.hs.fi\/haku\/?query=Matias%20Marttinen\" rel=\"nofollow noopener\" target=\"_blank\">Matias Marttinen<\/a> (kok) on <a class=\"article-genericlink\" href=\"https:\/\/www.hs.fi\/suomi\/art-2000011523102.html\" rel=\"nofollow noopener\" target=\"_blank\">vaatinut <\/a>telakkaa puuttumaan ongelmiin. Telakan toimitusjohtaja on luvannut n\u00e4in tehd\u00e4.<\/p>\n<p class=\"article-body mb-nof-24 px-nof-16\">Lehtonen sanoo, ett\u00e4 Meyerin Turun telakan tulisi ottaa mallia Mets\u00e4 Groupista.<\/p>\n<p class=\"article-body mb-nof-24 px-nof-16\">Yhti\u00f6ll\u00e4 oli vuonna 2023 Kemiss\u00e4 Suomen mets\u00e4teollisuuden historian suurin, kahden miljardin euron tehdasinvestointi, joka houkutteli paikalle my\u00f6s ty\u00f6voimaansa riist\u00e4vi\u00e4 firmoja.<\/p>\n<p class=\"article-body mb-nof-24 px-nof-16\">\u201dMets\u00e4 Group kantoi vastuunsa: siell\u00e4 heitettiin ulos alihankkijoita, jotka eiv\u00e4t toimineet oikein.\u201d<\/p>\n<p class=\"article-body mb-nof-24 px-nof-16\">Alihankintaketju tervehtyi kohtuullisen nopeasti, Lehtonen sanoo. Riistofirmat heitettiin pois, yritt\u00e4j\u00e4t alkoivat toimia oikein.<\/p>\n<p class=\"article-body mb-nof-24 px-nof-16\">Toisenlaisiakin esimerkkej\u00e4 on. Lehtonen mainitsee mets\u00e4yhti\u00f6 Stora Enson, jonka Oulun Nuottasaaren ty\u00f6maalla on <a class=\"article-genericlink\" href=\"https:\/\/www.hs.fi\/tutkiva\/art-2000010742709.html\" rel=\"nofollow noopener\" target=\"_blank\">paljastunut <\/a>ulkomaisen ty\u00f6voiman riistoa. HS on uutisoinut osasta tapauksia aiemmin.<\/p>\n<p class=\"article-body mb-nof-24 px-nof-16\">Stora Enson alihankkijan alihankkijan ty\u00f6ntekij\u00e4t ovat j\u00e4\u00e4neet ilman palkkojaan, eik\u00e4 Stora Enso ole korvannut menetyksi\u00e4. Yritys on aiemmin kertonut, ett\u00e4 Oulun Nuottasaaren ty\u00f6maa on ollut \u201derinomaisessa kunnossa\u201d.<\/p>\n<p class=\"article-body mb-nof-24 px-nof-16\">Lehtosen mielest\u00e4 p\u00e4\u00e4urakoitsijan tai tilaajan tulisi kantaa vastuunsa alihankintaketjun ty\u00f6ntekij\u00f6ist\u00e4 ja laittaa rahaa sivuun silt\u00e4 varalta, ett\u00e4 he j\u00e4\u00e4v\u00e4t ilman korvausta.<\/p>\n<p class=\"article-body mb-nof-24 px-nof-16\">Ensisijainen toimenpide on kuitenkin se, ett\u00e4 itse ty\u00f6maa laitetaan kuntoon, h\u00e4n sanoo.<\/p>\n<p class=\"article-body mb-nof-24 px-nof-16\">\u201dTurun telakan tulisi tehd\u00e4 kuten Mets\u00e4 Group: ottaa paikalle joku ulkopuolinen taho, joka seuloo kaikki firmat l\u00e4pi, valvoo ett\u00e4 ty\u00f6luvat ja palkat ovat kunnossa, ja niin edelleen.\u201d<\/p>\n<p class=\"article-body mb-nof-24 px-nof-16\">Lehtonen, joka kasvoi itse Turun telakan varjossa ja ty\u00f6skenteli sittemmin telakan alihankkijalla, kuvaa ulkomaisen ty\u00f6voiman ty\u00f6ehtojen polkemista telakalla \u201dmaan tavaksi\u201d.<\/p>\n<p class=\"article-body mb-nof-24 px-nof-16\">H\u00e4n kertoo olleensa jo vuosikymmeni\u00e4 sitten k\u00e4r\u00e4j\u00e4oikeudessa todistamassa ty\u00f6voimaansa huijanneita yrityksi\u00e4 vastaan, ja huomanneensa parin viikon p\u00e4\u00e4st\u00e4, ett\u00e4 samat yritykset palasivat telakalle.<\/p>\n<p class=\"article-body mb-nof-24 px-nof-16\">\u201dPuhdasta telakkayhti\u00f6n v\u00e4linpit\u00e4m\u00e4tt\u00f6myytt\u00e4. T\u00e4m\u00e4 on ollut sellainen vaiettu salaisuus.\u201d<\/p>\n<p class=\"article-body mb-nof-24 px-nof-16\">Yksi ratkaisu ongelmaan olisi Teollisuusliiton Lehtosen mielest\u00e4 sanktioiden tiukentaminen tilaajavastuulain rikkomisesta. Laki ei suoraan k\u00e4sittele palkkausta, mutta kyll\u00e4kin muita ty\u00f6nantajan lakis\u00e4\u00e4teisi\u00e4 velvollisuuksia.<\/p>\n<p class=\"article-body mb-nof-24 px-nof-16\">Ty\u00f6suojeluviranomainen voi m\u00e4\u00e4r\u00e4t\u00e4 tilaajavastuulain rikkomisesta tai laiminly\u00f6nnist\u00e4 laiminly\u00f6ntimaksun, jonka suuruus liikkuu parista tuhannesta eurosta kymmeniin tuhansiin euroihin.<\/p>\n<p class=\"article-body mb-nof-24 px-nof-16\">Lehtosen mielest\u00e4 summat ovat aivan liian pieni\u00e4.<\/p>\n<p class=\"article-body mb-nof-24 px-nof-16\">\u201dT\u00e4ll\u00e4 hetkell\u00e4 ty\u00f6nantaja voi saada parin tonnin sakon sadan tonnin hy\u00f6dyst\u00e4.\u201d<\/p>\n","protected":false},"excerpt":{"rendered":"Ihmiskauppa|Ulkomaisen ty\u00f6voiman ty\u00f6ehtojen polkeminen on ollut Turun telakalla \u201dmaan tapa\u201d, sanoo Teollisuusliiton varapuheenjohtaja Turja Lehtonen. Lue tiivistelm\u00e4 Tiivistelm\u00e4&hellip;\n","protected":false},"author":2,"featured_media":52991,"comment_status":"","ping_status":"","sticky":false,"template":"","format":"standard","meta":{"footnotes":""},"categories":[12],"tags":[22,23,26,27,33,31,30,17,46,24,25,28,29,15,18,21,32,19,20,16],"class_list":{"0":"post-52990","1":"post","2":"type-post","3":"status-publish","4":"format-standard","5":"has-post-thumbnail","7":"category-suomi","8":"tag-breaking-news","9":"tag-breakingnews","10":"tag-featured-news","11":"tag-featurednews","12":"tag-fi","13":"tag-finland","14":"tag-finnish","15":"tag-headlines","16":"tag-helsingin-sanomat","17":"tag-latest-news","18":"tag-latestnews","19":"tag-main-news","20":"tag-mainnews","21":"tag-news","22":"tag-otsikot","23":"tag-paauutiset","24":"tag-suomi","25":"tag-top-stories","26":"tag-topstories","27":"tag-uutiset"},"share_on_mastodon":{"url":"","error":""},"_links":{"self":[{"href":"https:\/\/www.europesays.com\/fi\/wp-json\/wp\/v2\/posts\/52990","targetHints":{"allow":["GET"]}}],"collection":[{"href":"https:\/\/www.europesays.com\/fi\/wp-json\/wp\/v2\/posts"}],"about":[{"href":"https:\/\/www.europesays.com\/fi\/wp-json\/wp\/v2\/types\/post"}],"author":[{"embeddable":true,"href":"https:\/\/www.europesays.com\/fi\/wp-json\/wp\/v2\/users\/2"}],"replies":[{"embeddable":true,"href":"https:\/\/www.europesays.com\/fi\/wp-json\/wp\/v2\/comments?post=52990"}],"version-history":[{"count":0,"href":"https:\/\/www.europesays.com\/fi\/wp-json\/wp\/v2\/posts\/52990\/revisions"}],"wp:featuredmedia":[{"embeddable":true,"href":"https:\/\/www.europesays.com\/fi\/wp-json\/wp\/v2\/media\/52991"}],"wp:attachment":[{"href":"https:\/\/www.europesays.com\/fi\/wp-json\/wp\/v2\/media?parent=52990"}],"wp:term":[{"taxonomy":"category","embeddable":true,"href":"https:\/\/www.europesays.com\/fi\/wp-json\/wp\/v2\/categories?post=52990"},{"taxonomy":"post_tag","embeddable":true,"href":"https:\/\/www.europesays.com\/fi\/wp-json\/wp\/v2\/tags?post=52990"}],"curies":[{"name":"wp","href":"https:\/\/api.w.org\/{rel}","templated":true}]}}