{"id":53020,"date":"2025-10-04T15:42:09","date_gmt":"2025-10-04T15:42:09","guid":{"rendered":"https:\/\/www.europesays.com\/fi\/53020\/"},"modified":"2025-10-04T15:42:09","modified_gmt":"2025-10-04T15:42:09","slug":"auto-syttyi-palamaan-kesken-ajo-kyydissa-7-henkea","status":"publish","type":"post","link":"https:\/\/www.europesays.com\/fi\/53020\/","title":{"rendered":"Auto syttyi palamaan kesken ajo \u2013 kyydiss\u00e4 7 henke\u00e4"},"content":{"rendered":"<p>Auto meni lunastuskuntoon, mutta kukaan ei loukkaantunut.<\/p>\n<p>Videolla n\u00e4kyy, kuinka liekit nousivat auton konepellin alta .Video: Lukijan video<\/p>\n<p class=\"article-body mb-nof-24 px-nof-16\">Tila-auto syttyi tuleen kesken ajon valtatie 3:lla eli Kolmostiell\u00e4 Valkeakosken kohdalla lauantaina iltap\u00e4iv\u00e4ll\u00e4.<\/p>\n<p class=\"article-body mb-nof-24 px-nof-16\">\u2013 Auto syttyi ajossa, pienet liekit tulivat konepellin alta. Autossa oli syttymishetkell\u00e4 seitsem\u00e4n henkil\u00f6\u00e4. Se oli tila-auto, pelastuslaitoksen tilanne- ja johtokeskuksen p\u00e4ivyst\u00e4v\u00e4n palomestari <a class=\"article-personlink\" href=\"https:\/\/www.is.fi\/haku\/?query=Joni%20Evikoski\" rel=\"nofollow noopener\" target=\"_blank\">Joni Evikoski <\/a>kertoo.<\/p>\n<p class=\"article-body mb-nof-24 px-nof-16\">Evikoski kertoo, ett\u00e4 kuljettaja oli pys\u00e4ytt\u00e4nyt auton oikeaoppisesti tien laitaan, kaikki kyydiss\u00e4 olleet poistuivat autosta ja kuljettaja soitti h\u00e4t\u00e4keskukseen.<\/p>\n<p><img decoding=\"async\" src=\"https:\/\/www.europesays.com\/fi\/wp-content\/uploads\/2025\/10\/1759592529_325_468.jpg\" alt=\"Tila-auto syttyi tuleen kesken ajon valtatie 3:lla lauantaina iltap\u00e4iv\u00e4ll\u00e4. Autosta tuli voimakkaasti savua ja konepellin alta n\u00e4kyiv\u00e4t liekit.\" class=\"_Img_1rerz_1\" style=\"aspect-ratio:0.75\" loading=\"eager\"\/><\/p>\n<p class=\"article-picture-caption\">Tila-auto syttyi tuleen kesken ajon valtatie 3:lla lauantaina iltap\u00e4iv\u00e4ll\u00e4. Autosta tuli voimakkaasti savua ja konepellin alta n\u00e4kyiv\u00e4t liekit. Kuva:\u00a0Lukijan kuva<\/p>\n<p><img decoding=\"async\" src=\"https:\/\/www.europesays.com\/fi\/wp-content\/uploads\/2025\/10\/1759592529_64_468.jpg\" alt=\"Pelastuslaitos sammutti palon ja teki auton virrattomaksi.\" class=\"_Img_1rerz_1\" style=\"aspect-ratio:0.75\" loading=\"eager\"\/><\/p>\n<p class=\"article-picture-caption\">Pelastuslaitos sammutti palon ja teki auton virrattomaksi. Kuva:\u00a0Lukijan kuva<\/p>\n<p class=\"article-body mb-nof-24 px-nof-16\">Kun pelastuslaitos saapui paikalle, autosta tuli voimakkaasti savua ja konepellin alta n\u00e4kyiv\u00e4t liekit. Pelastuslaitos sammutti palon ja teki auton virrattomaksi.<\/p>\n<p class=\"article-body mb-nof-24 px-nof-16\">Onnettomuus haittasi jonkin aikaa H\u00e4meenlinnan suuntaan menev\u00e4\u00e4 liikennett\u00e4.<\/p>\n<p class=\"article-body mb-nof-24 px-nof-16\">\u2013 Toinen kaista jouduttiin hetkeksi sulkemaan, jotta saatiin meid\u00e4n toiminta turvattua. Liikennett\u00e4 ei tarvinnut kokonaan katkaista miss\u00e4\u00e4n vaiheessa.<\/p>\n<p class=\"article-body mb-nof-24 px-nof-16\">Auto meni lunastuskuntoon ja odottaa hinausta. Tilanne on ohi ja liikenne sujuu paikalla normaalisti.<\/p>\n","protected":false},"excerpt":{"rendered":"Auto meni lunastuskuntoon, mutta kukaan ei loukkaantunut. Videolla n\u00e4kyy, kuinka liekit nousivat auton konepellin alta .Video: Lukijan video&hellip;\n","protected":false},"author":2,"featured_media":53021,"comment_status":"","ping_status":"","sticky":false,"template":"","format":"standard","meta":{"footnotes":""},"categories":[12],"tags":[22,23,26,27,33,31,30,17,34,24,25,28,29,15,18,21,32,19,20,16],"class_list":{"0":"post-53020","1":"post","2":"type-post","3":"status-publish","4":"format-standard","5":"has-post-thumbnail","7":"category-suomi","8":"tag-breaking-news","9":"tag-breakingnews","10":"tag-featured-news","11":"tag-featurednews","12":"tag-fi","13":"tag-finland","14":"tag-finnish","15":"tag-headlines","16":"tag-ilta-sanomat","17":"tag-latest-news","18":"tag-latestnews","19":"tag-main-news","20":"tag-mainnews","21":"tag-news","22":"tag-otsikot","23":"tag-paauutiset","24":"tag-suomi","25":"tag-top-stories","26":"tag-topstories","27":"tag-uutiset"},"share_on_mastodon":{"url":"","error":""},"_links":{"self":[{"href":"https:\/\/www.europesays.com\/fi\/wp-json\/wp\/v2\/posts\/53020","targetHints":{"allow":["GET"]}}],"collection":[{"href":"https:\/\/www.europesays.com\/fi\/wp-json\/wp\/v2\/posts"}],"about":[{"href":"https:\/\/www.europesays.com\/fi\/wp-json\/wp\/v2\/types\/post"}],"author":[{"embeddable":true,"href":"https:\/\/www.europesays.com\/fi\/wp-json\/wp\/v2\/users\/2"}],"replies":[{"embeddable":true,"href":"https:\/\/www.europesays.com\/fi\/wp-json\/wp\/v2\/comments?post=53020"}],"version-history":[{"count":0,"href":"https:\/\/www.europesays.com\/fi\/wp-json\/wp\/v2\/posts\/53020\/revisions"}],"wp:featuredmedia":[{"embeddable":true,"href":"https:\/\/www.europesays.com\/fi\/wp-json\/wp\/v2\/media\/53021"}],"wp:attachment":[{"href":"https:\/\/www.europesays.com\/fi\/wp-json\/wp\/v2\/media?parent=53020"}],"wp:term":[{"taxonomy":"category","embeddable":true,"href":"https:\/\/www.europesays.com\/fi\/wp-json\/wp\/v2\/categories?post=53020"},{"taxonomy":"post_tag","embeddable":true,"href":"https:\/\/www.europesays.com\/fi\/wp-json\/wp\/v2\/tags?post=53020"}],"curies":[{"name":"wp","href":"https:\/\/api.w.org\/{rel}","templated":true}]}}