{"id":53024,"date":"2025-10-04T15:47:12","date_gmt":"2025-10-04T15:47:12","guid":{"rendered":"https:\/\/www.europesays.com\/fi\/53024\/"},"modified":"2025-10-04T15:47:12","modified_gmt":"2025-10-04T15:47:12","slug":"otolliselta-elamanvyohykkeen-eksoplaneetalta-ei-loytynyt-kaasukehaa-webbin-havainnoissa","status":"publish","type":"post","link":"https:\/\/www.europesays.com\/fi\/53024\/","title":{"rendered":"Otolliselta el\u00e4m\u00e4nvy\u00f6hykkeen eksoplaneetalta ei l\u00f6ytynyt kaasukeh\u00e4\u00e4 Webbin havainnoissa"},"content":{"rendered":"<p>Trappist-1-t\u00e4hdelt\u00e4 on t\u00e4h\u00e4n menness\u00e4 l\u00f6ydetty seitsem\u00e4n planeettaa. Webb-avaruusteleskoopin infrapunahavainnot antoivat nyt ik\u00e4v\u00e4n yll\u00e4tyksen sielt\u00e4 el\u00e4m\u00e4\u00e4 etsiville.&#13;<\/p>\n<p class=\"bodytext\">Punaisen Trappist-1-k\u00e4\u00e4pi\u00f6t\u00e4hden e-planeettaa on pidetty <a href=\"https:\/\/www.avaruus.fi\/uutiset\/eksoplaneetat\/yhdella-trappist-1-tahden-planeetoista-voi-olla-samanlainen-ilmasto-kuin-maalla.html\" target=\"_blank\" rel=\"nofollow noopener\">erityisen kiinnostavana<\/a>, sill\u00e4 se on vain hieman maapalloa pienempi ja kiert\u00e4\u00e4 t\u00e4hte\u00e4\u00e4n sen el\u00e4m\u00e4nvy\u00f6hykkeell\u00e4. El\u00e4m\u00e4nvy\u00f6hyke sijaitsee et\u00e4isyydell\u00e4, jolla vesi voi esiinty\u00e4 nesteen\u00e4 planeetan pinnalla.\n<\/p>\n<p>Nyt Webb-avaruusteleskoopin havainnoista on analysoitu nelj\u00e4 ylikulkua eli nelj\u00e4 kertaa, kun planeetta kulki emot\u00e4htens\u00e4 edest\u00e4. Infrapuna-alueen spektrometrihavainnoissa ei erotu planeetan syntyess\u00e4 muodostuvaa hiilidioksidia sis\u00e4lt\u00e4v\u00e4\u00e4 kaasukeh\u00e4\u00e4.\n<\/p>\n<p>\u201cWebbin infrapunahavaintolaitteet paljastavat meille enemm\u00e4n yksityiskohtia kuin olemme erottaneet koskaan aiemmin. Ensimm\u00e4iset nelj\u00e4 havaintoa e-planeetasta n\u00e4ytt\u00e4v\u00e4t suuntaa seuraaville havainnoille\u201d, selostaa <strong>Nestor Espinoza<\/strong> STScI:st\u00e4.\n<\/p>\n<p>Havainto ei sulje kokonaan pois, etteik\u00f6 planeetalle olisi voinut my\u00f6hemmin muodostua erilainen kaasukeh\u00e4, jota nyt ei vain havaittu. Esimerkiksi maapallon alkuper\u00e4inen kaasukeh\u00e4 todenn\u00e4k\u00f6isesti katosi kokonaan Kuun synnytt\u00e4neess\u00e4 t\u00f6rm\u00e4yksess\u00e4 ja nykyinen ilmakeh\u00e4 on muodostunut sen j\u00e4lkeen.\n<\/p>\n<p>Silti Webbin data laskee selv\u00e4sti todenn\u00e4k\u00f6isyytt\u00e4, ett\u00e4 ratansa ja kokonsa puolesta lupaavalla planeetalla olisi kaasukeh\u00e4.\n<\/p>\n<p>40 valovuoden et\u00e4isyydell\u00e4 meist\u00e4 sijaitseva Trappist-1 on yksi kiinnostavimmista tunnetuista eksoplaneettakunnista. Sen tunnettujen planeettojen m\u00e4\u00e4r\u00e4 nousi <a href=\"https:\/\/www.avaruus.fi\/uutiset\/eksoplaneetat\/trappist-1-jarjestelman-seitsemannen-planeetan-olemassaolo-varmistui.html\" target=\"_blank\" rel=\"nofollow noopener\">kolmesta seitsem\u00e4\u00e4n<\/a> vuonna 2017. Vuonna 2023 havainnot paljastivat, ett\u00e4 c-planeetalla <a href=\"https:\/\/www.avaruus.fi\/uutiset\/eksoplaneetat\/trappist-jarjestelman-planeetta-osoittautui-venuksen-vastakohdaksi-ei-kaasukehaa.html\" target=\"_blank\" rel=\"nofollow noopener\">ei vaikuta olevan<\/a> kaasukeh\u00e4\u00e4.\n<\/p>\n<p>Punaiset k\u00e4\u00e4pi\u00f6t\u00e4hdet ovat yleisi\u00e4 ja pitk\u00e4ik\u00e4isi\u00e4, mutta niiden my\u00f6s arvioidaan toisinaan purkautuvan voimakkaasti. T\u00e4llaiset purkaukset kuluttavat niit\u00e4 kiert\u00e4vien planeettojen kaasukehi\u00e4.\n<\/p>\n<p><a href=\"https:\/\/science.nasa.gov\/missions\/webb\/nasa-webb-looks-at-earth-sized-habitable-zone-exoplanet-trappist-1-e\/\" target=\"_blank\" rel=\"noreferrer nofollow noopener\">Aiheesta lis\u00e4\u00e4 Nasa<\/a> (englanniksi)<\/p>\n","protected":false},"excerpt":{"rendered":"Trappist-1-t\u00e4hdelt\u00e4 on t\u00e4h\u00e4n menness\u00e4 l\u00f6ydetty seitsem\u00e4n planeettaa. Webb-avaruusteleskoopin infrapunahavainnot antoivat nyt ik\u00e4v\u00e4n yll\u00e4tyksen sielt\u00e4 el\u00e4m\u00e4\u00e4 etsiville.&#13; Punaisen Trappist-1-k\u00e4\u00e4pi\u00f6t\u00e4hden&hellip;\n","protected":false},"author":2,"featured_media":53025,"comment_status":"","ping_status":"","sticky":false,"template":"","format":"standard","meta":{"footnotes":""},"categories":[114],"tags":[453,33,31,30,118,452,32,119],"class_list":{"0":"post-53024","1":"post","2":"type-post","3":"status-publish","4":"format-standard","5":"has-post-thumbnail","7":"category-avaruus","8":"tag-avaruus","9":"tag-fi","10":"tag-finland","11":"tag-finnish","12":"tag-science","13":"tag-space","14":"tag-suomi","15":"tag-tiede"},"share_on_mastodon":{"url":"","error":""},"_links":{"self":[{"href":"https:\/\/www.europesays.com\/fi\/wp-json\/wp\/v2\/posts\/53024","targetHints":{"allow":["GET"]}}],"collection":[{"href":"https:\/\/www.europesays.com\/fi\/wp-json\/wp\/v2\/posts"}],"about":[{"href":"https:\/\/www.europesays.com\/fi\/wp-json\/wp\/v2\/types\/post"}],"author":[{"embeddable":true,"href":"https:\/\/www.europesays.com\/fi\/wp-json\/wp\/v2\/users\/2"}],"replies":[{"embeddable":true,"href":"https:\/\/www.europesays.com\/fi\/wp-json\/wp\/v2\/comments?post=53024"}],"version-history":[{"count":0,"href":"https:\/\/www.europesays.com\/fi\/wp-json\/wp\/v2\/posts\/53024\/revisions"}],"wp:featuredmedia":[{"embeddable":true,"href":"https:\/\/www.europesays.com\/fi\/wp-json\/wp\/v2\/media\/53025"}],"wp:attachment":[{"href":"https:\/\/www.europesays.com\/fi\/wp-json\/wp\/v2\/media?parent=53024"}],"wp:term":[{"taxonomy":"category","embeddable":true,"href":"https:\/\/www.europesays.com\/fi\/wp-json\/wp\/v2\/categories?post=53024"},{"taxonomy":"post_tag","embeddable":true,"href":"https:\/\/www.europesays.com\/fi\/wp-json\/wp\/v2\/tags?post=53024"}],"curies":[{"name":"wp","href":"https:\/\/api.w.org\/{rel}","templated":true}]}}