{"id":53026,"date":"2025-10-04T15:53:42","date_gmt":"2025-10-04T15:53:42","guid":{"rendered":"https:\/\/www.europesays.com\/fi\/53026\/"},"modified":"2025-10-04T15:53:42","modified_gmt":"2025-10-04T15:53:42","slug":"kirjaston-laitteet-ja-digitointipaja-imatran-kaupunki","status":"publish","type":"post","link":"https:\/\/www.europesays.com\/fi\/53026\/","title":{"rendered":"Kirjaston laitteet ja digitointipaja | Imatran kaupunki"},"content":{"rendered":"<p>                  Asiakasty\u00f6asemat<\/p>\n<p>Asiakasty\u00f6asemille kirjaudut Heili-kirjastokortilla ja PIN-tunnuksellasi. Ajanvarausta et tarvitse. Jos sinulla ei ole kirjastokorttia, henkil\u00f6kunta avaa koneen vierailijatunnuksilla.\u00a0Asiakaskoneiden k\u00e4ytt\u00f6\u00e4 on rajoitettu eBooking-ohjelmalla (2 tuntia per asiakas vuorokaudessa).<\/p>\n<p>Kaikilla koneilla on internet-yhteys ja Office-ohjelmistot (Word, PowerPoint). Kaikissa koneissa on my\u00f6s kuulokkeet.\u00a0Koneilta voi tulostaa. Tulosteet ovat maksullisia (<a href=\"https:\/\/www.imatra.fi\/kirjasto\/tervetuloa-kirjastoon\/laina-ajat-ja-maksut\" target=\"_blank\" rel=\"nofollow noopener\">katso hinnasto<\/a>).<\/p>\n<p>Langaton verkko<\/p>\n<p>Kirjastoissa toimii\u00a0langaton verkko \u201dKirjastoOpen\u201d, joka ei vaadi salasanaa. Kirjastoissa k\u00e4ytett\u00e4viss\u00e4 olevat tietokannat ja verkkolehdet ovat tarjolla my\u00f6s langattomassa\u00a0verkossa.<\/p>\n<p>Hublet-tablettilainaus<\/p>\n<p>P\u00e4\u00e4kirjastossa on Hublet-tablettilainaamo, josta voit lainata tablettitietokoneen kirjastossa k\u00e4ytett\u00e4v\u00e4ksi kahden tunnin ajaksi. Tabletti hy\u00f6dynt\u00e4\u00e4 kirjaston langatonta verkkoa. Lainaaminen tapahtuu kirjastokortilla ja sen PIN-numerolla. <a href=\"https:\/\/www.youtube.com\/watch?v=sxyoebxTvUo\" target=\"_blank\" rel=\"nofollow noopener\">Katso video-ohje Hubletin lainaamiseen<\/a>.<\/p>\n<p>Puhelimien latauskaapit<\/p>\n<p>P\u00e4\u00e4kirjastossa ja Vuoksenniskalla on latauskaappi\u00a0matkapuhelimille. Lukittavissa kaapeissa on\u00a0iPhone-, Micro-USB- ja USB-C-johdot. Kaapin saat lukittua itse valitsemallasi nelinumeroisella PIN-koodilla. Koodin ei tarvitse olla sama kuin kirjastokorttisi PIN-tunnus.<\/p>\n<p>Digitointipaja<\/p>\n<p>P\u00e4\u00e4kirjaston digitointipajassa on laitteet VHS-kasettien, kaitafilmien (Normal 8 ja Super 8, laitteen merkki Reflecta), valokuvien, diakuvien ja\u00a0\u00e4\u00e4nitallenteiden (C-kasettien ja LP-levyjen) digitointiin sek\u00e4 mikrofilmien lukemiseen. K\u00e4ytett\u00e4viss\u00e4 on tulostin, skanneri sek\u00e4\u00a0kuvan- ja \u00e4\u00e4nenk\u00e4sittelyohjelmat.<\/p>\n<p>Digitointipajaan varaat ajan joko paikan p\u00e4\u00e4ll\u00e4 p\u00e4\u00e4kirjastossa tai soittamalla.\u00a0Varauksen teon yhteydess\u00e4 voit pyyt\u00e4\u00e4 henkil\u00f6kunnalta alkuopastuksen. Digitointi ja opastus ovat maksuttomia.\u00a0Videoiden ja \u00e4\u00e4nitallenteiden digitointi kest\u00e4\u00e4 yht\u00e4 kauan kuin digitoitava tallenne:\u00a0esimerkiksi kaksituntisen VHS-kasetin digitointiin kuluu kaksi tuntia. Tallenteet saat itsellesi muistitikulla tai levyll\u00e4. Kirjastosta voit halutessasi ostaa tyhji\u00e4 CD- ja DVD-levyj\u00e4.<\/p>\n<p>Kirjastossa ei en\u00e4\u00e4 ole 3D-tulostinta.<\/p>\n","protected":false},"excerpt":{"rendered":"Asiakasty\u00f6asemat Asiakasty\u00f6asemille kirjaudut Heili-kirjastokortilla ja PIN-tunnuksellasi. Ajanvarausta et tarvitse. Jos sinulla ei ole kirjastokorttia, henkil\u00f6kunta avaa koneen vierailijatunnuksilla.\u00a0Asiakaskoneiden&hellip;\n","protected":false},"author":2,"featured_media":53027,"comment_status":"","ping_status":"","sticky":false,"template":"","format":"standard","meta":{"footnotes":""},"categories":[86],"tags":[420,33,31,30,421,32,91,92],"class_list":{"0":"post-53026","1":"post","2":"type-post","3":"status-publish","4":"format-standard","5":"has-post-thumbnail","7":"category-laitteet","8":"tag-equipment","9":"tag-fi","10":"tag-finland","11":"tag-finnish","12":"tag-laitteet","13":"tag-suomi","14":"tag-technology","15":"tag-teknologia"},"share_on_mastodon":{"url":"","error":""},"_links":{"self":[{"href":"https:\/\/www.europesays.com\/fi\/wp-json\/wp\/v2\/posts\/53026","targetHints":{"allow":["GET"]}}],"collection":[{"href":"https:\/\/www.europesays.com\/fi\/wp-json\/wp\/v2\/posts"}],"about":[{"href":"https:\/\/www.europesays.com\/fi\/wp-json\/wp\/v2\/types\/post"}],"author":[{"embeddable":true,"href":"https:\/\/www.europesays.com\/fi\/wp-json\/wp\/v2\/users\/2"}],"replies":[{"embeddable":true,"href":"https:\/\/www.europesays.com\/fi\/wp-json\/wp\/v2\/comments?post=53026"}],"version-history":[{"count":0,"href":"https:\/\/www.europesays.com\/fi\/wp-json\/wp\/v2\/posts\/53026\/revisions"}],"wp:featuredmedia":[{"embeddable":true,"href":"https:\/\/www.europesays.com\/fi\/wp-json\/wp\/v2\/media\/53027"}],"wp:attachment":[{"href":"https:\/\/www.europesays.com\/fi\/wp-json\/wp\/v2\/media?parent=53026"}],"wp:term":[{"taxonomy":"category","embeddable":true,"href":"https:\/\/www.europesays.com\/fi\/wp-json\/wp\/v2\/categories?post=53026"},{"taxonomy":"post_tag","embeddable":true,"href":"https:\/\/www.europesays.com\/fi\/wp-json\/wp\/v2\/tags?post=53026"}],"curies":[{"name":"wp","href":"https:\/\/api.w.org\/{rel}","templated":true}]}}