{"id":53030,"date":"2025-10-04T16:03:09","date_gmt":"2025-10-04T16:03:09","guid":{"rendered":"https:\/\/www.europesays.com\/fi\/53030\/"},"modified":"2025-10-04T16:03:09","modified_gmt":"2025-10-04T16:03:09","slug":"marita-taavitsaisen-pasta-carbonara-resepti-herattaa-keskustelua-somessa","status":"publish","type":"post","link":"https:\/\/www.europesays.com\/fi\/53030\/","title":{"rendered":"Marita Taavitsaisen pasta carbonara -resepti her\u00e4tt\u00e4\u00e4 keskustelua somessa"},"content":{"rendered":"<p>            Matti Matikainen\n        <\/p>\n<p class=\"subtitle \">Marita sai mokastaan huomautuksia osakseen.<\/p>\n<p class=\"article-content article-content-width !bg-background\">Vuoden 1995 tangokuningattarenaki muistettava , 57, on t\u00e4n\u00e4 p\u00e4iv\u00e4n\u00e4 aktiivinen sosiaalisenmedian p\u00e4ivittelij\u00e4.\u00a0<\/p>\n<p class=\"font-weight-bold m-font-weight-bold article-content article-content-width !bg-background\">Katso my\u00f6s! Seiska pelasti Marita Taavitsaisen kruunun:<\/p>\n<p class=\"article-content article-content-width !bg-background\">Maritan jakamat vieot<a href=\"https:\/\/www.instagram.com\/marita_taavitsainen\/\" target=\"_blank\" rel=\"nofollow noopener\"> Instagramiin<\/a> ja<a href=\"https:\/\/www.facebook.com\/marita.taavitsainen.7\" target=\"_blank\" rel=\"nofollow noopener\"> Facebookiin<\/a> pit\u00e4v\u00e4t sis\u00e4ll\u00e4\u00e4n muun muassa kurkistuksia laulajat\u00e4hden kotiin sek\u00e4 niksej\u00e4 keitti\u00f6\u00f6n.<\/p>\n<p class=\"article-content article-content-width !bg-background\">T\u00e4ll\u00e4 kertaa Marita jakoi herkullisen pasta carbonara -reseptin.<\/p>\n<p>K\u00e4\u00e4k, mik\u00e4 moka!<\/p>\n<p class=\"article-content article-content-width !bg-background\">Maritan torstaina (2.10.) jakama kokkausvideo pit\u00e4\u00e4 sis\u00e4ll\u00e4\u00e4n helpon pasta carbonaran ohjeen, joka sis\u00e4lt\u00e4\u00e4 vain viisi ainesosaa. Marita vakuuttelee reseptin olevan mainio.<\/p>\n<p class=\"article-content article-content-width !bg-background\">\u00a0 \u2013 Tulee ihan parasta, Marita lupailee reseptins\u00e4 alla.<\/p>\n<p>        <a itemprop=\"url\" href=\"https:\/\/www.seiska.fi\/vain-seiskassa\/kannaysta-ja-diivailua-jari-sillanpaa-ja-marita-taavitsainen-fuengirolassa-riehakkaalla-paalla\/1342085\" rel=\"nofollow noopener\" target=\"_blank\"><\/p>\n<p>\nVain Seiskassa!\n<\/p>\n<p class=\"section-date\">\n        <strong class=\"article-section\" data-section=\"vain seiskassa\"><br \/>\n            vain seiskassa<br \/>\n        <\/strong><br \/>\n        8.5.2024 06:00\n    <\/p>\n<p>K\u00e4nn\u00e4yst\u00e4 ja diivailua! Jari Sillanp\u00e4\u00e4 ja Marita Taavitsainen Fuengirolassa riehakkaalla p\u00e4\u00e4ll\u00e4\n    <\/p>\n<p itemprop=\"description\" class=\"subtitle \">\n    Iskelm\u00e4t\u00e4hdet ottivat ilon irti Fuengirolan feria-juhlissa.\n<\/p>\n<p>        <\/a><\/p>\n<p class=\"article-content article-content-width !bg-background\">Tarkkasilm\u00e4isimm\u00e4t ruokahifistelij\u00e4t kuitenkin huomasivat, ettei kyseess\u00e4 ollut oikeaoppisten italialaiskeitt\u00f6n ohjeiden mukainen pasta carbonara. Videolla Marita k\u00e4ytti nimitt\u00e4in oikeaoppisesta reseptist\u00e4 poikkeavia liha- ja juustovalintoja: guancialen ja pecorino romanon sijaan Maritan pastaan tipahteli rapeaksi paistettuja pekonin paloja sek\u00e4 parmesania.\u00a0<\/p>\n<p class=\"article-content article-content-width !bg-background\">Marita sai mokastaan <a href=\"https:\/\/www.facebook.com\/share\/r\/1CXhfe9gur\/\" target=\"_blank\" rel=\"nofollow noopener\">Facebook<\/a>-julkaisunsa alla osakseen nikottelua.<\/p>\n<p class=\"article-content article-content-width !bg-background\"> \u2013 Carbonaraan ei tule pekonia eik\u00e4 parmesaania. Mut ihan kiva pasta, er\u00e4s kommentoijista t\u00e4r\u00e4ytt\u00e4\u00e4.<\/p>\n<p class=\"article-content article-content-width !bg-background\">Marita ei kuitenkaan huomautuksista h\u00e4tk\u00e4ht\u00e4nyt.<\/p>\n<p class=\"no_italic m-no_italic article-content article-content-width !bg-background\"> \u2013\u00a0 Juu ohjees oli pecorino mut teinit halus parmesaniaaina omalla twistill\u00e4\u2026, h\u00e4n vastasi er\u00e4\u00e4lle neuvoja antaneelle.<\/p>\n<p>                <img decoding=\"async\" src=\"https:\/\/www.europesays.com\/fi\/wp-content\/uploads\/2025\/10\/1951700.webp\" width=\"576\" height=\"274\" alt=\"Marita ja Jari Sillanp\u00e4\u00e4 kruunattiin tangokuninkaallisiksi vuonna 1995. Voitosta tuli kuluneeksi t\u00e4n\u00e4 vuonna 30 vuotta.\" loading=\"lazy\" \/>            <\/p>\n<p>\n            Marita ja Jari Sillanp\u00e4\u00e4 kruunattiin tangokuninkaallisiksi vuonna 1995. Voitosta tuli kuluneeksi t\u00e4n\u00e4 vuonna 30 vuotta.<br \/>\n            Heikki Y. Rissanen\n        <\/p>\n<p>        <a itemprop=\"url\" href=\"https:\/\/www.seiska.fi\/kotimaa\/marita-taavitsainen-56-tyrmaavana-uikkareissa\/1574756\" rel=\"nofollow noopener\" target=\"_blank\"><\/p>\n<p class=\"section-date\">\n        <strong class=\"article-section\" data-section=\"kotimaa\"><br \/>\n            kotimaa<br \/>\n        <\/strong><br \/>\n        9.1. 18:00\n    <\/p>\n<p>Marita Taavitsainen, 56, tyrm\u00e4\u00e4v\u00e4n\u00e4 uikkareissa\n    <\/p>\n<p itemprop=\"description\" class=\"subtitle \">\n    Laulajakonkari nauttii Espanjan auringosta.\n<\/p>\n<p>        <\/a><\/p>\n<p>Kahden teinin \u00e4iti<\/p>\n<p class=\"article-content article-content-width !bg-background\">Maritalla on kotonaan kaksi teini-ik\u00e4ist\u00e4 tyt\u00e4rt\u00e4,  ja <\/p>\n<p class=\"article-content article-content-width !bg-background\">Tytt\u00e4ret ovat per\u00e4isin Maritan ja h\u00e4nen ex-aviomiehens\u00e4  liki kymmenen vuotta kest\u00e4neest\u00e4 avioliitosta. Kaksikko avioitui vuonna 2008, ja erosta uutisoitiin vuonna 2018.<\/p>\n<p>                <img decoding=\"async\" src=\"https:\/\/www.europesays.com\/fi\/wp-content\/uploads\/2025\/10\/1951702.webp\" width=\"576\" height=\"720\" alt=\"Marita ja Tomi linnanjuhlissa vuonna 2009.\" loading=\"lazy\" \/>            <\/p>\n<p>\n            Marita ja Tomi linnanjuhlissa vuonna 2009.<br \/>\n            Ari Lahti\n        <\/p>\n<p class=\"article-content article-content-width !bg-background\">Aktiivisen somep\u00e4ivittelyn ja \u00e4itiyden lis\u00e4ksi Marita on edelleen my\u00f6s kiireinen artisti. Maritalla on ohjelmatoimisto <a href=\"https:\/\/magnumlive.fi\/keikkakalenteri\/?_keikka_artisti=marita-taavitsainen-yhtyeineen\" target=\"_blank\" rel=\"nofollow noopener\">MagnumLiven<\/a> keikkakalenterin mukaan tulossa pelk\u00e4st\u00e4\u00e4n loka-joulukuun aikana liki 20 esiintymist\u00e4 yhdess\u00e4 yhtyeens\u00e4 kanssa.<\/p>\n<p><script async src=\"\/\/www.instagram.com\/embed.js\"><\/script><\/p>\n","protected":false},"excerpt":{"rendered":"Matti Matikainen Marita sai mokastaan huomautuksia osakseen. Vuoden 1995 tangokuningattarenaki muistettava , 57, on t\u00e4n\u00e4 p\u00e4iv\u00e4n\u00e4 aktiivinen sosiaalisenmedian&hellip;\n","protected":false},"author":2,"featured_media":53031,"comment_status":"","ping_status":"","sticky":false,"template":"","format":"standard","meta":{"footnotes":""},"categories":[130],"tags":[137,33,31,30,12935,212,7813,12934,32,2364,109],"class_list":{"0":"post-53030","1":"post","2":"type-post","3":"status-publish","4":"format-standard","5":"has-post-thumbnail","7":"category-viihde","8":"tag-entertainment","9":"tag-fi","10":"tag-finland","11":"tag-finnish","12":"tag-iines-ja-stella","13":"tag-lifestyle","14":"tag-marita-taavitsainen","15":"tag-pasta-carbonara","16":"tag-suomi","17":"tag-tomi-natri","18":"tag-viihde"},"share_on_mastodon":{"url":"","error":""},"_links":{"self":[{"href":"https:\/\/www.europesays.com\/fi\/wp-json\/wp\/v2\/posts\/53030","targetHints":{"allow":["GET"]}}],"collection":[{"href":"https:\/\/www.europesays.com\/fi\/wp-json\/wp\/v2\/posts"}],"about":[{"href":"https:\/\/www.europesays.com\/fi\/wp-json\/wp\/v2\/types\/post"}],"author":[{"embeddable":true,"href":"https:\/\/www.europesays.com\/fi\/wp-json\/wp\/v2\/users\/2"}],"replies":[{"embeddable":true,"href":"https:\/\/www.europesays.com\/fi\/wp-json\/wp\/v2\/comments?post=53030"}],"version-history":[{"count":0,"href":"https:\/\/www.europesays.com\/fi\/wp-json\/wp\/v2\/posts\/53030\/revisions"}],"wp:featuredmedia":[{"embeddable":true,"href":"https:\/\/www.europesays.com\/fi\/wp-json\/wp\/v2\/media\/53031"}],"wp:attachment":[{"href":"https:\/\/www.europesays.com\/fi\/wp-json\/wp\/v2\/media?parent=53030"}],"wp:term":[{"taxonomy":"category","embeddable":true,"href":"https:\/\/www.europesays.com\/fi\/wp-json\/wp\/v2\/categories?post=53030"},{"taxonomy":"post_tag","embeddable":true,"href":"https:\/\/www.europesays.com\/fi\/wp-json\/wp\/v2\/tags?post=53030"}],"curies":[{"name":"wp","href":"https:\/\/api.w.org\/{rel}","templated":true}]}}