{"id":53034,"date":"2025-10-04T16:07:08","date_gmt":"2025-10-04T16:07:08","guid":{"rendered":"https:\/\/www.europesays.com\/fi\/53034\/"},"modified":"2025-10-04T16:07:08","modified_gmt":"2025-10-04T16:07:08","slug":"putin-sekoili-sanoo-toveri","status":"publish","type":"post","link":"https:\/\/www.europesays.com\/fi\/53034\/","title":{"rendered":"Putin sekoili, sanoo Toveri"},"content":{"rendered":"<p>Toverin mukaan Leningradin sotilaspiirill\u00e4 on kaksi t\u00e4ysin erillist\u00e4 operatiivista suuntaa, mutta pit\u00e4\u00e4 ep\u00e4todenn\u00e4k\u00f6isen\u00e4, ett\u00e4 sotilaspiirej\u00e4 l\u00e4hdett\u00e4isiin myll\u00e4\u00e4m\u00e4\u00e4n uuteen kuntoon. <\/p>\n<p><img decoding=\"async\" class=\"image image-show image-preview\" src=\"https:\/\/www.europesays.com\/fi\/wp-content\/uploads\/2025\/10\/862baf7c2f41a27267c774351d814f428fffdb73df1c95ef6cab5e1176d8156a.jpg\" alt=\"\"\/><img decoding=\"async\" class=\"image image-show\" src=\"https:\/\/www.europesays.com\/fi\/wp-content\/uploads\/2025\/10\/1759594028_360_862baf7c2f41a27267c774351d814f428fffdb73df1c95ef6cab5e1176d8156a.jpg\" alt=\"\"\/><\/p>\n<p>Pekka Toveri toimii europarlamentin Ukraina-valtuuskunnan puheenjohtajana.  Jenni G\u00e4stgivar<\/p>\n<p class=\"paragraph\">Ven\u00e4j\u00e4n presidentti <strong>Vladimir Putin<\/strong> antoi torstaina h\u00e4mment\u00e4v\u00e4n lausunnon, kun h\u00e4n sanoi, ett\u00e4 Suomen suunnalle olisi tulossa erillinen sotilaspiiri.<\/p>\n<p class=\"paragraph\">\u2013 Meill\u00e4 ei ollut mit\u00e4\u00e4n asevoimia siin\u00e4 osassa Ven\u00e4j\u00e4\u00e4, mutta nyt tulee olemaan, ja meid\u00e4n on luotava sinne erillinen sotilaspiiri, Putin sanoi Interfaxin <a href=\"https:\/\/www.interfax.ru\/russia\/1050608\" target=\"_blank\" rel=\"noopener nofollow\">mukaan<\/a>.<\/p>\n<p class=\"paragraph\">Kokoomuksen europarlamentaarikko, kenraalimajuri evp. <strong>Pekka Toveri<\/strong> on Iltalehden sota-asiantuntija <strong>Emil Kastehelmen<\/strong> kanssa <a href=\"https:\/\/www.iltalehti.fi\/ulkomaat\/557cd7c4-aba6-40de-820d-70bf2a4efc3c\" rel=\"nofollow noopener\" target=\"_blank\">samaa mielt\u00e4<\/a> siit\u00e4, ett\u00e4 Putin on todenn\u00e4k\u00f6isesti sekoillut sanoissaan.<\/p>\n<p class=\"paragraph\">\u2013 V\u00e4h\u00e4n ep\u00e4ilen, ett\u00e4 h\u00e4nell\u00e4 on mennyt faktat sekaisin. Putin saattaa viitata Karjalaan perustettuun uuteen armeijakuntaan, Toveri sanoo.<\/p>\n<p class=\"paragraph\">Nykyinen sotilaspiirijako astui voimaan vuonna 2024, ja Suomeakin rajaava Leningradin sotilaspiiri vastaa nyt arktisen alueen lis\u00e4ksi koko It\u00e4meren alueesta. Toveri pohtii, ett\u00e4 pidemm\u00e4ll\u00e4 aikav\u00e4lill\u00e4 Ven\u00e4j\u00e4 toki saattaisi haluta korostaa arktista suuntaa perustamalla sinne oman johtoportaansa.<\/p>\n<p class=\"paragraph\">\u2013 Sin\u00e4ll\u00e4\u00e4n It\u00e4meren suunta ja arktinen suunta ovat kaksi t\u00e4ysin erillist\u00e4 operatiivista suuntaa. It\u00e4meren suunnalla tavoitteet ovat paljon rajatummat kuin arktisella suunnalla, miss\u00e4 tavoitteena on p\u00e4\u00e4st\u00e4 Atlantille ja dominoida koko arktista aluetta.<\/p>\n<p class=\"paragraph\">\u2013 Siin\u00e4 on yhdelle sotilaspiirille paljon puuhaa, jos pit\u00e4\u00e4 vastata molemmista suunnista, etenkin jos ambitiot ovat isommat kuin pelk\u00e4st\u00e4\u00e4n puolustukselliset.<\/p>\n<p class=\"paragraph\">Edellisess\u00e4 sotilaspiirijaossa Ven\u00e4j\u00e4n Pohjoisella laivastolla olikin itsen\u00e4inen operatiivinen johtoporras ja maajoukkoja sen alaisuudessa, mutta se lakkautettiin vuonna 2024 voimaan astuneessa jaossa. T\u00e4m\u00e4n vuoksi Toveri pit\u00e4\u00e4kin eritt\u00e4in ep\u00e4todenn\u00e4k\u00f6isen\u00e4, ett\u00e4 Ven\u00e4j\u00e4 olisi nyt myll\u00e4\u00e4m\u00e4ss\u00e4 piirijakoa uusiksi.<\/p>\n<p class=\"paragraph\">\u2013 En usko, ett\u00e4 keskell\u00e4 sotaa ruvettaisiin heti lohkomaan juuri perustetusta Leningradin sotilaspiirist\u00e4 uusia alueita, kun ei ole viel\u00e4 saatu kunnolla t\u00e4t\u00e4 edellist\u00e4 sotilaspiirijakoa aikaiseksi, miehitetyksi, testatuksi ja koulutetuksi, Toveri sanoo.<\/p>\n<p class=\"paragraph\">\u2013 Jossain vaiheessa tulevaisuudessa voidaan toki &#8221;Luoteisen rintaman&#8221; komentosuhteita alkaa j\u00e4rjestelem\u00e4\u00e4n uusiksi.<\/p>\n","protected":false},"excerpt":{"rendered":"Toverin mukaan Leningradin sotilaspiirill\u00e4 on kaksi t\u00e4ysin erillist\u00e4 operatiivista suuntaa, mutta pit\u00e4\u00e4 ep\u00e4todenn\u00e4k\u00f6isen\u00e4, ett\u00e4 sotilaspiirej\u00e4 l\u00e4hdett\u00e4isiin myll\u00e4\u00e4m\u00e4\u00e4n uuteen&hellip;\n","protected":false},"author":2,"featured_media":53035,"comment_status":"","ping_status":"","sticky":false,"template":"","format":"standard","meta":{"footnotes":""},"categories":[14],"tags":[35,22,23,26,27,33,31,30,17,24,25,28,29,15,18,21,142,637,144,886,32,19,20,2534,56,16,59,60,61],"class_list":{"0":"post-53034","1":"post","2":"type-post","3":"status-publish","4":"format-standard","5":"has-post-thumbnail","7":"category-ulkomaat","8":"tag-24h","9":"tag-breaking-news","10":"tag-breakingnews","11":"tag-featured-news","12":"tag-featurednews","13":"tag-fi","14":"tag-finland","15":"tag-finnish","16":"tag-headlines","17":"tag-latest-news","18":"tag-latestnews","19":"tag-main-news","20":"tag-mainnews","21":"tag-news","22":"tag-otsikot","23":"tag-paauutiset","24":"tag-poliitikot","25":"tag-politiikka","26":"tag-presidentti","27":"tag-puolueet","28":"tag-suomi","29":"tag-top-stories","30":"tag-topstories","31":"tag-turvallisuuspolitiikka","32":"tag-ulkomaat","33":"tag-uutiset","34":"tag-world","35":"tag-world-news","36":"tag-worldnews"},"share_on_mastodon":{"url":"","error":""},"_links":{"self":[{"href":"https:\/\/www.europesays.com\/fi\/wp-json\/wp\/v2\/posts\/53034","targetHints":{"allow":["GET"]}}],"collection":[{"href":"https:\/\/www.europesays.com\/fi\/wp-json\/wp\/v2\/posts"}],"about":[{"href":"https:\/\/www.europesays.com\/fi\/wp-json\/wp\/v2\/types\/post"}],"author":[{"embeddable":true,"href":"https:\/\/www.europesays.com\/fi\/wp-json\/wp\/v2\/users\/2"}],"replies":[{"embeddable":true,"href":"https:\/\/www.europesays.com\/fi\/wp-json\/wp\/v2\/comments?post=53034"}],"version-history":[{"count":0,"href":"https:\/\/www.europesays.com\/fi\/wp-json\/wp\/v2\/posts\/53034\/revisions"}],"wp:featuredmedia":[{"embeddable":true,"href":"https:\/\/www.europesays.com\/fi\/wp-json\/wp\/v2\/media\/53035"}],"wp:attachment":[{"href":"https:\/\/www.europesays.com\/fi\/wp-json\/wp\/v2\/media?parent=53034"}],"wp:term":[{"taxonomy":"category","embeddable":true,"href":"https:\/\/www.europesays.com\/fi\/wp-json\/wp\/v2\/categories?post=53034"},{"taxonomy":"post_tag","embeddable":true,"href":"https:\/\/www.europesays.com\/fi\/wp-json\/wp\/v2\/tags?post=53034"}],"curies":[{"name":"wp","href":"https:\/\/api.w.org\/{rel}","templated":true}]}}