{"id":53036,"date":"2025-10-04T16:08:08","date_gmt":"2025-10-04T16:08:08","guid":{"rendered":"https:\/\/www.europesays.com\/fi\/53036\/"},"modified":"2025-10-04T16:08:08","modified_gmt":"2025-10-04T16:08:08","slug":"taman-takia-alus-joutui-merihataan","status":"publish","type":"post","link":"https:\/\/www.europesays.com\/fi\/53036\/","title":{"rendered":"T\u00e4m\u00e4n takia alus joutui merih\u00e4t\u00e4\u00e4n"},"content":{"rendered":"<p>Yhteysalus M\/S Skiftet j\u00e4i ajelehtimaan teknisen vian takia. Laivan varustamon toimitusjohtajan mukaan merih\u00e4t\u00e4tapaus on harvinainen.<\/p>\n<p><img decoding=\"async\" class=\"image image-show image-preview\" src=\"https:\/\/www.europesays.com\/fi\/wp-content\/uploads\/2025\/10\/062933412177712bd71b8c6ee415509a5a1cb10c2ed5f645cbd232798bcaa3cb.jpg\" alt=\"\"\/><img decoding=\"async\" class=\"image image-show\" src=\"https:\/\/www.europesays.com\/fi\/wp-content\/uploads\/2025\/10\/1759594088_396_062933412177712bd71b8c6ee415509a5a1cb10c2ed5f645cbd232798bcaa3cb.jpg\" alt=\"\"\/><\/p>\n<p>M\/S Skiftet Merivartiosto<\/p>\n<p class=\"paragraph\">Ahvenanmaalla Sottungan l\u00e4nsipuolella ajelehtinut M\/S Skiftet on saatu ohjattua L\u00e5ngn\u00e4sin satamaan. Asian vahvistaa Iltalehdelle Skiftetin varustamon toimitusjohtaja <strong>Per Ringsby<\/strong>.<\/p>\n<p class=\"paragraph\">M\/S Skiftet j\u00e4i omilleen ajelehtimaan yll\u00e4tt\u00e4v\u00e4n konevian takia. Ringsby kertoo, ett\u00e4 laivan kone sammutettiin tarkoituksella vian takia. Ringsbyn mukaan laivan annettiin ajelehtia tarkoituksella, koska sit\u00e4 ei voitu ankkuroida paikalle, jossa konevika ilmeni.<\/p>\n<p class=\"paragraph\">\u2013\u2009Laiva ajelehti, koska annoimme sen ajelehtia, Ringsby kertoo.<\/p>\n<p class=\"paragraph\">Ringsby on ollut yhteydess\u00e4 Skiftetin kapteeniin, jonka mukaan tilanteesta ei aiheutunut todellista vaaraa laivan noin kahdellekymmenelle matkustajalle.<\/p>\n<p class=\"paragraph\">Varustamon muille laivoille tapahtuu teknisi\u00e4 ongelmia noin muutama kerta vuodessa. Tapaukset, joissa laiva j\u00e4\u00e4 itsekseen ajelehtimaan, ovat Ringsbyn mukaan todella harvinaisia.<\/p>\n<p class=\"paragraph\">\u2013\u2009Tekniset viat huomataan useimmiten satamassa, mink\u00e4 j\u00e4lkeen k\u00e4yt\u00e4mme matkustamiseen jotain toista alusta. T\u00e4t\u00e4 tapahtuu todella harvoin liikkumisen aikana. Sanoisin, ett\u00e4 harvemmin kuin kerran vuodessa.<\/p>\n<p class=\"paragraph\">Laivan tekninen ongelma johtui Ringsbyn mukaan polttoainevuodosta. Ringsby kertoo, ett\u00e4 Skiftet j\u00e4\u00e4 satamaan korjaust\u00f6it\u00e4 varten. Toimitusjohtaja ei kuitenkaan usko, ett\u00e4 laiva tulee olemaan pitk\u00e4\u00e4n poissa k\u00e4yt\u00f6st\u00e4.<\/p>\n<p class=\"paragraph\">\u2013\u2009Arvioimme laivan olevan takaisin liikenteess\u00e4 jo tiistaina.<\/p>\n<p class=\"paragraph\">Turun meripelastuskeskuksen meripelastusjohtaja <strong>Antti Jutila<\/strong> kertoi aikaisemmin Iltalehdelle, ett\u00e4 alus ehti ajelehtia vajaan puolen tunnin ajan ennen kuin merivartioston alus p\u00e4\u00e4si paikalle. Laiva ajelehti kohti Sottungaa ennen kuin se onnistui pudottamaan ankkurin.<\/p>\n<p class=\"paragraph\">\u2013\u2009Jos konevika olisi tullut hiukan my\u00f6hemmin, alus olisi mennyt suoraan Sottungaa kohti. Jos ankkuri ei olisi pit\u00e4nyt, alus olisi saattanut ajautua rantaan saakka, Jutila kertoi Iltalehdelle aiemmin lauantaina.<\/p>\n","protected":false},"excerpt":{"rendered":"Yhteysalus M\/S Skiftet j\u00e4i ajelehtimaan teknisen vian takia. Laivan varustamon toimitusjohtajan mukaan merih\u00e4t\u00e4tapaus on harvinainen. M\/S Skiftet Merivartiosto&hellip;\n","protected":false},"author":2,"featured_media":53037,"comment_status":"","ping_status":"","sticky":false,"template":"","format":"standard","meta":{"footnotes":""},"categories":[12],"tags":[35,22,23,26,27,33,31,30,17,2187,24,25,121,28,29,3036,15,18,21,32,19,20,16,2569,2568],"class_list":{"0":"post-53036","1":"post","2":"type-post","3":"status-publish","4":"format-standard","5":"has-post-thumbnail","7":"category-suomi","8":"tag-24h","9":"tag-breaking-news","10":"tag-breakingnews","11":"tag-featured-news","12":"tag-featurednews","13":"tag-fi","14":"tag-finland","15":"tag-finnish","16":"tag-headlines","17":"tag-kulkuneuvot","18":"tag-latest-news","19":"tag-latestnews","20":"tag-liikenne-ja-kuljetus","21":"tag-main-news","22":"tag-mainnews","23":"tag-meri-ja-rannikkoliikenne","24":"tag-news","25":"tag-otsikot","26":"tag-paauutiset","27":"tag-suomi","28":"tag-top-stories","29":"tag-topstories","30":"tag-uutiset","31":"tag-vesikulkuneuvot","32":"tag-vesiliikenne"},"share_on_mastodon":{"url":"","error":""},"_links":{"self":[{"href":"https:\/\/www.europesays.com\/fi\/wp-json\/wp\/v2\/posts\/53036","targetHints":{"allow":["GET"]}}],"collection":[{"href":"https:\/\/www.europesays.com\/fi\/wp-json\/wp\/v2\/posts"}],"about":[{"href":"https:\/\/www.europesays.com\/fi\/wp-json\/wp\/v2\/types\/post"}],"author":[{"embeddable":true,"href":"https:\/\/www.europesays.com\/fi\/wp-json\/wp\/v2\/users\/2"}],"replies":[{"embeddable":true,"href":"https:\/\/www.europesays.com\/fi\/wp-json\/wp\/v2\/comments?post=53036"}],"version-history":[{"count":0,"href":"https:\/\/www.europesays.com\/fi\/wp-json\/wp\/v2\/posts\/53036\/revisions"}],"wp:featuredmedia":[{"embeddable":true,"href":"https:\/\/www.europesays.com\/fi\/wp-json\/wp\/v2\/media\/53037"}],"wp:attachment":[{"href":"https:\/\/www.europesays.com\/fi\/wp-json\/wp\/v2\/media?parent=53036"}],"wp:term":[{"taxonomy":"category","embeddable":true,"href":"https:\/\/www.europesays.com\/fi\/wp-json\/wp\/v2\/categories?post=53036"},{"taxonomy":"post_tag","embeddable":true,"href":"https:\/\/www.europesays.com\/fi\/wp-json\/wp\/v2\/tags?post=53036"}],"curies":[{"name":"wp","href":"https:\/\/api.w.org\/{rel}","templated":true}]}}