{"id":53044,"date":"2025-10-04T16:28:06","date_gmt":"2025-10-04T16:28:06","guid":{"rendered":"https:\/\/www.europesays.com\/fi\/53044\/"},"modified":"2025-10-04T16:28:06","modified_gmt":"2025-10-04T16:28:06","slug":"daniel-salonen-nollasi-ilveksen-satakunnan-kansa","status":"publish","type":"post","link":"https:\/\/www.europesays.com\/fi\/53044\/","title":{"rendered":"Daniel Salonen nollasi Ilveksen &#8211; Satakunnan Kansa"},"content":{"rendered":"<p>Satakunnan Kansa seuraa illan ottelua t\u00e4ss\u00e4 artikkelissa.<\/p>\n<p class=\"article-body mb-nof-24 px-nof-16\">Lukko jatkaa kotipeliens\u00e4 putkea lauantaina, kun vastaan asettuu Ilves.<\/p>\n<p class=\"article-body mb-nof-24 px-nof-16\">SM-liigan ennakkosuosikkeihin lukeutuva Ilves on ollut yksi alkukauden isoja ep\u00e4onnistujia. Tamperelaiset saapuvat Raumalle perjantai-illan 2\u20137-murskatappio niskassaan.<\/p>\n<p class=\"article-body mb-nof-24 px-nof-16\">Ottelu alkaa kello 17.<\/p>\n<p>Lukko\u2013Ilves, tulos1\u20130<\/p>\n","protected":false},"excerpt":{"rendered":"Satakunnan Kansa seuraa illan ottelua t\u00e4ss\u00e4 artikkelissa. Lukko jatkaa kotipeliens\u00e4 putkea lauantaina, kun vastaan asettuu Ilves. SM-liigan ennakkosuosikkeihin&hellip;\n","protected":false},"author":2,"featured_media":53045,"comment_status":"","ping_status":"","sticky":false,"template":"","format":"standard","meta":{"footnotes":""},"categories":[158],"tags":[33,31,30,80,159,32,160],"class_list":{"0":"post-53044","1":"post","2":"type-post","3":"status-publish","4":"format-standard","5":"has-post-thumbnail","7":"category-urheilu","8":"tag-fi","9":"tag-finland","10":"tag-finnish","11":"tag-satakunnan-kansa","12":"tag-sports","13":"tag-suomi","14":"tag-urheilu"},"share_on_mastodon":{"url":"","error":""},"_links":{"self":[{"href":"https:\/\/www.europesays.com\/fi\/wp-json\/wp\/v2\/posts\/53044","targetHints":{"allow":["GET"]}}],"collection":[{"href":"https:\/\/www.europesays.com\/fi\/wp-json\/wp\/v2\/posts"}],"about":[{"href":"https:\/\/www.europesays.com\/fi\/wp-json\/wp\/v2\/types\/post"}],"author":[{"embeddable":true,"href":"https:\/\/www.europesays.com\/fi\/wp-json\/wp\/v2\/users\/2"}],"replies":[{"embeddable":true,"href":"https:\/\/www.europesays.com\/fi\/wp-json\/wp\/v2\/comments?post=53044"}],"version-history":[{"count":0,"href":"https:\/\/www.europesays.com\/fi\/wp-json\/wp\/v2\/posts\/53044\/revisions"}],"wp:featuredmedia":[{"embeddable":true,"href":"https:\/\/www.europesays.com\/fi\/wp-json\/wp\/v2\/media\/53045"}],"wp:attachment":[{"href":"https:\/\/www.europesays.com\/fi\/wp-json\/wp\/v2\/media?parent=53044"}],"wp:term":[{"taxonomy":"category","embeddable":true,"href":"https:\/\/www.europesays.com\/fi\/wp-json\/wp\/v2\/categories?post=53044"},{"taxonomy":"post_tag","embeddable":true,"href":"https:\/\/www.europesays.com\/fi\/wp-json\/wp\/v2\/tags?post=53044"}],"curies":[{"name":"wp","href":"https:\/\/api.w.org\/{rel}","templated":true}]}}