{"id":53056,"date":"2025-10-04T16:39:12","date_gmt":"2025-10-04T16:39:12","guid":{"rendered":"https:\/\/www.europesays.com\/fi\/53056\/"},"modified":"2025-10-04T16:39:12","modified_gmt":"2025-10-04T16:39:12","slug":"lappajarven-asteroiditormays-tuotti-elamalle-suotuisat-olosuhteet","status":"publish","type":"post","link":"https:\/\/www.europesays.com\/fi\/53056\/","title":{"rendered":"Lappaj\u00e4rven asteroidit\u00f6rm\u00e4ys tuotti el\u00e4m\u00e4lle suotuisat olosuhteet"},"content":{"rendered":"<p>Tutkijat ovat ajoittaneet tarkasti mikrobien ilmaantumisen asteroidit\u00f6rm\u00e4yksen synnytt\u00e4m\u00e4\u00e4n kraatteriin. L\u00f6yt\u00f6 todistaa, ett\u00e4 mikrobit eiv\u00e4t vain selvi\u00e4 vaan voivat kukoistaa katastrofin j\u00e4lkeen.&#13;<\/p>\n<p class=\"bodytext\">Ruotsalaisen Linn\u00e9-yliopiston tutkijat ovat osoittaneet, ett\u00e4 asteroidit\u00f6rm\u00e4ys mahdollisti el\u00e4m\u00e4lle suotuisat olosuhteet Etel\u00e4-Pohjanmaalla sijaitsevassa Lappaj\u00e4rven meteoriittikraatterissa.\u00a0\n<\/p>\n<p>\u201dJ\u00e4nnitt\u00e4vint\u00e4 on, ett\u00e4 el\u00e4m\u00e4n merkkien n\u00e4kemisen lis\u00e4ksi voimme my\u00f6s m\u00e4\u00e4ritt\u00e4\u00e4 tarkasti, milloin ne ilmaantuivat. Saamme aikajanan siit\u00e4, kuinka el\u00e4m\u00e4 l\u00f6yt\u00e4\u00e4 tiens\u00e4 takaisin katastrofaalisen tapahtuman j\u00e4lkeen&#8221;, sanoo<strong> Jacob Gustafsson<\/strong> Linn\u00e9-yliopistosta.\n<\/p>\n<p>Tutkimuksen mukaan Lappaj\u00e4rven kraatteri ensin j\u00e4\u00e4htyi nelj\u00e4n miljoonan vuodan ajan. Sen j\u00e4lkeen alueella oli mikrobeille suotuisat olosuhteet. Todisteita l\u00f6ytyi my\u00f6s el\u00e4m\u00e4n vakiintumisesta t\u00f6rm\u00e4yksen synnytt\u00e4m\u00e4\u00e4n hydrotermiseen j\u00e4rjestelm\u00e4\u00e4n.\u00a0\n<\/p>\n<p>Nyt siis saatiin varmuus siit\u00e4, ett\u00e4 mikrobien olemassaolo johtui itse t\u00f6rm\u00e4ystapahtumasta eik\u00e4 jostain muusta prosessista miljoonia vuosia my\u00f6hemmin.\u00a0\n<\/p>\n<p>L\u00f6yt\u00f6 vahvistaa teoriaa, jonka mukaan meteoriittit\u00f6rm\u00e4ykset voivat synnytt\u00e4\u00e4 pitk\u00e4ik\u00e4isi\u00e4 elinkelpoisia ymp\u00e4rist\u00f6j\u00e4 \u2013 eiv\u00e4tk\u00e4 vain Maassa, vaan mahdollisesti my\u00f6s Marsissa ja muilla taivaankappaleilla.\n<\/p>\n<p>\u201dLappaj\u00e4rvi on yksi Suomen tunnetuimmista t\u00f6rm\u00e4yskraattereista. T\u00e4m\u00e4 tutkimus osoittaa, ett\u00e4 meill\u00e4 on aineistoa, joka kiinnostaa tiedeyhteis\u00f6\u00e4 ymp\u00e4ri maailmaa\u201d, kertoo <strong>Satu Hietala<\/strong> Geologian tutkimuskeskuksesta.\n<\/p>\n<p>Meteoriittikraatteri syntyi noin 78 miljoonaa vuotta sitten.\n<\/p>\n<p><a href=\"https:\/\/www.gtk.fi\/ajankohtaista\/tutkimus-vahvistaa-asteroiditormays-mahdollisti-elamalle-suotuisat-olosuhteet-lappajarven-meteoriittikraatterissa\/\" target=\"_blank\" rel=\"noreferrer nofollow noopener\">Aiheesta lis\u00e4\u00e4 GTK<\/a><\/p>\n","protected":false},"excerpt":{"rendered":"Tutkijat ovat ajoittaneet tarkasti mikrobien ilmaantumisen asteroidit\u00f6rm\u00e4yksen synnytt\u00e4m\u00e4\u00e4n kraatteriin. L\u00f6yt\u00f6 todistaa, ett\u00e4 mikrobit eiv\u00e4t vain selvi\u00e4 vaan voivat&hellip;\n","protected":false},"author":2,"featured_media":53057,"comment_status":"","ping_status":"","sticky":false,"template":"","format":"standard","meta":{"footnotes":""},"categories":[114],"tags":[453,33,31,30,118,452,32,119],"class_list":{"0":"post-53056","1":"post","2":"type-post","3":"status-publish","4":"format-standard","5":"has-post-thumbnail","7":"category-avaruus","8":"tag-avaruus","9":"tag-fi","10":"tag-finland","11":"tag-finnish","12":"tag-science","13":"tag-space","14":"tag-suomi","15":"tag-tiede"},"share_on_mastodon":{"url":"","error":""},"_links":{"self":[{"href":"https:\/\/www.europesays.com\/fi\/wp-json\/wp\/v2\/posts\/53056","targetHints":{"allow":["GET"]}}],"collection":[{"href":"https:\/\/www.europesays.com\/fi\/wp-json\/wp\/v2\/posts"}],"about":[{"href":"https:\/\/www.europesays.com\/fi\/wp-json\/wp\/v2\/types\/post"}],"author":[{"embeddable":true,"href":"https:\/\/www.europesays.com\/fi\/wp-json\/wp\/v2\/users\/2"}],"replies":[{"embeddable":true,"href":"https:\/\/www.europesays.com\/fi\/wp-json\/wp\/v2\/comments?post=53056"}],"version-history":[{"count":0,"href":"https:\/\/www.europesays.com\/fi\/wp-json\/wp\/v2\/posts\/53056\/revisions"}],"wp:featuredmedia":[{"embeddable":true,"href":"https:\/\/www.europesays.com\/fi\/wp-json\/wp\/v2\/media\/53057"}],"wp:attachment":[{"href":"https:\/\/www.europesays.com\/fi\/wp-json\/wp\/v2\/media?parent=53056"}],"wp:term":[{"taxonomy":"category","embeddable":true,"href":"https:\/\/www.europesays.com\/fi\/wp-json\/wp\/v2\/categories?post=53056"},{"taxonomy":"post_tag","embeddable":true,"href":"https:\/\/www.europesays.com\/fi\/wp-json\/wp\/v2\/tags?post=53056"}],"curies":[{"name":"wp","href":"https:\/\/api.w.org\/{rel}","templated":true}]}}