{"id":53060,"date":"2025-10-04T16:54:08","date_gmt":"2025-10-04T16:54:08","guid":{"rendered":"https:\/\/www.europesays.com\/fi\/53060\/"},"modified":"2025-10-04T16:54:08","modified_gmt":"2025-10-04T16:54:08","slug":"zlatan-ibrahimovicin-syntymapaivalahja-on-hurjinta-mahdollista-hinta-45-miljoonaa-euroa","status":"publish","type":"post","link":"https:\/\/www.europesays.com\/fi\/53060\/","title":{"rendered":"Zlatan Ibrahimovi\u0107in syntym\u00e4p\u00e4iv\u00e4lahja on hurjinta mahdollista \u2013 Hinta 4,5 miljoonaa euroa"},"content":{"rendered":"<p>Zlatan Ibrahimovi\u0107in autokokoelma sai jatkoa. <\/p>\n<p><img decoding=\"async\" class=\"image image-show image-preview\" src=\"https:\/\/www.europesays.com\/fi\/wp-content\/uploads\/2025\/10\/0dc958d0607e9a70f8dbc961e72d9ad2508a0813eea55008ce5fa0da699b7a6b.jpg\" alt=\"\"\/><img decoding=\"async\" class=\"image image-show\" src=\"https:\/\/www.europesays.com\/fi\/wp-content\/uploads\/2025\/10\/1759596848_626_0dc958d0607e9a70f8dbc961e72d9ad2508a0813eea55008ce5fa0da699b7a6b.jpg\" alt=\"\"\/><\/p>\n<p>Zlatan Ibrahimovi\u0107 osti kalliin auton syntym\u00e4p\u00e4iv\u00e4ns\u00e4 kunniaksi.  EPA \/ AOP<\/p>\n<p class=\"paragraph\"><strong>Zlatan Ibrahimovi\u0107in<\/strong> jo tutuksi tullut perinne sai jatkoa t\u00e4n\u00e4kin vuonna.<\/p>\n<p class=\"paragraph\">Ruotsalaisen perinteeksi on muodostunut hankkia itselleen jokaisena syntym\u00e4p\u00e4iv\u00e4n\u00e4 uusi auto. Nyt 44 vuotta t\u00e4ytt\u00e4neen Zlatanin valinta osui Ferrari F80 -hyperautoon.<\/p>\n<p class=\"paragraph\">Ex-jalkapalloilija esitteli uuden hankintansa Instagramissa.<\/p>\n<p class=\"paragraph\">\u2013\u2009Hyv\u00e4\u00e4 syntym\u00e4p\u00e4iv\u00e4\u00e4 Zlatanille, Ibrahimovi\u0107 kirjoitti julkaisussa.<\/p>\n<p class=\"paragraph\">Autotoimittaja <strong>Maths Nilsson<\/strong> kertoi <a href=\"https:\/\/www.aftonbladet.se\/sportbladet\/fotboll\/a\/jQoVOw\/zlatan-ibrahimovic-ger-ferrari-till-sig-sjalv-pa-sin-fodelsedag\" target=\"_blank\" rel=\"noopener nofollow\">Aftonbladetille<\/a>, ett\u00e4 kyseess\u00e4 on Ferrarin uusin lippulaivamalli, jota voidaan pit\u00e4\u00e4 Formula 1 -henkisen\u00e4 superautona tieliikenteess\u00e4.<\/p>\n<p class=\"paragraph\">F80:n tekniset tiedot ovat hurjat: auton huippunopeus on noin 350 kilometri\u00e4 tunnissa, ja se kiihtyy nollasta sataan vain 2,15 sekunnissa. Autoa valmistetaan ainoastaan 799 kappaletta, ja sit\u00e4 tarjotaan vain Ferrarin uskollisimmille asiakkaille.<\/p>\n<p class=\"paragraph\">Hintalappu on sen mukainen.<\/p>\n<p class=\"paragraph\">Nilssonin mukaan auton hinta liikkuu jopa 4,5 miljoonan euron luokassa.<\/p>\n<p class=\"paragraph\">\u2013 T\u00e4m\u00e4 on todellinen harvinaisuus ja yksi maailman nopeimmista sarjatuotantoautoista, Nilsson sanoo.<\/p>\n<p class=\"paragraph\">Viime vuonna ruotsalainen osti mustan Ferrari SF90 XX Spiderin.<\/p>\n","protected":false},"excerpt":{"rendered":"Zlatan Ibrahimovi\u0107in autokokoelma sai jatkoa. Zlatan Ibrahimovi\u0107 osti kalliin auton syntym\u00e4p\u00e4iv\u00e4ns\u00e4 kunniaksi. EPA \/ AOP Zlatan Ibrahimovi\u0107in jo&hellip;\n","protected":false},"author":2,"featured_media":53061,"comment_status":"","ping_status":"","sticky":false,"template":"","format":"standard","meta":{"footnotes":""},"categories":[158],"tags":[35,648,33,31,30,121,1048,82,159,32,128,160],"class_list":{"0":"post-53060","1":"post","2":"type-post","3":"status-publish","4":"format-standard","5":"has-post-thumbnail","7":"category-urheilu","8":"tag-24h","9":"tag-autot","10":"tag-fi","11":"tag-finland","12":"tag-finnish","13":"tag-liikenne-ja-kuljetus","14":"tag-maakulkuneuvot","15":"tag-moottoriajoneuvot","16":"tag-sports","17":"tag-suomi","18":"tag-tieliikenne","19":"tag-urheilu"},"share_on_mastodon":{"url":"","error":""},"_links":{"self":[{"href":"https:\/\/www.europesays.com\/fi\/wp-json\/wp\/v2\/posts\/53060","targetHints":{"allow":["GET"]}}],"collection":[{"href":"https:\/\/www.europesays.com\/fi\/wp-json\/wp\/v2\/posts"}],"about":[{"href":"https:\/\/www.europesays.com\/fi\/wp-json\/wp\/v2\/types\/post"}],"author":[{"embeddable":true,"href":"https:\/\/www.europesays.com\/fi\/wp-json\/wp\/v2\/users\/2"}],"replies":[{"embeddable":true,"href":"https:\/\/www.europesays.com\/fi\/wp-json\/wp\/v2\/comments?post=53060"}],"version-history":[{"count":0,"href":"https:\/\/www.europesays.com\/fi\/wp-json\/wp\/v2\/posts\/53060\/revisions"}],"wp:featuredmedia":[{"embeddable":true,"href":"https:\/\/www.europesays.com\/fi\/wp-json\/wp\/v2\/media\/53061"}],"wp:attachment":[{"href":"https:\/\/www.europesays.com\/fi\/wp-json\/wp\/v2\/media?parent=53060"}],"wp:term":[{"taxonomy":"category","embeddable":true,"href":"https:\/\/www.europesays.com\/fi\/wp-json\/wp\/v2\/categories?post=53060"},{"taxonomy":"post_tag","embeddable":true,"href":"https:\/\/www.europesays.com\/fi\/wp-json\/wp\/v2\/tags?post=53060"}],"curies":[{"name":"wp","href":"https:\/\/api.w.org\/{rel}","templated":true}]}}