{"id":53064,"date":"2025-10-04T16:58:12","date_gmt":"2025-10-04T16:58:12","guid":{"rendered":"https:\/\/www.europesays.com\/fi\/53064\/"},"modified":"2025-10-04T16:58:12","modified_gmt":"2025-10-04T16:58:12","slug":"tanaan-tvssa-neljan-tahden-kotimainen-elokuva-vuodelta-2004-minttu-mustakallio-on-loistava","status":"publish","type":"post","link":"https:\/\/www.europesays.com\/fi\/53064\/","title":{"rendered":"T\u00e4n\u00e4\u00e4n tv:ss\u00e4: Nelj\u00e4n t\u00e4hden kotimainen elokuva vuodelta 2004\u00a0\u2013 Minttu Mustakallio on loistava!"},"content":{"rendered":"<p><strong>Aleksi Salmenper\u00e4n<\/strong> (Miehen ty\u00f6, H\u00e4iri\u00f6tekij\u00e4) ohjaama kotimainen komedia Lapsia ja aikuisia valmistui vuonna 2004.<\/p>\n<p>Venla (<strong>Minna<\/strong> <strong>Haapkyl\u00e4<\/strong>) ja Antero (<strong>Kari-Pekka<\/strong> <strong>Toivonen<\/strong>) ovat ikuisuuksia seurustellut pariskunta, joka ajautuu tahtojen taistoon suhteen jatkuvuudesta. Venlan biologinen kello alkaa tikitt\u00e4\u00e4 entist\u00e4 kuuluvammin, mutta Antero ei ole innostunut ajatuksesta j\u00e4lkikasvusta.<\/p>\n<p>H\u00e4nest\u00e4 lapset viev\u00e4t mehut parisuhteesta, jolloin kadotetaan se aika, kun olisi kaikkein hauskinta keskitty\u00e4 vain toiseen ihmiseen. Lasten lennetty\u00e4 pes\u00e4st\u00e4 se olisi jo my\u00f6h\u00e4ist\u00e4. Alkaa petollinen v\u00e4sytystaistelu, jossa Venla yritt\u00e4\u00e4 kaikin tavoin hankkiutua raskaaksi ja Antero my\u00f6t\u00e4ilee varovasti ollakseen rikkomatta suhdetta, mutta samalla varmistaa status quon s\u00e4ilymist\u00e4.<\/p>\n<p>Lopulta Antero ajautuu omasta mielest\u00e4\u00e4n ovelaan ratkaisuun, joka kuitenkin asettaa suhteen tilanteeseen, jossa jatkamisen vaihtoehdot muuttuvat yht\u00e4kki\u00e4 varteenotettaviksi. Vaihtoehtoja tarjoilee my\u00f6s Venlan ty\u00f6paikalta l\u00f6ytyv\u00e4, boheemi mutta idealistinen Satu (<strong>Minttu Mustakallio<\/strong>), joka uhkaa rehev\u00e4ll\u00e4 luonnollisuudellaan monesti varastaa show\u2019n p\u00e4\u00e4henkil\u00f6ilt\u00e4.<\/p>\n<p>Elokuva k\u00e4sittelee vakavia aiheita, kuten lasten tekemist\u00e4, lapsettomuutta, vastuun ottamista sek\u00e4 sukupuolisia rooleja ja suuntautumista, mutta kevyesti.<\/p>\n<p>Lue my\u00f6s: <a href=\"https:\/\/www.episodi.fi\/uutiset\/elokuvantekijat-vastustavat-jyrkasti-hallituksen-leikkauksia-kuin-repisi-silman-paastaan\/\" title=\"Elokuvantekij\u00e4t vastustavat jyrk\u00e4sti hallituksen leikkauksia: \u201dKuin repisi silm\u00e4n p\u00e4\u00e4st\u00e4\u00e4n\u201d\" class=\"underline-custom !font-montserrat !font-bold !underline-offset-4 !decoration-4 !decoration-episodi-blue !text-md\" rel=\"nofollow noopener\" target=\"_blank\">Elokuvantekij\u00e4t vastustavat jyrk\u00e4sti hallituksen leikkauksia: \u201dKuin repisi silm\u00e4n p\u00e4\u00e4st\u00e4\u00e4n\u201d<\/a><\/p>\n<p>P\u00e4\u00e4henkil\u00f6t ovat mukavuudenhaluisia ja vastuuta kaihtavia ihmisi\u00e4; oman navan ymp\u00e4rill\u00e4 py\u00f6rivi\u00e4 my\u00f6h\u00e4islapsuutta el\u00e4vi\u00e4, mutta kovaa vauhtia keski-ik\u00e4istyvi\u00e4 haahuilijoita. Ihmisi\u00e4, joille lapset ovat pelottava, mutta my\u00f6s haluttava asia, koska ne merkitsev\u00e4t omaa aikuisuutta.<\/p>\n<p>Elokuvaa katsoessa tuli monesti mieleen tv-sarja Frendit, jossa aikuiset ihmiset koheltavat kuin teini-ik\u00e4iset. Lapsia ja aikuisia onkin paikoin kuin Frendit ilman naururaitaa.<\/p>\n<p>K\u00e4sikirjoitus liukuu mielenkiintoisesti vakavista hetkist\u00e4 hersyv\u00e4\u00e4n komediaan tai p\u00e4invastoin, mutta yll\u00e4tt\u00e4v\u00e4n hallitusti. <strong>Pekka Pesonen<\/strong> on kirjoittanut hyvin samantapaisista ihmisist\u00e4 jo aikaisemmin tv-sarjoissaan Sairaskertomuksia ja K\u00e4enpes\u00e4.<\/p>\n<p>Kohtauksissa, joissa Venla tekee ty\u00f6t\u00e4\u00e4n avioliittoneuvojana, on varsinkin ensin mainittu vahvasti l\u00e4sn\u00e4. Puoliv\u00e4lin j\u00e4lkeen elokuva j\u00e4\u00e4 hieman polkemaan samoja ratoja siirrelless\u00e4\u00e4n p\u00e4\u00e4henkil\u00f6it\u00e4 asemiin loppuratkaisua varten, mutta raikkaat n\u00e4yttelij\u00e4suoritukset pit\u00e4v\u00e4t kiinnostusta yll\u00e4.<\/p>\n<p>Lapsia ja aikuisia esitet\u00e4\u00e4n TV2-kanavalla lauantaina 4.10.2025 klo 21.50. Elokuva on katsottavissa Areenassa 11.10.2025 saakka. Katso traileri alta.<\/p>\n<p>Arvio: Jouni Vikman<\/p>\n<p><img loading=\"lazy\" decoding=\"async\" alt=\"YouTube video\" width=\"480\" height=\"360\" data-pin-nopin=\"true\" nopin=\"nopin\" class=\"perfmatters-lazy\" src=\"https:\/\/www.europesays.com\/fi\/wp-content\/uploads\/2025\/10\/1759597092_677_hqdefault.jpg\"\/><\/p>\n<p>Lue my\u00f6s: <a href=\"https:\/\/www.episodi.fi\/uutiskirje\/?uutiskirjemainos=tekstilinkkimainos\" title=\"Tilaa Episodin uutiskirje ja voit voittaa leffalippuja! Nappaa tv-vinkit suoraan s\u00e4hk\u00f6postiin t\u00e4st\u00e4.\" class=\"underline-custom !font-montserrat !font-bold !underline-offset-4 !decoration-4 !decoration-episodi-blue !text-md\" rel=\"nofollow noopener\" target=\"_blank\">Tilaa Episodin uutiskirje ja voit voittaa leffalippuja! Nappaa katseluvinkit suoraan s\u00e4hk\u00f6postiin t\u00e4st\u00e4.<\/a><\/p>\n","protected":false},"excerpt":{"rendered":"Aleksi Salmenper\u00e4n (Miehen ty\u00f6, H\u00e4iri\u00f6tekij\u00e4) ohjaama kotimainen komedia Lapsia ja aikuisia valmistui vuonna 2004. Venla (Minna Haapkyl\u00e4) ja&hellip;\n","protected":false},"author":2,"featured_media":53065,"comment_status":"","ping_status":"","sticky":false,"template":"","format":"standard","meta":{"footnotes":""},"categories":[76],"tags":[79,77,33,31,30,32,78,139,913],"class_list":{"0":"post-53064","1":"post","2":"type-post","3":"status-publish","4":"format-standard","5":"has-post-thumbnail","7":"category-talous","8":"tag-business","9":"tag-economy","10":"tag-fi","11":"tag-finland","12":"tag-finnish","13":"tag-suomi","14":"tag-talous","15":"tag-tv-ohjelmat","16":"tag-yle-areena"},"share_on_mastodon":{"url":"","error":""},"_links":{"self":[{"href":"https:\/\/www.europesays.com\/fi\/wp-json\/wp\/v2\/posts\/53064","targetHints":{"allow":["GET"]}}],"collection":[{"href":"https:\/\/www.europesays.com\/fi\/wp-json\/wp\/v2\/posts"}],"about":[{"href":"https:\/\/www.europesays.com\/fi\/wp-json\/wp\/v2\/types\/post"}],"author":[{"embeddable":true,"href":"https:\/\/www.europesays.com\/fi\/wp-json\/wp\/v2\/users\/2"}],"replies":[{"embeddable":true,"href":"https:\/\/www.europesays.com\/fi\/wp-json\/wp\/v2\/comments?post=53064"}],"version-history":[{"count":0,"href":"https:\/\/www.europesays.com\/fi\/wp-json\/wp\/v2\/posts\/53064\/revisions"}],"wp:featuredmedia":[{"embeddable":true,"href":"https:\/\/www.europesays.com\/fi\/wp-json\/wp\/v2\/media\/53065"}],"wp:attachment":[{"href":"https:\/\/www.europesays.com\/fi\/wp-json\/wp\/v2\/media?parent=53064"}],"wp:term":[{"taxonomy":"category","embeddable":true,"href":"https:\/\/www.europesays.com\/fi\/wp-json\/wp\/v2\/categories?post=53064"},{"taxonomy":"post_tag","embeddable":true,"href":"https:\/\/www.europesays.com\/fi\/wp-json\/wp\/v2\/tags?post=53064"}],"curies":[{"name":"wp","href":"https:\/\/api.w.org\/{rel}","templated":true}]}}