{"id":53072,"date":"2025-10-04T17:05:12","date_gmt":"2025-10-04T17:05:12","guid":{"rendered":"https:\/\/www.europesays.com\/fi\/53072\/"},"modified":"2025-10-04T17:05:12","modified_gmt":"2025-10-04T17:05:12","slug":"tess-kuvasi-tahtienvalisen-vierailijan-ennen-sen-loytymista","status":"publish","type":"post","link":"https:\/\/www.europesays.com\/fi\/53072\/","title":{"rendered":"TESS kuvasi t\u00e4htienv\u00e4lisen vierailijan ennen sen l\u00f6ytymist\u00e4"},"content":{"rendered":"<p>Aurinkokunnan ulkopuolelta tulleen komeetan kirkkaus oli kasvanut huomattavasti jo ennen sen l\u00f6ytymist\u00e4. L\u00f6yt\u00f6 osoittaa pyrst\u00f6t\u00e4hden koostumuksen olleen poikkeuksellinen.&#13;<\/p>\n<p class=\"bodytext\">Komeetta 3I\/ATLAS l\u00f6ydettiin hein\u00e4kuun alussa ja se on vasta kolmas varmuudella aurinkokunnan ulkopuolelta tullut suurempi kappale.\u00a0\n<\/p>\n<p>Eksoplaneettoja etsiv\u00e4 TESS-teleskooppi sattui kuvaamaan samaa aluetta miss\u00e4 Atlas-komeetta oli ennen l\u00f6ytymist\u00e4\u00e4n. N\u00e4in ollen tutkijat p\u00e4\u00e4ttiv\u00e4t selvitt\u00e4\u00e4, l\u00f6ytyyk\u00f6 komeetta TESSin kuvista.\n<\/p>\n<p>Yksitt\u00e4isist\u00e4 kuvista pyrst\u00f6t\u00e4hte\u00e4 ei pystynyt erottamaan. TESS ottaa kuvan kuitenkin noin kolmen minuutin v\u00e4lein.\u00a0\n<\/p>\n<p>Tutkijaryhm\u00e4 p\u00e4\u00e4tti laskea kohteen oletetun sijainnin kussakin kuvassa ja pinota otoksia yhteen. N\u00e4in komeetta saatiin n\u00e4kym\u00e4\u00e4n jo toukokuun havainnoissa.\n<\/p>\n<p>Nyt julkaistujen mittausten perusteella Atlaksen kirkkaus kasvoi viisinkertaiseksi toukokuun ja l\u00f6yt\u00f6hetkens\u00e4 eli hein\u00e4kuun v\u00e4lill\u00e4. Normaalisti komeetat eiv\u00e4t kirkastu n\u00e4in paljoa n\u00e4in kaukana Auringosta.\u00a0\n<\/p>\n<p>Tutkijoiden mukaan todenn\u00e4k\u00f6isin syy poikkeukselliseen k\u00e4yt\u00f6kseen on t\u00e4htienv\u00e4lisen vierailijan poikkeuksellinen koostumus.\u00a0\n<\/p>\n<p>Niin sanottuja hyperhaihtuvia aineita, kuten hiilidioksidia ja -monoksidia ei yleens\u00e4 ole paljoakaan j\u00e4ljell\u00e4 aurinkokunnan pyrst\u00f6t\u00e4hdiss\u00e4. Sen sijaan t\u00e4htienv\u00e4lisest\u00e4 avaruudesta saapuneen kappaleen ne ovat hyvinkin voineet kirkastaa.\u00a0\n<\/p>\n<p>L\u00f6yt\u00f6 on merkitt\u00e4v\u00e4, sill\u00e4 se osoittaa t\u00e4htienv\u00e4listen komeettojen koostumuksen poikkeavan meille tuttujen komeettojen koostumuksesta.\n<\/p>\n<p><a href=\"https:\/\/arxiv.org\/abs\/2507.21967\" target=\"_blank\" rel=\"noreferrer nofollow noopener\">Aiheesta julkaistu tutkimus<\/a> (englanniksi)<\/p>\n","protected":false},"excerpt":{"rendered":"Aurinkokunnan ulkopuolelta tulleen komeetan kirkkaus oli kasvanut huomattavasti jo ennen sen l\u00f6ytymist\u00e4. L\u00f6yt\u00f6 osoittaa pyrst\u00f6t\u00e4hden koostumuksen olleen poikkeuksellinen.&#13;&hellip;\n","protected":false},"author":2,"featured_media":53073,"comment_status":"","ping_status":"","sticky":false,"template":"","format":"standard","meta":{"footnotes":""},"categories":[114],"tags":[453,33,31,30,118,452,32,119],"class_list":{"0":"post-53072","1":"post","2":"type-post","3":"status-publish","4":"format-standard","5":"has-post-thumbnail","7":"category-avaruus","8":"tag-avaruus","9":"tag-fi","10":"tag-finland","11":"tag-finnish","12":"tag-science","13":"tag-space","14":"tag-suomi","15":"tag-tiede"},"share_on_mastodon":{"url":"","error":""},"_links":{"self":[{"href":"https:\/\/www.europesays.com\/fi\/wp-json\/wp\/v2\/posts\/53072","targetHints":{"allow":["GET"]}}],"collection":[{"href":"https:\/\/www.europesays.com\/fi\/wp-json\/wp\/v2\/posts"}],"about":[{"href":"https:\/\/www.europesays.com\/fi\/wp-json\/wp\/v2\/types\/post"}],"author":[{"embeddable":true,"href":"https:\/\/www.europesays.com\/fi\/wp-json\/wp\/v2\/users\/2"}],"replies":[{"embeddable":true,"href":"https:\/\/www.europesays.com\/fi\/wp-json\/wp\/v2\/comments?post=53072"}],"version-history":[{"count":0,"href":"https:\/\/www.europesays.com\/fi\/wp-json\/wp\/v2\/posts\/53072\/revisions"}],"wp:featuredmedia":[{"embeddable":true,"href":"https:\/\/www.europesays.com\/fi\/wp-json\/wp\/v2\/media\/53073"}],"wp:attachment":[{"href":"https:\/\/www.europesays.com\/fi\/wp-json\/wp\/v2\/media?parent=53072"}],"wp:term":[{"taxonomy":"category","embeddable":true,"href":"https:\/\/www.europesays.com\/fi\/wp-json\/wp\/v2\/categories?post=53072"},{"taxonomy":"post_tag","embeddable":true,"href":"https:\/\/www.europesays.com\/fi\/wp-json\/wp\/v2\/tags?post=53072"}],"curies":[{"name":"wp","href":"https:\/\/api.w.org\/{rel}","templated":true}]}}