{"id":53075,"date":"2025-10-04T17:20:07","date_gmt":"2025-10-04T17:20:07","guid":{"rendered":"https:\/\/www.europesays.com\/fi\/53075\/"},"modified":"2025-10-04T17:20:07","modified_gmt":"2025-10-04T17:20:07","slug":"taysremontti-tepsi-potku-uhka-valtetty-toistaiseksi-iltalehti","status":"publish","type":"post","link":"https:\/\/www.europesays.com\/fi\/53075\/","title":{"rendered":"T\u00e4ysremontti tepsi \u2013 Potku-uhka v\u00e4ltetty toistaiseksi &#8211; Iltalehti"},"content":{"rendered":"<ol>\n<li><a href=\"https:\/\/news.google.com\/rss\/articles\/CBMif0FVX3lxTFB2Nkw3b3FrNTFtdExVa2dFRWRzaXRkWURtQkpRR1NWc0JiWUxkS2NvWVplVWpWN3FNMUFJWnhOMlNfNk9wS01EX21qN0JWa2FhYWxuY1dHSlVySkR2SkptMjFYUTljaXhtZXU2aXA3OE9xbWR1ZFF3OFlsQ3IxdTA?oc=5\" target=\"_blank\" rel=\"nofollow noopener\">T\u00e4ysremontti tepsi \u2013 Potku-uhka v\u00e4ltetty toistaiseksi<\/a>&nbsp;&nbsp;Iltalehti<\/li>\n<li><a href=\"https:\/\/news.google.com\/rss\/articles\/CBMitwFBVV95cUxOU1JuNUxSZzYxVTZWU2lHSEU3VWdEQTZCQl95Mk1tZHM1M2NwOXZ4ZWdaUFRieFB0a1luekUzUGtwWnFlWWVabTZ0YW5uS0t4SXUwNWRkZENCaWdEMi1NTkhURVFrS015OTliRFR0WTVhOGhFY0lkUmc1YV94RURKcnJWTFJMOEpzV00wdkMwZGhzVmZvY1JuaVd2OHJ3dHRkMnJyT0JNNlJZYWZWbGs5OGVlSlFZUUU?oc=5\" target=\"_blank\" rel=\"nofollow noopener\">Saako Ruben Amorim potkut jo viikonloppuna? N\u00e4in asiaa kommentoitiin sis\u00e4piirist\u00e4<\/a>&nbsp;&nbsp;Sportti.com<\/li>\n<li><a href=\"https:\/\/news.google.com\/rss\/articles\/CBMiqgFBVV95cUxNV1RnVTU0Sm1fWmhLU2N6Q1pIR2JZZWlSZUFXOF9ZWUNmMl9lUEtlTDBzVlROR2JwanlURGFzTFphS2s3TGVnTkhaMF9jYWc2SUllZGFXN0NubmdqXzFrNGhXM1hFLXg4V2V1bFdQSXN5RnBTM1Y5cWtzbkZIZWxZTklybzlRb2FJb2hOa3dkMTREU1J2ZlVfLVR4Ui1vR3lwN0FLTElzU2NlZw?oc=5\" target=\"_blank\" rel=\"nofollow noopener\">Valioliiga: Manchester United \u2013 Sunderland 4.10.2025 &#8211; Vihje &amp; kertoimet<\/a>&nbsp;&nbsp;Vedonlyonti.com<\/li>\n<li><a href=\"https:\/\/news.google.com\/rss\/articles\/CBMiQkFVX3lxTE5ISnZjb1ZFUldhcUROTlFrQ2szRGJ1Vm1uT2laMGQ5LThRclNjTXRHV1ctRlFLVXNtSjQ1elpNTEgwdw?oc=5\" target=\"_blank\" rel=\"nofollow noopener\">Manchester Unitedin p\u00e4\u00e4valmentajalle rajua kritiikki\u00e4 \u2013 Valioliigan k\u00e4rjess\u00e4 muhii sensaatio<\/a>&nbsp;&nbsp;Yle<\/li>\n<li><a href=\"https:\/\/news.google.com\/rss\/articles\/CBMiigFBVV95cUxOWTR0UUM2X2cyMlE3UjEwMG9nXzRZY1FtTm9oM09OUEdPd2w4QjhVTU53bzFnSFo1bWJhQ0s5Q0ROZVRITVY1anI3NEEzZzdnbll1Q0VVSEFMeGZyWm93MDRUM2FPdUU4WGlIQVFsWmdkVk1Sc2N6b3JUaGlEeWRIbHV2Qkh3UzM1YWc?oc=5\" target=\"_blank\" rel=\"nofollow noopener\">Toimittaja: Ruben Amorimilla on Manchester Unitedin t\u00e4ysi tuki<\/a>&nbsp;&nbsp;Atleetti.fi<\/li>\n<\/ol>\n","protected":false},"excerpt":{"rendered":"T\u00e4ysremontti tepsi \u2013 Potku-uhka v\u00e4ltetty toistaiseksi&nbsp;&nbsp;Iltalehti Saako Ruben Amorim potkut jo viikonloppuna? N\u00e4in asiaa kommentoitiin sis\u00e4piirist\u00e4&nbsp;&nbsp;Sportti.com Valioliiga: Manchester&hellip;\n","protected":false},"author":2,"featured_media":53076,"comment_status":"","ping_status":"","sticky":false,"template":"","format":"standard","meta":{"footnotes":""},"categories":[158],"tags":[35,33,31,30,43,42,1745,1984,41,159,32,160],"class_list":{"0":"post-53075","1":"post","2":"type-post","3":"status-publish","4":"format-standard","5":"has-post-thumbnail","7":"category-urheilu","8":"tag-24h","9":"tag-fi","10":"tag-finland","11":"tag-finnish","12":"tag-jalkapallo","13":"tag-jalkapalloon-perustuvat-lajit","14":"tag-jalkapallopelaajat","15":"tag-jalkapallopelaajat-miehet","16":"tag-liikunta-ja-urheilu","17":"tag-sports","18":"tag-suomi","19":"tag-urheilu"},"share_on_mastodon":{"url":"","error":""},"_links":{"self":[{"href":"https:\/\/www.europesays.com\/fi\/wp-json\/wp\/v2\/posts\/53075","targetHints":{"allow":["GET"]}}],"collection":[{"href":"https:\/\/www.europesays.com\/fi\/wp-json\/wp\/v2\/posts"}],"about":[{"href":"https:\/\/www.europesays.com\/fi\/wp-json\/wp\/v2\/types\/post"}],"author":[{"embeddable":true,"href":"https:\/\/www.europesays.com\/fi\/wp-json\/wp\/v2\/users\/2"}],"replies":[{"embeddable":true,"href":"https:\/\/www.europesays.com\/fi\/wp-json\/wp\/v2\/comments?post=53075"}],"version-history":[{"count":0,"href":"https:\/\/www.europesays.com\/fi\/wp-json\/wp\/v2\/posts\/53075\/revisions"}],"wp:featuredmedia":[{"embeddable":true,"href":"https:\/\/www.europesays.com\/fi\/wp-json\/wp\/v2\/media\/53076"}],"wp:attachment":[{"href":"https:\/\/www.europesays.com\/fi\/wp-json\/wp\/v2\/media?parent=53075"}],"wp:term":[{"taxonomy":"category","embeddable":true,"href":"https:\/\/www.europesays.com\/fi\/wp-json\/wp\/v2\/categories?post=53075"},{"taxonomy":"post_tag","embeddable":true,"href":"https:\/\/www.europesays.com\/fi\/wp-json\/wp\/v2\/tags?post=53075"}],"curies":[{"name":"wp","href":"https:\/\/api.w.org\/{rel}","templated":true}]}}