{"id":53077,"date":"2025-10-04T17:21:08","date_gmt":"2025-10-04T17:21:08","guid":{"rendered":"https:\/\/www.europesays.com\/fi\/53077\/"},"modified":"2025-10-04T17:21:08","modified_gmt":"2025-10-04T17:21:08","slug":"remo-girone-on-kuollut","status":"publish","type":"post","link":"https:\/\/www.europesays.com\/fi\/53077\/","title":{"rendered":"Remo Girone on kuollut"},"content":{"rendered":"<p>Italialaisn\u00e4yttelij\u00e4 Remo Girone kuoli kotonaan perjantaina. <\/p>\n<p><img decoding=\"async\" class=\"image image-show image-preview\" src=\"https:\/\/www.europesays.com\/fi\/wp-content\/uploads\/2025\/10\/7ef729d4cdbd9ea4000d9d1ff46963184189658aaa29e7d1d5c6551af92c88dc.jpg\" alt=\"\"\/><img decoding=\"async\" class=\"image image-show\" src=\"https:\/\/www.europesays.com\/fi\/wp-content\/uploads\/2025\/10\/1759598468_109_7ef729d4cdbd9ea4000d9d1ff46963184189658aaa29e7d1d5c6551af92c88dc.jpg\" alt=\"\"\/><\/p>\n<p>Remo Girone kuoli 76 vuoden i\u00e4ss\u00e4.  AOP<\/p>\n<p class=\"paragraph\">Italialainen n\u00e4yttelij\u00e4 <strong>Remone Girone<\/strong> on kuollut, kertoo <a href=\"https:\/\/www.repubblica.it\/spettacoli\/tv-radio\/2025\/10\/03\/news\/remo_girone_morto_attore_la_piovra-424889646\/\" rel=\"noopener nofollow\" target=\"_blank\">La Repubblica<\/a>.<\/p>\n<p class=\"paragraph\">Lehden mukaan 76-vuotias n\u00e4yttelij\u00e4 kuoli perjantaina kotonaan Monte Carlossa, Monacossa. Girone k\u00e4rsi virtsarakon sy\u00f6v\u00e4st\u00e4.<\/p>\n<p class=\"paragraph\">Erityisesti Girone muistetaan tv-sarjasta La Piovra, jossa h\u00e4n n\u00e4ytteli mafiapomoa. Toinen h\u00e4nen mieleenpainuvista rooleistaan oli  Le Mans 66 \u2013 t\u00e4ydell\u00e4 teholla -elokuvassa (Ford v Ferrari) vuodelta 2019. H\u00e4n n\u00e4ytteli elokuvassa <a href=\"https:\/\/www.iltalehti.fi\/henkilot\/Enzo Ferrarin\" class=\"article-link-person-page\" rel=\"nofollow noopener\" target=\"_blank\">Enzo Ferraria<\/a>.<\/p>\n<p class=\"paragraph\">Vuonna 2016 h\u00e4net n\u00e4htiin my\u00f6s Live by Night -rikosdraamassa, jonka ohjasi elokuvassa my\u00f6s p\u00e4\u00e4osaa n\u00e4ytellyt <a href=\"https:\/\/www.iltalehti.fi\/henkilot\/Ben Affleck\" class=\"article-link-person-page\" rel=\"nofollow noopener\" target=\"_blank\">Ben Affleck<\/a>.<\/p>\n<p class=\"paragraph\">Girone syntyi 1. joulukuuta 1948 It\u00e4-Afrikan Eritreassa italialaiseen perheeseen. H\u00e4n opiskeli n\u00e4yttelij\u00e4ksi Roomassa ja on ty\u00f6skennellyt sek\u00e4 teatterirooleissa ett\u00e4 elokuvissa aina 1970-luvun puoliv\u00e4list\u00e4 alkaen, p\u00e4\u00e4asiassa Italiassa.<\/p>\n<p class=\"paragraph\">Vuonna 2021 h\u00e4net palkittiin el\u00e4m\u00e4nty\u00f6palkinnolla Venetsian elokuvajuhlilla ja Flaianon elokuvajuhlilla.<\/p>\n<p class=\"paragraph\">Girone oli naimisissa n\u00e4yttelij\u00e4 Victoria Zinnyn kanssa vuodesta 1982 l\u00e4htien.<\/p>\n<p>Gironea j\u00e4i kaipaamaan muun muassa h\u00e4nen n\u00e4yttelij\u00e4vaimonsa Victoria Zinny.  AOP<\/p>\n","protected":false},"excerpt":{"rendered":"Italialaisn\u00e4yttelij\u00e4 Remo Girone kuoli kotonaan perjantaina. Remo Girone kuoli 76 vuoden i\u00e4ss\u00e4. AOP Italialainen n\u00e4yttelij\u00e4 Remone Girone on&hellip;\n","protected":false},"author":2,"featured_media":53078,"comment_status":"","ping_status":"","sticky":false,"template":"","format":"standard","meta":{"footnotes":""},"categories":[130],"tags":[35,153,623,137,33,31,30,1928,1616,32,167,140,109],"class_list":{"0":"post-53077","1":"post","2":"type-post","3":"status-publish","4":"format-standard","5":"has-post-thumbnail","7":"category-viihde","8":"tag-24h","9":"tag-audiovisuaalinen-media","10":"tag-elokuva","11":"tag-entertainment","12":"tag-fi","13":"tag-finland","14":"tag-finnish","15":"tag-kirjallisuus-ja-audiovisuaalinen-media","16":"tag-media-viestinta","17":"tag-suomi","18":"tag-terveys","19":"tag-tv-ja-elokuvat","20":"tag-viihde"},"share_on_mastodon":{"url":"","error":""},"_links":{"self":[{"href":"https:\/\/www.europesays.com\/fi\/wp-json\/wp\/v2\/posts\/53077","targetHints":{"allow":["GET"]}}],"collection":[{"href":"https:\/\/www.europesays.com\/fi\/wp-json\/wp\/v2\/posts"}],"about":[{"href":"https:\/\/www.europesays.com\/fi\/wp-json\/wp\/v2\/types\/post"}],"author":[{"embeddable":true,"href":"https:\/\/www.europesays.com\/fi\/wp-json\/wp\/v2\/users\/2"}],"replies":[{"embeddable":true,"href":"https:\/\/www.europesays.com\/fi\/wp-json\/wp\/v2\/comments?post=53077"}],"version-history":[{"count":0,"href":"https:\/\/www.europesays.com\/fi\/wp-json\/wp\/v2\/posts\/53077\/revisions"}],"wp:featuredmedia":[{"embeddable":true,"href":"https:\/\/www.europesays.com\/fi\/wp-json\/wp\/v2\/media\/53078"}],"wp:attachment":[{"href":"https:\/\/www.europesays.com\/fi\/wp-json\/wp\/v2\/media?parent=53077"}],"wp:term":[{"taxonomy":"category","embeddable":true,"href":"https:\/\/www.europesays.com\/fi\/wp-json\/wp\/v2\/categories?post=53077"},{"taxonomy":"post_tag","embeddable":true,"href":"https:\/\/www.europesays.com\/fi\/wp-json\/wp\/v2\/tags?post=53077"}],"curies":[{"name":"wp","href":"https:\/\/api.w.org\/{rel}","templated":true}]}}