{"id":53087,"date":"2025-10-04T17:31:17","date_gmt":"2025-10-04T17:31:17","guid":{"rendered":"https:\/\/www.europesays.com\/fi\/53087\/"},"modified":"2025-10-04T17:31:17","modified_gmt":"2025-10-04T17:31:17","slug":"jupiterin-revontulissa-havaittiin-sormenjaljet-sen-kaikista-suurista-kuista","status":"publish","type":"post","link":"https:\/\/www.europesays.com\/fi\/53087\/","title":{"rendered":"Jupiterin revontulissa havaittiin sormenj\u00e4ljet sen kaikista suurista kuista"},"content":{"rendered":"<p>Jupiterin voimakas magneettikentt\u00e4 vangitsee planeetan ymp\u00e4rille varattuja hiukkasia. Nasan mukaan j\u00e4ttil\u00e4isplaneetan revontulissa n\u00e4kyv\u00e4t merkit sen jokaisen suuren kuun vuorovaikutuksesta.&#13;<\/p>\n<p class=\"bodytext\">J\u00e4ttil\u00e4isplaneetta Jupiterilla on nelj\u00e4 suurta kuuta. Aiemmin Jupiterin revontulista oli l\u00f6ydetty vuorovaikutuksen \u201dsormenj\u00e4ljet\u201d kolmelta suurelta kuulta eli Iolta, Europalta ja Ganymedekselt\u00e4.\u00a0\n<\/p>\n<p>Huolimatta jopa Hubble-avaruusteleskoopilla tehdyist\u00e4 havaintoyrityksist\u00e4 niit\u00e4 ei oltu Calliston osalta l\u00f6ydetty.\n<\/p>\n<p>Nyt tutkijat ovat kuitenkin l\u00f6yt\u00e4neet merkkej\u00e4 my\u00f6s Calliston vaikutuksista revontuliin. Ne l\u00f6ytyiv\u00e4t Juno-luotaimen syyskuussa 2019 tekemist\u00e4 havainnoista.\n<\/p>\n<p>Havainnon mahdollisti tuolloin Auringosta tullut suuri hiukkaspurkaus. T\u00e4m\u00e4 kirkasti revontulia. Hyvin heikko, mutta kuitenkin erottuva merkki Calliston vuorovaikutuksesta tallentui ultraviolettiaallonpituuksilla otettuun kuvaan.\n<\/p>\n<p>Jupiterin kaikkien kuiden yhteismassasta 99,997 prosenttia on sen nelj\u00e4ss\u00e4 suuressa kuussa. Niiden koko vaihtelee hieman maapallon omaa Kuuta pienemm\u00e4st\u00e4 Europasta noin puolitoistakertaa Kuun kokoiseen Ganymedekseen.\u00a0\n<\/p>\n<p>Nelikkoa kutsutaan my\u00f6s Galileon kuiksi, sill\u00e4 <strong>Galileo Galilei<\/strong> l\u00f6ysi ne vuonna 1610. Ne n\u00e4kyisiv\u00e4t hyviss\u00e4 olosuhteissa jopa paljain silmin jollei Jupiterin kirkkaus est\u00e4isi h\u00e4ik\u00e4isyll\u00e4\u00e4n niiden erottumista.\n<\/p>\n<p><a href=\"https:\/\/science.nasa.gov\/missions\/juno\/juno-detected-the-final-missing-auroral-signature-from-jupiters-four-largest-moons\/\" target=\"_blank\" rel=\"noreferrer nofollow noopener\">Aiheesta lis\u00e4\u00e4 Nasa<\/a> (englanniksi)<\/p>\n","protected":false},"excerpt":{"rendered":"Jupiterin voimakas magneettikentt\u00e4 vangitsee planeetan ymp\u00e4rille varattuja hiukkasia. Nasan mukaan j\u00e4ttil\u00e4isplaneetan revontulissa n\u00e4kyv\u00e4t merkit sen jokaisen suuren kuun&hellip;\n","protected":false},"author":2,"featured_media":53088,"comment_status":"","ping_status":"","sticky":false,"template":"","format":"standard","meta":{"footnotes":""},"categories":[114],"tags":[453,33,31,30,118,452,32,119],"class_list":{"0":"post-53087","1":"post","2":"type-post","3":"status-publish","4":"format-standard","5":"has-post-thumbnail","7":"category-avaruus","8":"tag-avaruus","9":"tag-fi","10":"tag-finland","11":"tag-finnish","12":"tag-science","13":"tag-space","14":"tag-suomi","15":"tag-tiede"},"share_on_mastodon":{"url":"","error":""},"_links":{"self":[{"href":"https:\/\/www.europesays.com\/fi\/wp-json\/wp\/v2\/posts\/53087","targetHints":{"allow":["GET"]}}],"collection":[{"href":"https:\/\/www.europesays.com\/fi\/wp-json\/wp\/v2\/posts"}],"about":[{"href":"https:\/\/www.europesays.com\/fi\/wp-json\/wp\/v2\/types\/post"}],"author":[{"embeddable":true,"href":"https:\/\/www.europesays.com\/fi\/wp-json\/wp\/v2\/users\/2"}],"replies":[{"embeddable":true,"href":"https:\/\/www.europesays.com\/fi\/wp-json\/wp\/v2\/comments?post=53087"}],"version-history":[{"count":0,"href":"https:\/\/www.europesays.com\/fi\/wp-json\/wp\/v2\/posts\/53087\/revisions"}],"wp:featuredmedia":[{"embeddable":true,"href":"https:\/\/www.europesays.com\/fi\/wp-json\/wp\/v2\/media\/53088"}],"wp:attachment":[{"href":"https:\/\/www.europesays.com\/fi\/wp-json\/wp\/v2\/media?parent=53087"}],"wp:term":[{"taxonomy":"category","embeddable":true,"href":"https:\/\/www.europesays.com\/fi\/wp-json\/wp\/v2\/categories?post=53087"},{"taxonomy":"post_tag","embeddable":true,"href":"https:\/\/www.europesays.com\/fi\/wp-json\/wp\/v2\/tags?post=53087"}],"curies":[{"name":"wp","href":"https:\/\/api.w.org\/{rel}","templated":true}]}}