{"id":53089,"date":"2025-10-04T17:33:17","date_gmt":"2025-10-04T17:33:17","guid":{"rendered":"https:\/\/www.europesays.com\/fi\/53089\/"},"modified":"2025-10-04T17:33:17","modified_gmt":"2025-10-04T17:33:17","slug":"pitaa-jatkoselvittaa-nain-tuore-ymparisto-ja-ilmastoministeri-kommentoi-edeltajansa-ydinvoimaehdotuksia","status":"publish","type":"post","link":"https:\/\/www.europesays.com\/fi\/53089\/","title":{"rendered":"\u201dPit\u00e4\u00e4 jatkoselvitt\u00e4\u00e4\u201d \u2013 n\u00e4in tuore ymp\u00e4rist\u00f6- ja ilmastoministeri kommentoi edelt\u00e4j\u00e4ns\u00e4 ydinvoimaehdotuksia"},"content":{"rendered":"<p>Uuden ymp\u00e4rist\u00f6- ja ilmastoministerin <strong>Sari Multalan<\/strong> (kok.) mukaan keinoja ydinvoimainvestointien edist\u00e4miseksi pit\u00e4\u00e4 jatkoselvitt\u00e4\u00e4.<\/p>\n<p>Multala kommentoi asiaa tiedotustilaisuudessa perjantaina sen j\u00e4lkeen, kun h\u00e4net oli nimitetty uuteen ministerinpestiin. H\u00e4nen edelt\u00e4j\u00e4ns\u00e4 <strong>Kai Mykk\u00e4nen<\/strong> (kok.) siirtyy Espoon kaupunginjohtajaksi. Multalan aiemmassa teht\u00e4v\u00e4ss\u00e4 tiede- ja kulttuuriministerin\u00e4 puolestaan aloitti <strong>Mari-Leena Talvitie<\/strong> (kok.).<\/p>\n<p>Multala ei luvannut suoraan edist\u00e4\u00e4 Mykk\u00e4sen ajamia ydinvoiman tukitoimia. Mykk\u00e4nen esitti viime viikolla k\u00e4yt\u00e4nn\u00f6ss\u00e4 s\u00e4hk\u00f6n kuluttajilta ker\u00e4tt\u00e4v\u00e4\u00e4 lis\u00e4maksua ja rakentamisajan takausta tai korkosuojaa.<\/p>\n<p>Multala vastasi kysytt\u00e4ess\u00e4, ett\u00e4 erilaisia keinoja ydinvoiman houkuttelemiseksi pit\u00e4\u00e4 tutkia. H\u00e4nen mukaansa Suomi tarvitsee lis\u00e4\u00e4 ydinvoimaa.<\/p>\n<p>-\u2009 Se, ett\u00e4 onko sitten se keino joku n\u00e4ist\u00e4 Mykk\u00e4sen esitt\u00e4mist\u00e4, sit\u00e4 pit\u00e4\u00e4 jatkoselvitt\u00e4\u00e4. Se on aivan selv\u00e4, Multala sanoi.<\/p>\n<p>Multalan mukaan asia tulee keskusteltavaksi kev\u00e4\u00e4ll\u00e4 ilmasto- ja energiastrategian yhteydess\u00e4.<\/p>\n<p><strong>MINISTERINVAIHDOKSET<\/strong> toteutettiin perjantaina presidentin esittelyss\u00e4. Multala kiitti tiedotustilaisuudessa Mykk\u00e4st\u00e4 ja sanoi, ett\u00e4 olo on t\u00e4m\u00e4n l\u00e4hd\u00f6n vuoksi haikeakin.<\/p>\n<p>H\u00e4n my\u00f6nsi, ett\u00e4 ilmasto- ja luontopolitiikan haasteet ovat vaativia. Multalan mielest\u00e4 toivoakin kuitenkin on.<\/p>\n<p>-\u2009 Tiedeministerin\u00e4 uskoni on vahvistunut siihen, ett\u00e4 vaativammatkin ongelmat ovat ratkaistavissa ja joskus jopa yll\u00e4tt\u00e4v\u00e4nkin nopeasti.<\/p>\n<p>Viime viikolla Luonnonvarakeskus kertoi, ett\u00e4 mets\u00e4t ovat nyt p\u00e4\u00e4st\u00f6l\u00e4hde. Niiden hiilinielu en\u00e4\u00e4 kata edes metsien maaper\u00e4n ilmastop\u00e4\u00e4st\u00f6j\u00e4.<\/p>\n<p>Multalan mukaan toimia nielujen vahvistamiseksi tarvitaan, mutta ministeri puhui my\u00f6s mets\u00e4teollisuuden puolesta. H\u00e4nest\u00e4 hallituksen tulee huolehtia my\u00f6s siit\u00e4, ett\u00e4 puuta on saatavilla.<\/p>\n<p>-\u2009 Se on selv\u00e4\u00e4, maailman ilmastoa ei sill\u00e4 pelasteta, ett\u00e4 Suomessa hakkuut lopetettaisiin esimerkiksi kokonaan.<\/p>\n<p>Multalan mielest\u00e4 kaikki keinot eiv\u00e4t ole suoraan poliittisten p\u00e4\u00e4tt\u00e4jien k\u00e4siss\u00e4.<\/p>\n<blockquote>\n<p>Puoliv\u00e4liriihi on hyv\u00e4 paikka k\u00e4yd\u00e4 l\u00e4pi tehty\u00e4 ty\u00f6t\u00e4.<\/p>\n<\/blockquote>\n<p><strong>TIEDE-<\/strong> ja kulttuuriministerin\u00e4 aloittanut Talvitie sanoi tiedotustilaisuudessa, ett\u00e4 suomalaisten koulutustason nostamiseksi tarvitaan lis\u00e4\u00e4 toimia. H\u00e4nen mukaansa uusia toimia on valmisteltava niin, ett\u00e4 niist\u00e4 voitaisiin p\u00e4\u00e4tt\u00e4\u00e4 huhtikuun puoliv\u00e4liriihess\u00e4 eli talousneuvotteluissa.<\/p>\n<p>Ministeri esitti huolensa korkeakoulutettujen osuudesta erityisesti nuorten ik\u00e4luokissa. Aiemmin korkeakoulutettujen osuutta on pyritty kasvattamaan esimerkiksi koulutuspaikkoja lis\u00e4\u00e4m\u00e4ll\u00e4.<\/p>\n<p>-\u2009 Se ei yksin riit\u00e4. Puoliv\u00e4liriihi on hyv\u00e4 paikka k\u00e4yd\u00e4 l\u00e4pi tehty\u00e4 ty\u00f6t\u00e4 ja katsoa ratkaisuja tulevaan, Talvitie sanoi.<\/p>\n<p>Talvitien mielest\u00e4 keinoja pit\u00e4\u00e4 etsi\u00e4 esimerkiksi koulutuksen l\u00e4p\u00e4isyn parantamiseen, koulutuksen kasautumisen v\u00e4hent\u00e4miseen ja siihen, miten korkeakouluun p\u00e4\u00e4st\u00e4isiin enemm\u00e4n suoraan toiselta asteelta. Talvitie korosti my\u00f6s ammattikoulusta korkeakouluun jatkamista.<\/p>\n<p>Talvitie on kolmannen kauden kansanedustaja Oulusta. H\u00e4n on koulutukseltaan ymp\u00e4rist\u00f6tekniikan diplomi-insin\u00f6\u00f6ri ja on toiminut eduskunnassa t\u00e4ll\u00e4 kaudella sivistysvaliokunnassa.<\/p>\n<p><strong>KOKOOMUKSEN<\/strong> ministeriryhm\u00e4ss\u00e4 on tulevana kev\u00e4\u00e4n\u00e4 luvassa my\u00f6s muita muutoksia, sill\u00e4 kokoomuksen eduskuntaryhm\u00e4n puheenjohtaja <strong>Matias Marttinen<\/strong> siirtyy hallituksen puoliv\u00e4liriihen j\u00e4lkeen ty\u00f6ministeriksi <strong>Arto Satosen<\/strong> tilalle.<\/p>\n<p>Aiemmin t\u00e4ss\u00e4 kuussa kerrottiin, ett\u00e4 Satonen on hakenut Kelan p\u00e4\u00e4johtajaksi. Kelan p\u00e4\u00e4johtajaksi ovat hakeneet my\u00f6s entinen keskustan puheenjohtaja ja entinen valtiovarainministeri <strong>Annika Saarikko<\/strong> sek\u00e4 ty\u00f6- ja elinkeinoministeri\u00f6n alivaltiosihteeri <strong>Elina Pylkk\u00e4nen<\/strong>.<\/p>\n<p><strong>MYKK\u00c4SEN<\/strong> tilalle eduskuntaan uudeksi kansanedustajaksi nousi <strong>Henrik Vuornos<\/strong>. Vuornos on toiminut aiemmin p\u00e4\u00e4ministeri <strong>Petteri Orpon<\/strong> (kok.) poliittisena erityisavustajana ja kokoomuksen ministeriryhm\u00e4n sihteerin\u00e4.<\/p>\n<p>Varasijalta eduskuntaan noussut Vuornos aloitti kansanedustajana perjantaina.<\/p>\n<p>Vuornos on toiminut my\u00f6s Espoon kaupunginhallituksen puheenjohtajana vuosina 2021-23.<\/p>\n<p><b>Tuomas Savonen, Anni Keski-Heikkil\u00e4 \/ STT<\/b><\/p>\n","protected":false},"excerpt":{"rendered":"Uuden ymp\u00e4rist\u00f6- ja ilmastoministerin Sari Multalan (kok.) mukaan keinoja ydinvoimainvestointien edist\u00e4miseksi pit\u00e4\u00e4 jatkoselvitt\u00e4\u00e4. Multala kommentoi asiaa tiedotustilaisuudessa perjantaina&hellip;\n","protected":false},"author":2,"featured_media":53090,"comment_status":"","ping_status":"","sticky":false,"template":"","format":"standard","meta":{"footnotes":""},"categories":[113],"tags":[446,33,31,30,118,32,119,447],"class_list":{"0":"post-53089","1":"post","2":"type-post","3":"status-publish","4":"format-standard","5":"has-post-thumbnail","7":"category-ymparisto","8":"tag-environment","9":"tag-fi","10":"tag-finland","11":"tag-finnish","12":"tag-science","13":"tag-suomi","14":"tag-tiede","15":"tag-ymparisto"},"share_on_mastodon":{"url":"","error":""},"_links":{"self":[{"href":"https:\/\/www.europesays.com\/fi\/wp-json\/wp\/v2\/posts\/53089","targetHints":{"allow":["GET"]}}],"collection":[{"href":"https:\/\/www.europesays.com\/fi\/wp-json\/wp\/v2\/posts"}],"about":[{"href":"https:\/\/www.europesays.com\/fi\/wp-json\/wp\/v2\/types\/post"}],"author":[{"embeddable":true,"href":"https:\/\/www.europesays.com\/fi\/wp-json\/wp\/v2\/users\/2"}],"replies":[{"embeddable":true,"href":"https:\/\/www.europesays.com\/fi\/wp-json\/wp\/v2\/comments?post=53089"}],"version-history":[{"count":0,"href":"https:\/\/www.europesays.com\/fi\/wp-json\/wp\/v2\/posts\/53089\/revisions"}],"wp:featuredmedia":[{"embeddable":true,"href":"https:\/\/www.europesays.com\/fi\/wp-json\/wp\/v2\/media\/53090"}],"wp:attachment":[{"href":"https:\/\/www.europesays.com\/fi\/wp-json\/wp\/v2\/media?parent=53089"}],"wp:term":[{"taxonomy":"category","embeddable":true,"href":"https:\/\/www.europesays.com\/fi\/wp-json\/wp\/v2\/categories?post=53089"},{"taxonomy":"post_tag","embeddable":true,"href":"https:\/\/www.europesays.com\/fi\/wp-json\/wp\/v2\/tags?post=53089"}],"curies":[{"name":"wp","href":"https:\/\/api.w.org\/{rel}","templated":true}]}}