{"id":53091,"date":"2025-10-04T17:47:09","date_gmt":"2025-10-04T17:47:09","guid":{"rendered":"https:\/\/www.europesays.com\/fi\/53091\/"},"modified":"2025-10-04T17:47:09","modified_gmt":"2025-10-04T17:47:09","slug":"iida-ketola-paljastaa-rohkean-kuvan-ja-eron-taustat-katso-sensuelli-instagram-paivitys","status":"publish","type":"post","link":"https:\/\/www.europesays.com\/fi\/53091\/","title":{"rendered":"Iida Ketola paljastaa rohkean kuvan ja eron taustat \u2013 katso sensuelli Instagram-p\u00e4ivitys"},"content":{"rendered":"<p>            ATTE KAJOVA\n        <\/p>\n<p class=\"subtitle \">Iidan valitsee alushousunsa ajatuksella.<\/p>\n<p class=\"article-content article-content-width !bg-background\">Kampaamoyritt\u00e4j\u00e4n\u00e4kin tiedett\u00e4v\u00e4 mediapersoona  julkaisi <a href=\"https:\/\/www.instagram.com\/ogiidaketola\/\" target=\"_blank\" rel=\"nofollow noopener\">Instagramiinsa<\/a> lauantaina (4.10.) rohkean sensuellin kuvan.<\/p>\n<p class=\"font-weight-bold m-font-weight-bold article-content article-content-width !bg-background\">Katso my\u00f6s! Iida Ketola paljastaa pelkonsa:<\/p>\n<p class=\"article-content article-content-width !bg-background\">Otoksessa Iida poseeraa makuuhuoneessa syksyinen neule ja paljon puhuvat alushousut yll\u00e4\u00e4n.<\/p>\n<p>Piilotettu viesti!<\/p>\n<p class=\"article-content article-content-width !bg-background\">Iida istuu kuvassa s\u00e4ngyn laidalla k\u00e4si\u00e4\u00e4n ylh\u00e4\u00e4ll\u00e4 pidellen. Yll\u00e4\u00e4n h\u00e4nell\u00e4 on vaaleansininen neule, sek\u00e4 r\u00e4iskyv\u00e4n pinkit alushousut. Sininen timanttikirjailu muodostaa kankaaseen tekstin &#8221;Spoil me&#8221; joka vapaasti suomennettuna k\u00e4skee hemmottelemaan.<\/p>\n<p>        <a itemprop=\"url\" href=\"https:\/\/www.seiska.fi\/kotimaa\/iida-ketola-purskahti-itkuun-lukiessaan-severi-lahtiselle-osoitettuja-puolustuskommentteja-siis-mita-helvettia\/1160878\" rel=\"nofollow noopener\" target=\"_blank\"><\/p>\n<p class=\"section-date\">\n        <strong class=\"article-section\" data-section=\"kotimaa\"><br \/>\n            kotimaa<br \/>\n        <\/strong><br \/>\n        11.10.2023 17:30\n    <\/p>\n<p>Iida Ketola purskahti itkuun lukiessaan Severi Lahtiselle osoitettuja puolustuskommentteja: &#8221;Siis mit\u00e4 helvetti\u00e4&#8221;\n    <\/p>\n<p itemprop=\"description\" class=\"subtitle \">\n    Iida my\u00f6nt\u00e4\u00e4 olevansa j\u00e4rkyttynyt vankilaan tuomitun j\u00e4\u00e4kiekkoilijan saamista puolustuskommenteista.\n<\/p>\n<p>        <\/a><\/p>\n<p class=\"article-content article-content-width !bg-background\">Iidan mukaan kyseiset alushousut ovat juuri h\u00e4nelle passelit.<\/p>\n<p class=\"no_italic m-no_italic article-content article-content-width !bg-background\"> \u2013\u00a0Jokaisella strong independent womanilla on pikkuhousut jotka paljastaa todelliset v\u00e4rit, tunteet ja halut, Iida pohtii julkaisussaan.<\/p>\n<p>Takana tuore ero<\/p>\n<p class=\"article-content article-content-width !bg-background\">Iida kertoi elokuun lopulla<a href=\"https:\/\/www.is.fi\/tv-ja-elokuvat\/art-2000011440526.html\" target=\"_blank\" rel=\"nofollow noopener\"> Ilta-Sanomille<\/a> h\u00e4nen ja ammattilaisvapaaottelija  eronneen. Yhteens\u00e4 kolme vuotta yht\u00e4 pit\u00e4neet Iida ja Janne erosivat Iidan mukaan sopuisissa merkeiss\u00e4. Eron taustasyiksi Iida mainitsi muun muassa eri\u00e4v\u00e4t el\u00e4m\u00e4nrytmit.<\/p>\n<p class=\"article-content article-content-width !bg-background\"> \u2013\u00a0Tavallaan olimme hyv\u00e4 tiimi, mutta ehk\u00e4 sitten kuitenkin yst\u00e4vin\u00e4, h\u00e4n kuvaili IS:lle elokuussa.<\/p>\n<p>                <img loading=\"lazy\" decoding=\"async\" src=\"https:\/\/www.europesays.com\/fi\/wp-content\/uploads\/2025\/10\/1951763.webp\" width=\"576\" height=\"274\" alt=\"Iidan ja Jannen suhde alkoi vuonna 2022.\" \/>            <\/p>\n<p>\n            Iidan ja Jannen suhde alkoi vuonna 2022.<br \/>\n            PANU H\u00d6RKK\u00d6\n        <\/p>\n<p>        <a itemprop=\"url\" href=\"https:\/\/www.seiska.fi\/kotimaa\/iida-ketola-hammentyi-pekka-poudan-puolison-kommenteista-kasittamatonta\/1190837\" rel=\"nofollow noopener\" target=\"_blank\"><\/p>\n<p class=\"section-date\">\n        <strong class=\"article-section\" data-section=\"kotimaa\"><br \/>\n            kotimaa<br \/>\n        <\/strong><br \/>\n        14.11.2023 10:20\n    <\/p>\n<p>Iida Ketola h\u00e4mmentyi Pekka Poudan puolison kommenteista: &#8221;K\u00e4sitt\u00e4m\u00e4t\u00f6nt\u00e4&#8221;\n    <\/p>\n<p itemprop=\"description\" class=\"subtitle \">\n    Iida kertoo samassa my\u00f6s oman ratkaisunsa allergikkojen v\u00e4ltt\u00e4miseksi.\n<\/p>\n<p>        <\/a><\/p>\n<p>Mietti vaihtoehtoja Erikoisjoukoissa<\/p>\n<p class=\"article-content article-content-width !bg-background\">Iida n\u00e4hd\u00e4\u00e4n televisioissa paraikaa py\u00f6riv\u00e4ll\u00e4 Erikoisjoukot-ohjelman tuoreella tuotantokaudella. H\u00e4n kertoi Ilta-Sanomille erop\u00e4\u00e4t\u00f6ksen syntyneen ohjelman kuvausten j\u00e4lkeen, mutta jonkinlaisten pohdintojen py\u00f6rineen mieless\u00e4 jo kuvausten aikana.<\/p>\n<p class=\"article-content article-content-width !bg-background\"> \u2013\u00a0Se (ero) oli hieman Erikoisjoukkojen j\u00e4lkeen. Leirill\u00e4 ehdin mietti\u00e4 muutenkin, ett\u00e4 mit\u00e4 haluan el\u00e4m\u00e4lt\u00e4ni. Kun tulin kotiin, mietinn\u00e4t jatkuivat, Iida kertoi.<\/p>\n<p>                <img decoding=\"async\" src=\"https:\/\/www.europesays.com\/fi\/wp-content\/uploads\/2025\/10\/1951755.webp\" width=\"576\" height=\"720\" alt=\"Iida kilpailee Erikoijoukkojen tuoreella tuotantokaudella kokelasnumerolla 6.\" loading=\"lazy\" \/>            <\/p>\n<p>\n            Iida kilpailee Erikoijoukkojen tuoreella tuotantokaudella kokelasnumerolla 6.<br \/>\n            ATTE KAJOVA\n        <\/p>\n<p>        <a itemprop=\"url\" href=\"https:\/\/www.seiska.fi\/kotimaa\/iida-ketolan-bikinistringit-toimivat-nuoret-pojat-tarjoavat-bissea-rannalla\/1129030\" rel=\"nofollow noopener\" target=\"_blank\"><\/p>\n<p class=\"section-date\">\n        <strong class=\"article-section\" data-section=\"kotimaa\"><br \/>\n            kotimaa<br \/>\n        <\/strong><br \/>\n        5.9.2023 13:30\n    <\/p>\n<p>Iida Ketolan bikinistringit toimivat! Nuoret pojat tarjoavat bisse\u00e4 rannalla\n    <\/p>\n<p itemprop=\"description\" class=\"subtitle \">\n    Iida Ketola nauttii rantalomastaan t\u00e4ysin rinnoin.\n<\/p>\n<p>        <\/a><\/p>\n<p class=\"article-content article-content-width !bg-background\">Yhdess\u00e4 maatilaa asuttaneet Iida ja Janne sopivat pian eron j\u00e4lkeen selv\u00e4t asumiskuviot.<\/p>\n<p class=\"article-content article-content-width !bg-background\"> \u2013\u00a0Min\u00e4 j\u00e4\u00e4n nykyiseen kotiimme, ja h\u00e4n etsii uuden asunnon, Iida selvensi.<\/p>\n<p>                <img decoding=\"async\" src=\"https:\/\/www.europesays.com\/fi\/wp-content\/uploads\/2025\/10\/1951765.webp\" width=\"576\" height=\"682\" alt=\"Iidan muistetaan olleen yhdess\u00e4 my\u00f6s NRJ:n Aamupojistakin tutuksi tulleen Renne Korppilan kanssa. Kaksikko avioitui vuonna 2016 ja haki avioeroa vuonna 2021.\" loading=\"lazy\" \/>            <\/p>\n<p>            Iidan muistetaan olleen yhdess\u00e4 my\u00f6s NRJ:n Aamupojistakin tutuksi tulleen  kanssa. Kaksikko avioitui vuonna 2016 ja haki avioeroa vuonna 2021.<br \/>\n            Kari Pekonen<\/p>\n<p><script async src=\"\/\/www.instagram.com\/embed.js\"><\/script><\/p>\n","protected":false},"excerpt":{"rendered":"ATTE KAJOVA Iidan valitsee alushousunsa ajatuksella. Kampaamoyritt\u00e4j\u00e4n\u00e4kin tiedett\u00e4v\u00e4 mediapersoona julkaisi Instagramiinsa lauantaina (4.10.) rohkean sensuellin kuvan. Katso my\u00f6s!&hellip;\n","protected":false},"author":2,"featured_media":53092,"comment_status":"","ping_status":"","sticky":false,"template":"","format":"standard","meta":{"footnotes":""},"categories":[158],"tags":[2159,1664,33,31,30,3274,7234,212,159,32,160],"class_list":{"0":"post-53091","1":"post","2":"type-post","3":"status-publish","4":"format-standard","5":"has-post-thumbnail","7":"category-urheilu","8":"tag-erikoisjoukot","9":"tag-ero","10":"tag-fi","11":"tag-finland","12":"tag-finnish","13":"tag-iida-ketola","14":"tag-janne-elonen-kulmala","15":"tag-lifestyle","16":"tag-sports","17":"tag-suomi","18":"tag-urheilu"},"share_on_mastodon":{"url":"","error":""},"_links":{"self":[{"href":"https:\/\/www.europesays.com\/fi\/wp-json\/wp\/v2\/posts\/53091","targetHints":{"allow":["GET"]}}],"collection":[{"href":"https:\/\/www.europesays.com\/fi\/wp-json\/wp\/v2\/posts"}],"about":[{"href":"https:\/\/www.europesays.com\/fi\/wp-json\/wp\/v2\/types\/post"}],"author":[{"embeddable":true,"href":"https:\/\/www.europesays.com\/fi\/wp-json\/wp\/v2\/users\/2"}],"replies":[{"embeddable":true,"href":"https:\/\/www.europesays.com\/fi\/wp-json\/wp\/v2\/comments?post=53091"}],"version-history":[{"count":0,"href":"https:\/\/www.europesays.com\/fi\/wp-json\/wp\/v2\/posts\/53091\/revisions"}],"wp:featuredmedia":[{"embeddable":true,"href":"https:\/\/www.europesays.com\/fi\/wp-json\/wp\/v2\/media\/53092"}],"wp:attachment":[{"href":"https:\/\/www.europesays.com\/fi\/wp-json\/wp\/v2\/media?parent=53091"}],"wp:term":[{"taxonomy":"category","embeddable":true,"href":"https:\/\/www.europesays.com\/fi\/wp-json\/wp\/v2\/categories?post=53091"},{"taxonomy":"post_tag","embeddable":true,"href":"https:\/\/www.europesays.com\/fi\/wp-json\/wp\/v2\/tags?post=53091"}],"curies":[{"name":"wp","href":"https:\/\/api.w.org\/{rel}","templated":true}]}}