{"id":53093,"date":"2025-10-04T17:48:08","date_gmt":"2025-10-04T17:48:08","guid":{"rendered":"https:\/\/www.europesays.com\/fi\/53093\/"},"modified":"2025-10-04T17:48:08","modified_gmt":"2025-10-04T17:48:08","slug":"eveliina-uosukainen-tilittaa-pettymystaan-selviytyjissa-kilpailijoilta-kova-reaktio","status":"publish","type":"post","link":"https:\/\/www.europesays.com\/fi\/53093\/","title":{"rendered":"Eveliina Uosukainen tilitt\u00e4\u00e4 pettymyst\u00e4\u00e4n Selviytyjiss\u00e4 \u2013 Kilpailijoilta kova reaktio"},"content":{"rendered":"<p>Heimoneuvoston lopputulos her\u00e4tt\u00e4\u00e4 tunteita Selviytyj\u00e4t Suomen Kerbau-leiriss\u00e4. VARO JUONIPALJASTUKSIA!<\/p>\n<p><img decoding=\"async\" class=\"image image-show image-preview\" src=\"https:\/\/www.europesays.com\/fi\/wp-content\/uploads\/2025\/10\/f02c7293afbc1656e5727b52b2e25ff1d03f62ef878a49ebfc1eaa3113b40be7.jpg\" alt=\"\"\/><img decoding=\"async\" class=\"image image-show\" src=\"https:\/\/www.europesays.com\/fi\/wp-content\/uploads\/2025\/10\/1759600088_397_f02c7293afbc1656e5727b52b2e25ff1d03f62ef878a49ebfc1eaa3113b40be7.jpg\" alt=\"\"\/><\/p>\n<p>Kerbau-heimon \u00e4\u00e4nestys ei johtanut kilpailijan pudotukseen. Nelonen<\/p>\n<p class=\"paragraph\">Selviytyj\u00e4t Suomi -ohjelman kuudes jakso alkaa heti v\u00e4lienselvittelyll\u00e4.<\/p>\n<p class=\"paragraph\"><a href=\"https:\/\/www.iltalehti.fi\/tv-ja-leffat\/3a5d6edf-834a-4a08-9a4b-05a14d829627\" rel=\"nofollow noopener\" target=\"_blank\">Heimoneuvostossa<\/a> eniten \u00e4\u00e4ni\u00e4 sai <strong>Eveliina Uosukainen<\/strong>, mutta h\u00e4n onnistui valitsemaan itselleen ruukun, jonka sis\u00e4ll\u00e4 oli kaksintaistelulappu. T\u00e4st\u00e4 johtuen Eveliina on Kerbau-leiriss\u00e4 seuraavaan heimoneuvostoon asti, jolloin h\u00e4nen t\u00e4ytyy voittaa kaksintaistelu saadakseen jatkaa kilpailussa \u2013 kumpi ikin\u00e4 heimoista joutuu pudotusuhan alle.<\/p>\n<p class=\"paragraph\">Eveliinalle antoivat \u00e4\u00e4nens\u00e4 <strong>Anne-Mari Planting<\/strong>, <strong>Laura Akiola<\/strong>, <strong>Tiina K\u00e4pyl\u00e4<\/strong> ja <strong>Jeffrey Lawman<\/strong>.<\/p>\n<p>Eveliina Uosukainen v\u00e4ltti putoamisen kilpailusta nappaamalla ruukun, jonka sis\u00e4ll\u00e4 olevassa lapsussa luki kaksintaistelu. Nelonen<\/p>\n<p class=\"paragraph\">Heimoneuvoston j\u00e4lkeisen\u00e4 aamuna Eveliina tilitt\u00e4\u00e4 Anne-Marille t\u00e4m\u00e4n ja Lauran petoksesta.<\/p>\n<p class=\"paragraph\">\u2013 Kyll\u00e4h\u00e4n minulle tuli silloin iltap\u00e4iv\u00e4st\u00e4 sellainen intuitio, ett\u00e4 olen l\u00e4hd\u00f6ss\u00e4. Mutta se, ett\u00e4 luotin varsinkin sinuun ja Lauraan. Ja kaikki, mit\u00e4 olen teille puhunut, on ollut t\u00e4ysin totta. Sitten vastavuoroisesti olette valehdelleet minulle ihan kirkkain silmin, niin eih\u00e4n se hyv\u00e4lt\u00e4 tunnu, Eveliina sanoo jaksossa.<\/p>\n<p class=\"paragraph\">Laura toteaa kameralle, ett\u00e4 Eveliinan kaksintaistelulapun saaminen tuli varmasti kaikille heille sokkina.<\/p>\n<p class=\"paragraph\">\u2013 Hetih\u00e4n siin\u00e4 alkoi mietti\u00e4: \u201dVoi ei, min\u00e4kin olen valehdellut Eveliinalle ja nyt h\u00e4n tulee t\u00e4nne kanssamme.\u201d Tuleehan siit\u00e4 kiusallista.<\/p>\n<p class=\"paragraph\">Eveliina k\u00e4sittelee pettymyst\u00e4\u00e4n my\u00f6s Lauran kanssa. H\u00e4n kertoo, ett\u00e4 Lauran ja Anne-Marin \u00e4\u00e4net sattuivat h\u00e4nt\u00e4 eniten. Pian keskusteluun puuttuu Tiina.<\/p>\n<p class=\"paragraph\">\u2013 Mutta olethan sin\u00e4 itsekin pelannut samaa peli\u00e4 t\u00e4\u00e4ll\u00e4, Tiina muistuttaa Eveliinaa.<\/p>\n<p class=\"paragraph\">\u2013 Mutta min\u00e4 olen pelannut koko ajan syd\u00e4mell\u00e4. En ole l\u00e4htenyt rakentamaan liittoja sellaisten kanssa, joiden kanssa en aidosti haluaisi sit\u00e4 tehd\u00e4, Eveliina puolustautuu.<\/p>\n<p class=\"paragraph\">\u2013 Kyll\u00e4h\u00e4n sin\u00e4 sanoit silloin, kun \u00e4\u00e4nestit <strong>Jannea<\/strong>, ett\u00e4 \u00e4\u00e4nest\u00e4t <strong>Aleksia<\/strong> ja pysyisit siin\u00e4, mit\u00e4 olemme sopineet. Niin eth\u00e4n sin\u00e4 silloin pysynyt siin\u00e4, mit\u00e4 sovittiin, Jeffrey haastaa.<\/p>\n<p class=\"paragraph\">\u2013 Sitten ehdotit meille liittoa, ett\u00e4 mimmit pidet\u00e4\u00e4n yht\u00e4 ja \u00e4\u00e4nestet\u00e4\u00e4n Jeffreyt\u00e4. Jannelle ja Jeffreylle ehdotit, ett\u00e4 \u00e4\u00e4nest\u00e4tte minua, Tiina lis\u00e4\u00e4.<\/p>\n<p class=\"paragraph\">Eveliina kuuntelee v\u00e4itteit\u00e4 hiljaisena. Hetken p\u00e4\u00e4st\u00e4 h\u00e4n avaa suunsa.<\/p>\n<p class=\"paragraph\">\u2013 On aika keinuttaa venett\u00e4.<\/p>\n<p>Kerbau-heimolaiset haastavat Eveliina Uosukaista jaksossa. Nelonen<\/p>\n<p class=\"paragraph\">Selviytyj\u00e4t Suomi sunnuntaisin Nelosella ja Ruudussa. <a href=\"https:\/\/www.iltalehti.fi\/telkku\" rel=\"nofollow noopener\" target=\"_blank\">Katso kaikki TV-ohjelmat ja l\u00e4hetysajat Telkun TV-oppaasta.<\/a><\/p>\n","protected":false},"excerpt":{"rendered":"Heimoneuvoston lopputulos her\u00e4tt\u00e4\u00e4 tunteita Selviytyj\u00e4t Suomen Kerbau-leiriss\u00e4. VARO JUONIPALJASTUKSIA! Kerbau-heimon \u00e4\u00e4nestys ei johtanut kilpailijan pudotukseen. Nelonen Selviytyj\u00e4t Suomi&hellip;\n","protected":false},"author":2,"featured_media":53094,"comment_status":"","ping_status":"","sticky":false,"template":"","format":"standard","meta":{"footnotes":""},"categories":[130],"tags":[35,153,137,33,31,30,1511,979,32,140,139,109],"class_list":{"0":"post-53093","1":"post","2":"type-post","3":"status-publish","4":"format-standard","5":"has-post-thumbnail","7":"category-viihde","8":"tag-24h","9":"tag-audiovisuaalinen-media","10":"tag-entertainment","11":"tag-fi","12":"tag-finland","13":"tag-finnish","14":"tag-joukkoviestinta","15":"tag-sahkoinen-media","16":"tag-suomi","17":"tag-tv-ja-elokuvat","18":"tag-tv-ohjelmat","19":"tag-viihde"},"share_on_mastodon":{"url":"","error":""},"_links":{"self":[{"href":"https:\/\/www.europesays.com\/fi\/wp-json\/wp\/v2\/posts\/53093","targetHints":{"allow":["GET"]}}],"collection":[{"href":"https:\/\/www.europesays.com\/fi\/wp-json\/wp\/v2\/posts"}],"about":[{"href":"https:\/\/www.europesays.com\/fi\/wp-json\/wp\/v2\/types\/post"}],"author":[{"embeddable":true,"href":"https:\/\/www.europesays.com\/fi\/wp-json\/wp\/v2\/users\/2"}],"replies":[{"embeddable":true,"href":"https:\/\/www.europesays.com\/fi\/wp-json\/wp\/v2\/comments?post=53093"}],"version-history":[{"count":0,"href":"https:\/\/www.europesays.com\/fi\/wp-json\/wp\/v2\/posts\/53093\/revisions"}],"wp:featuredmedia":[{"embeddable":true,"href":"https:\/\/www.europesays.com\/fi\/wp-json\/wp\/v2\/media\/53094"}],"wp:attachment":[{"href":"https:\/\/www.europesays.com\/fi\/wp-json\/wp\/v2\/media?parent=53093"}],"wp:term":[{"taxonomy":"category","embeddable":true,"href":"https:\/\/www.europesays.com\/fi\/wp-json\/wp\/v2\/categories?post=53093"},{"taxonomy":"post_tag","embeddable":true,"href":"https:\/\/www.europesays.com\/fi\/wp-json\/wp\/v2\/tags?post=53093"}],"curies":[{"name":"wp","href":"https:\/\/api.w.org\/{rel}","templated":true}]}}