{"id":53097,"date":"2025-10-04T17:52:10","date_gmt":"2025-10-04T17:52:10","guid":{"rendered":"https:\/\/www.europesays.com\/fi\/53097\/"},"modified":"2025-10-04T17:52:10","modified_gmt":"2025-10-04T17:52:10","slug":"varoitus-suomelle-itameri-on-venajan-koelaboratorio","status":"publish","type":"post","link":"https:\/\/www.europesays.com\/fi\/53097\/","title":{"rendered":"Varoitus Suomelle: It\u00e4meri on Ven\u00e4j\u00e4n koelaboratorio"},"content":{"rendered":"<p class=\"ai-optimize-6 ai-optimize-introduction\">It\u00e4meren alue on Ven\u00e4j\u00e4lle koelaboratorio, jossa Kreml voi tehd\u00e4 matalalla kynnyksell\u00e4 erilaista h\u00e4irint\u00e4\u00e4 maalla, merell\u00e4 ja ilmassa, toteaa Ulko- ja turvallisuuspolitiikan asiantuntija <strong>Henri Vanhanen<\/strong>.<\/p>\n<p class=\"ai-optimize-6 ai-optimize-introduction\">H\u00e4irint\u00e4toimiin lukeutuvat muun muassa maaoperaatioiden uhka, meriliikenteen h\u00e4irint\u00e4 ja ilmatilan loukkaukset. Ilmatilaloukkaukset mittaavat reaktioaikoja, gps-h\u00e4irint\u00e4 paljastaa, kuinka riippuvaisia Nato-maat ovat teknologiasta ja kaapelivauriot n\u00e4ytt\u00e4v\u00e4t, miten haavoittuvia yhteydet ovat.<\/p>\n<p class=\"ai-optimize-6 ai-optimize-introduction\">Vanhanen osallistui t\u00e4ll\u00e4 viikolla vuosittain j\u00e4rjestett\u00e4v\u00e4\u00e4n Varsovan turvallisuusfoorumiin, jossa paljon drooniuhasta ja -h\u00e4irinn\u00e4st\u00e4 sek\u00e4 droonimuurista.<\/p>\n<p class=\"ai-optimize-6 ai-optimize-introduction\">Ven\u00e4j\u00e4n droonit ja h\u00e4vitt\u00e4j\u00e4t ovat viime aikoina syyllistyneet ilmatilaloukkauksiin Naton j\u00e4senmaiden rajoilla. Lis\u00e4ksi eri puolilla Eurooppaa on tehty lukuisia droonihavaintoja muun muassa lentokenttien l\u00e4heisyydess\u00e4.<\/p>\n<p class=\"ai-optimize-6 ai-optimize-introduction\">\u2013 T\u00e4m\u00e4 ei ole vain Ukrainan ongelma, vaan my\u00f6s Naton ja EU:n ilmatilan puolustaminen on haaste. Tanska on t\u00e4st\u00e4 varoittanut omien kokemustensa kautta, tietokirjailija ja europarlamentaarikko <strong>Mika Aaltolan<\/strong> (EPP\/kok.) erityisavustaja Vanhanen sanoo Verkkouutisille.<\/p>\n<p class=\"ai-optimize-6 ai-optimize-introduction\">H\u00e4nen mukaansa lennokkien ja droonien h\u00e4irint\u00e4 ymp\u00e4ri Eurooppaa kertoo hyvin Ven\u00e4j\u00e4n r\u00f6yhkeydest\u00e4.<\/p>\n<p class=\"ai-optimize-6 ai-optimize-introduction\">\u2013 Mielest\u00e4ni Naton kannattaisi pyrki\u00e4 vastaamaan siihen aika napakasti ja kovaakin, vaikka se saattaa kuulostaa v\u00e4h\u00e4n haukkamaiselta.<\/p>\n<p class=\"ai-optimize-6 ai-optimize-introduction\">\u2013 Naton j\u00e4senmaiden pit\u00e4isi viesti\u00e4 selv\u00e4sti, ett\u00e4 olemme valmiita tarvittaessa ampumaan alas sek\u00e4 drooneja ett\u00e4 h\u00e4vitt\u00e4ji\u00e4, jos tilanne sit\u00e4 vaatii \u2013 ei tietenk\u00e4\u00e4n ensimm\u00e4isen\u00e4 vaihtoehtona.<\/p>\n<p class=\"ai-optimize-6 ai-optimize-introduction\">H\u00e4nen mukaansa olisi hyv\u00e4 edellytt\u00e4\u00e4 Natolta yhteist\u00e4 n\u00e4kemyst\u00e4 ja my\u00f6s valmiutta reagoida yhteisesti. N\u00e4in esimerkiksi Pohjoismaat, Baltian maat, Puola ja Romania voisivat toimia Naton tuen ja yhteisen linjan mukaisesti.<\/p>\n<p class=\"ai-optimize-6 ai-optimize-introduction\">Vanhanen katsoo, ett\u00e4 Naton it\u00e4- ja pohjoiseurooppalaiset j\u00e4senmaat voisivat t\u00e4ss\u00e4 tilanteessa yhdess\u00e4 ilmoittaa julkisesti, miten ilmatilaa puolustetaan konkreettisesti kaikin mahdollisin keinoin.<\/p>\n<p>Pelotetta ei pid\u00e4 rapauttaa<\/p>\n<p class=\"ai-optimize-6 ai-optimize-introduction\">Naton neuvoston mukaan \u201dliittoutuneet k\u00e4ytt\u00e4v\u00e4t kansainv\u00e4lisen oikeuden mukaisesti kaikkia tarvittavia sotilaallisia ja ei-sotilaallisia v\u00e4lineit\u00e4 puolustautuakseen ja torjuakseen kaikki uhat kaikista suunnista. Jatkamme reagointia valitsemallamme tavalla, ajoituksella ja alueella. Sitoutumisemme 5. artiklaan on raudanluja\u201d.<\/p>\n<p class=\"ai-optimize-6 ai-optimize-introduction\">Muutamista Naton j\u00e4senmaista on jo v\u00e4l\u00e4ytelty viimeisen\u00e4 oljenkortena jopa Ven\u00e4j\u00e4n h\u00e4vitt\u00e4jien alasampumista, jos ilmatilaloukkaukset ja h\u00e4irik\u00f6inti jatkuu.<\/p>\n<p class=\"ai-optimize-6 ai-optimize-introduction\">Henri Vanhasen mukaan toimivaa ja uskottavaa pelotetta ei pid\u00e4 rapauttaa kovilla puheilla, jos niit\u00e4 ei olla valmiita toteuttamaan k\u00e4yt\u00e4nn\u00f6ss\u00e4.<\/p>\n<p class=\"ai-optimize-6 ai-optimize-introduction\">\u2013 Pit\u00e4\u00e4 ymm\u00e4rt\u00e4\u00e4, miten pelote toimii. Jos joku sanoo kykenev\u00e4ns\u00e4 ja olevansa valmis ampumaan h\u00e4vitt\u00e4ji\u00e4 alas, niin sen toteuttamiseen on viel\u00e4 pitk\u00e4 matka. Mutta jos n\u00e4in sanotaan ja indikoidaan, niin se valmius pit\u00e4\u00e4 my\u00f6s olla.<\/p>\n<p class=\"ai-optimize-6 ai-optimize-introduction\">\u2013 Se saattaa kuulostaa pelottavalta, haukkamaiselta ja jopa aggressiiviselta, mutta ei se sit\u00e4 ole.<\/p>\n<p class=\"ai-optimize-6 ai-optimize-introduction\">Vanhanen korostaa ven\u00e4l\u00e4isten laskevan nimenomaan sen varaan, ett\u00e4 l\u00e4nnelt\u00e4 ja Natosta ei l\u00f6ydy yhten\u00e4ist\u00e4 kanttia ja uskallusta osoittaa voimaa tarpeen tullen.<\/p>\n<p class=\"ai-optimize-6 ai-optimize-introduction\">\u2013 Jos ven\u00e4l\u00e4isille on kuitenkin kommunukoitu suljettujen ovien takana ja julkisesti, ett\u00e4 voimaa tullaan k\u00e4ytt\u00e4m\u00e4\u00e4n h\u00e4irik\u00f6innin jatkuessa, niin he eiv\u00e4t l\u00e4hde haastamaan Natoa suoraan aseelliseen konfliktiin. T\u00e4m\u00e4 on mielest\u00e4ni p\u00e4iv\u00e4nselv\u00e4 asia. Ven\u00e4j\u00e4n bluffaus pit\u00e4\u00e4 ymm\u00e4rt\u00e4\u00e4.<\/p>\n<p>Strateginen viestint\u00e4<\/p>\n<p class=\"ai-optimize-6 ai-optimize-introduction\">Henri Vanhasen mukaan Ven\u00e4j\u00e4 on testannut provosoinneillaan jo pitk\u00e4\u00e4n, miten l\u00e4nsi reagoi ja mihin raja vedet\u00e4\u00e4n. N\u00e4in Kreml pyrkii analysoimaan, voisiko sotilaallinen voima olla sille k\u00e4ytt\u00f6kelpoinen v\u00e4line my\u00f6s Natoa vastaan.<\/p>\n<p class=\"ai-optimize-6 ai-optimize-introduction\">\u2013 Ven\u00e4j\u00e4 on toiminut n\u00e4in jo 30 vuoden ajan Tshetshenian sodista l\u00e4htien Georgiassa, Krimill\u00e4, It\u00e4-Ukrainassa, Syyriassa ja lopulta t\u00e4ysimittaisin sotatoimin Ukrainassa.<\/p>\n<p class=\"ai-optimize-6 ai-optimize-introduction\">\u2013 Koko ajan l\u00e4nsi on toiminut niin, ett\u00e4 emme ole halunneet vastata kovinkaan suoraan tai voimakkaasti n\u00e4ihin.<\/p>\n<p class=\"ai-optimize-6 ai-optimize-introduction\">Siksi Ven\u00e4j\u00e4n mielikuva t\u00e4st\u00e4 on se, ett\u00e4 l\u00e4nsi ei ole valmis, halukas tai edes kykenev\u00e4 toimimaan.<\/p>\n<p>Poimintoja videosis\u00e4ll\u00f6ist\u00e4mme<\/p>\n<p class=\"ai-optimize-6 ai-optimize-introduction\">\u2013 T\u00e4m\u00e4 ei pid\u00e4 paikkaansa, mutta jostain kumman syyst\u00e4 me annamme t\u00e4llaisen viestin, Vanhanen sanoo.<\/p>\n<p class=\"ai-optimize-6 ai-optimize-introduction\">H\u00e4nen mielest\u00e4\u00e4n eurooppalaisessa turvallisuus- ja puolustuspolitiikassa tarvittaisiin nyt suunnanmuutos.<\/p>\n<p class=\"ai-optimize-6 ai-optimize-introduction\">\u2013 Meid\u00e4n pit\u00e4\u00e4 lakata teeskentelem\u00e4st\u00e4 heikompia kuin mit\u00e4 me oikeasti olemme. Meid\u00e4n poliittinen puheemme ei t\u00e4sm\u00e4\u00e4 kykyymme taistella, tuottaa ja tehd\u00e4 asioita. Se on jokaisen j\u00e4senmaan poliittisesta tahdosta kiinni.<\/p>\n<p class=\"ai-optimize-6 ai-optimize-introduction\">Vanhanen katsoo, ett\u00e4 eurooppalaiset ovat jossain kohtaa matkan varrella osittain unohtaneet sen, mit\u00e4 pelote tarkoittaa.<\/p>\n<p class=\"ai-optimize-6 ai-optimize-introduction\">\u2013 Eli miten pelotteesta puhutaan sek\u00e4 kotiyleis\u00f6lle ett\u00e4 meid\u00e4n vastustajillemme. Toisaalta pit\u00e4\u00e4 ymm\u00e4rt\u00e4\u00e4, miten pelotetta kehitet\u00e4\u00e4n aidosti ja k\u00e4yt\u00e4nn\u00f6nl\u00e4heisesti. Pelotteen rakentuminen on osa strategista viestint\u00e4\u00e4 ja puolustuskyvyn kehitt\u00e4mist\u00e4.<\/p>\n<p class=\"ai-optimize-6 ai-optimize-introduction\">\u2013 T\u00e4m\u00e4n oppiminen, sis\u00e4ist\u00e4minen ja materiaalisoiminen k\u00e4yt\u00e4nt\u00f6\u00f6n on nyt se avainkysymys.<\/p>\n","protected":false},"excerpt":{"rendered":"It\u00e4meren alue on Ven\u00e4j\u00e4lle koelaboratorio, jossa Kreml voi tehd\u00e4 matalalla kynnyksell\u00e4 erilaista h\u00e4irint\u00e4\u00e4 maalla, merell\u00e4 ja ilmassa, toteaa&hellip;\n","protected":false},"author":2,"featured_media":53098,"comment_status":"","ping_status":"","sticky":false,"template":"","format":"standard","meta":{"footnotes":""},"categories":[14],"tags":[22,23,759,26,27,33,31,30,17,11133,24,25,28,29,15,18,21,32,19,20,56,16,547,59,60,61],"class_list":{"0":"post-53097","1":"post","2":"type-post","3":"status-publish","4":"format-standard","5":"has-post-thumbnail","7":"category-ulkomaat","8":"tag-breaking-news","9":"tag-breakingnews","10":"tag-droonit","11":"tag-featured-news","12":"tag-featurednews","13":"tag-fi","14":"tag-finland","15":"tag-finnish","16":"tag-headlines","17":"tag-ilmatilaloukkaukset","18":"tag-latest-news","19":"tag-latestnews","20":"tag-main-news","21":"tag-mainnews","22":"tag-news","23":"tag-otsikot","24":"tag-paauutiset","25":"tag-suomi","26":"tag-top-stories","27":"tag-topstories","28":"tag-ulkomaat","29":"tag-uutiset","30":"tag-venaja","31":"tag-world","32":"tag-world-news","33":"tag-worldnews"},"share_on_mastodon":{"url":"","error":""},"_links":{"self":[{"href":"https:\/\/www.europesays.com\/fi\/wp-json\/wp\/v2\/posts\/53097","targetHints":{"allow":["GET"]}}],"collection":[{"href":"https:\/\/www.europesays.com\/fi\/wp-json\/wp\/v2\/posts"}],"about":[{"href":"https:\/\/www.europesays.com\/fi\/wp-json\/wp\/v2\/types\/post"}],"author":[{"embeddable":true,"href":"https:\/\/www.europesays.com\/fi\/wp-json\/wp\/v2\/users\/2"}],"replies":[{"embeddable":true,"href":"https:\/\/www.europesays.com\/fi\/wp-json\/wp\/v2\/comments?post=53097"}],"version-history":[{"count":0,"href":"https:\/\/www.europesays.com\/fi\/wp-json\/wp\/v2\/posts\/53097\/revisions"}],"wp:featuredmedia":[{"embeddable":true,"href":"https:\/\/www.europesays.com\/fi\/wp-json\/wp\/v2\/media\/53098"}],"wp:attachment":[{"href":"https:\/\/www.europesays.com\/fi\/wp-json\/wp\/v2\/media?parent=53097"}],"wp:term":[{"taxonomy":"category","embeddable":true,"href":"https:\/\/www.europesays.com\/fi\/wp-json\/wp\/v2\/categories?post=53097"},{"taxonomy":"post_tag","embeddable":true,"href":"https:\/\/www.europesays.com\/fi\/wp-json\/wp\/v2\/tags?post=53097"}],"curies":[{"name":"wp","href":"https:\/\/api.w.org\/{rel}","templated":true}]}}