{"id":53120,"date":"2025-10-04T18:25:56","date_gmt":"2025-10-04T18:25:56","guid":{"rendered":"https:\/\/www.europesays.com\/fi\/53120\/"},"modified":"2025-10-04T18:25:56","modified_gmt":"2025-10-04T18:25:56","slug":"ymparisto-espoolainen-puisto-ehdolla-suomen-parhaaksi-ymparistorakenteeksi-paikalliset","status":"publish","type":"post","link":"https:\/\/www.europesays.com\/fi\/53120\/","title":{"rendered":"Ymp\u00e4rist\u00f6 | Espoolainen puisto ehdolla Suomen parhaaksi ymp\u00e4rist\u00f6rakenteeksi | Paikalliset"},"content":{"rendered":"<p>Espoon Lepp\u00e4vaarassa sijaitseva Hatsinanpuisto on ehdolla Vuoden ymp\u00e4rist\u00f6rakenne -kilpailun voittajaksi.<\/p>\n<p>Perinteik\u00e4s kilpailu nostaa esille esimerkillisi\u00e4 ymp\u00e4rist\u00f6kohteita ymp\u00e4ri maan. T\u00e4n\u00e4 vuonna finaaliin kelpuutettiin kohteita Helsingist\u00e4, Espoosta, Jyv\u00e4skyl\u00e4st\u00e4 ja Porista.<\/p>\n<p>Helsingist\u00e4 ovat ehdolla T\u00f6\u00f6l\u00f6nlahden kes\u00e4puisto sek\u00e4 J\u00e4tk\u00e4saaren Saukonpaadenpuisto, Jyv\u00e4skyl\u00e4st\u00e4 Kangasvuoren Pielespuisto ja Porista Jokikeskus.<\/p>\n<p>Palkinto my\u00f6nnet\u00e4\u00e4n ansiokkaasta rakennetun ymp\u00e4rist\u00f6n suunnittelusta ja toteutuksesta.<\/p>\n<p>T\u00e4n\u00e4 vuonna kohteita ehdotettiin edellisvuosia enemm\u00e4n, yhteens\u00e4 20.<\/p>\n<p>\u2013 Tuomaristolla olikin miellytt\u00e4v\u00e4, mutta haastava teht\u00e4v\u00e4 valita joukosta finalistit. Valituissa kohteissa korostuvat hieman eri painotuksin suunnittelun, rakentamisen ja kunnossapidon laatu, kest\u00e4v\u00e4n ymp\u00e4rist\u00f6rakentamisen periaatteet ja kohde osana muuta ymp\u00e4rist\u00f6\u00e4, historiallisia ja taiteellisia arvoja unohtamatta, toteaa Viherymp\u00e4rist\u00f6liiton toiminnanjohtaja <strong>Taavi<\/strong><strong> Forssell<\/strong> tiedotteessa.<\/p>\n<p><strong class=\"diks-storyline__impact\">Hatsinanpuistoa<\/strong><strong class=\"diks-storyline__impact\"> <\/strong>tuomaristo kuvaa Lepp\u00e4vaaran uudeksi, monimuotoiseksi kaupunkipuistoksi, joka tuo luonnon osaksi urbaania ymp\u00e4rist\u00f6\u00e4 ja on avoin kaikille. Suunnittelussa on huomioitu maastossa kulkeva Vermonoja eli Monikonpuro. K\u00e4vij\u00f6ille on tarjolla vedenkorkeuden vaihtelun ja vuodenaikojen kierron my\u00f6t\u00e4 alati muuttuvia maisemia.<\/p>\n<p>Voittaja julkistetaan Viherp\u00e4ivien ViherGaalassa 5. helmikuuta 2025 Jyv\u00e4skyl\u00e4ss\u00e4.<\/p>\n","protected":false},"excerpt":{"rendered":"Espoon Lepp\u00e4vaarassa sijaitseva Hatsinanpuisto on ehdolla Vuoden ymp\u00e4rist\u00f6rakenne -kilpailun voittajaksi. Perinteik\u00e4s kilpailu nostaa esille esimerkillisi\u00e4 ymp\u00e4rist\u00f6kohteita ymp\u00e4ri maan.&hellip;\n","protected":false},"author":2,"featured_media":53121,"comment_status":"","ping_status":"","sticky":false,"template":"","format":"standard","meta":{"footnotes":""},"categories":[113],"tags":[2356,36,446,400,33,31,30,104,425,3742,402,118,32,119,447],"class_list":{"0":"post-53120","1":"post","2":"type-post","3":"status-publish","4":"format-standard","5":"has-post-thumbnail","7":"category-ymparisto","8":"tag-asuinalue","9":"tag-asuintalot-ja-asunnot","10":"tag-environment","11":"tag-espoo","12":"tag-fi","13":"tag-finland","14":"tag-finnish","15":"tag-helsinki","16":"tag-jyvaskyla","17":"tag-kaupunkialue","18":"tag-rakentaminen-kiinteistot","19":"tag-science","20":"tag-suomi","21":"tag-tiede","22":"tag-ymparisto"},"share_on_mastodon":{"url":"","error":""},"_links":{"self":[{"href":"https:\/\/www.europesays.com\/fi\/wp-json\/wp\/v2\/posts\/53120","targetHints":{"allow":["GET"]}}],"collection":[{"href":"https:\/\/www.europesays.com\/fi\/wp-json\/wp\/v2\/posts"}],"about":[{"href":"https:\/\/www.europesays.com\/fi\/wp-json\/wp\/v2\/types\/post"}],"author":[{"embeddable":true,"href":"https:\/\/www.europesays.com\/fi\/wp-json\/wp\/v2\/users\/2"}],"replies":[{"embeddable":true,"href":"https:\/\/www.europesays.com\/fi\/wp-json\/wp\/v2\/comments?post=53120"}],"version-history":[{"count":0,"href":"https:\/\/www.europesays.com\/fi\/wp-json\/wp\/v2\/posts\/53120\/revisions"}],"wp:featuredmedia":[{"embeddable":true,"href":"https:\/\/www.europesays.com\/fi\/wp-json\/wp\/v2\/media\/53121"}],"wp:attachment":[{"href":"https:\/\/www.europesays.com\/fi\/wp-json\/wp\/v2\/media?parent=53120"}],"wp:term":[{"taxonomy":"category","embeddable":true,"href":"https:\/\/www.europesays.com\/fi\/wp-json\/wp\/v2\/categories?post=53120"},{"taxonomy":"post_tag","embeddable":true,"href":"https:\/\/www.europesays.com\/fi\/wp-json\/wp\/v2\/tags?post=53120"}],"curies":[{"name":"wp","href":"https:\/\/api.w.org\/{rel}","templated":true}]}}