{"id":53303,"date":"2025-10-04T23:59:16","date_gmt":"2025-10-04T23:59:16","guid":{"rendered":"https:\/\/www.europesays.com\/fi\/53303\/"},"modified":"2025-10-04T23:59:16","modified_gmt":"2025-10-04T23:59:16","slug":"eeva-lennonin-analyysi-labour-kovensi-puheitaan-gallupsyoksyn-takia-mutta-riittaako-se","status":"publish","type":"post","link":"https:\/\/www.europesays.com\/fi\/53303\/","title":{"rendered":"Eeva Lennonin analyysi: Labour kovensi puheitaan gallupsy\u00f6ksyn takia \u2013 mutta riitt\u00e4\u00e4k\u00f6 se?"},"content":{"rendered":"<p>P\u00e4\u00e4minsteri <strong>Keir Starmer<\/strong> aloitti ty\u00f6v\u00e4enpuolueen konferenssissa Liverpoolissa t\u00e4ll\u00e4 viikolla taistelun gallupjohtaja <strong>Nigel Faragen<\/strong> rasistisia linjauksia vastaan. Syyt\u00e4kin on, sill\u00e4 populistisen brexit-v\u00e4en suosio kasvaa kohisten hallituksen kompuroinnin takia.<\/p>\n<p>Puheessaan <a href=\"https:\/\/www.bbc.com\/news\/articles\/c36krle3894o\" target=\"_blank\" rel=\"noopener nofollow\">puoluev\u00e4elle<\/a> Starmer leimasi Faragen t\u00e4m\u00e4n syksyn maahanmuuttajav\u00e4itteet rasistisiksi ja moraalittomiksi, sek\u00e4 syytti h\u00e4nt\u00e4 pelon ja eripuraisuuden kylv\u00e4misest\u00e4 koko maahan.<\/p>\n<p>Faragen Reform-puolue on halunnut, ett\u00e4 kaikkia Britanniassa pitk\u00e4\u00e4nkin asuneita ulkomaalaisia ty\u00f6ntekij\u00f6it\u00e4 alettaisiin kohdella kuin vastatulleita, karkotusuhan alla, ja maassaolo-oikeuksia rajoitettaisiin taannehtivasti.<\/p>\n<p>Starmerin mielest\u00e4 t\u00e4m\u00e4 vaarantaa brittien tarvitsemien ulkomaisten sairaanhoitajien ja hoivakotien ty\u00f6ntekij\u00f6iden maassaolon. He ovat tulleet maahan laillisesti ja luottaneet ty\u00f6lupien ehtojen pysyvyyteen.<\/p>\n<p>Starmer korosti miten politiikassa pit\u00e4\u00e4 olla ohjenuorana peribrittil\u00e4inen s\u00e4\u00e4dyllisyys ja oikeudenmukaisuus, ja valitti Reformin tekev\u00e4n politiikkaa kaunan varassa.<\/p>\n<p><strong>TY\u00d6V\u00c4ENPUOLUEESSA<\/strong> p\u00e4\u00e4ministerin tyylinmuutos her\u00e4tti ensiarvioiden perusteella tyytyv\u00e4isyytt\u00e4, koska Starmer osoitti vihdoin jonkinlaista intohimoa ja taistelunhalua. Starmer on parhaimmillaan joutuessaan sein\u00e4\u00e4 vasten, todettiin puolueessa yleisesti.<\/p>\n<p>Ja nyt on sellainen tilanne: ty\u00f6v\u00e4enpuolue on mielipidemittauksissa todella heikoilla. Reform oli maan suurin puolue ja yli kymmenen prosenttiyksikk\u00f6\u00e4 ty\u00f6v\u00e4enpuolueen edell\u00e4.<\/p>\n<blockquote>\n<p>Starmerin ongelmana on ty\u00f6v\u00e4est\u00f6n pako populismiin.<\/p>\n<\/blockquote>\n<p>Ty\u00f6v\u00e4enpuolueen kannatus on supistunut 18 prosenttiin ja varsinkin Starmerin henkil\u00f6kohtainen kannatus oli romahtanut enn\u00e4tyksellisen alas.<\/p>\n<p><strong>EDELLISIST\u00c4<\/strong>, voittoisista parlamenttivaaleista on vasta 15 kuukautta ja seuraaviin nelisen vuotta. Silti kannatussy\u00f6ksy on hermostuttanut puoluev\u00e4ke\u00e4 niin paljon, ett\u00e4 Starmerin kilpailijat ovat suunnitelleet puheenjohtajan vaihtamista Manchesterin suosittuun pormestariin, linjaltaan vasemmistolaisempaan <strong>Andy Burnhamiin<\/strong>.<\/p>\n<p>Hyvin sujuneella konferenssilla ja puheellaan Starmer kuitenkin pelasti itsens\u00e4 t\u00e4ll\u00e4 er\u00e4\u00e4, ja puolue v\u00e4lttyi julkiselta ja tuhoisalta sis\u00e4llissodalta.<\/p>\n<p>My\u00f6s Burham pilasi omia mahdollisuuksiaan l\u00f6per\u00f6ill\u00e4 pohdinnoillaan valtionvelan rajusta kasvattamisesta asuntotuotannon tarpeisiin.<\/p>\n<p>Se sai Keir Starmerin muistuttamaan konservatiivisesta p\u00e4\u00e4ministerist\u00e4 <strong>Liz Trussista<\/strong>, joka konservatiivien valtakaudella aiheutti samanlaisilla velanottopuheillaan Britanniassa markkinaromahduksen.<\/p>\n<p>Sek\u00e4 Starmer ett\u00e4 h\u00e4nen valtiovarainministerins\u00e4 <strong>Rachel Reeves<\/strong> korostivat, ett\u00e4 rahapoliittisesta vakaudesta on pidett\u00e4v\u00e4 kiinni: kaikki muu on t\u00e4ss\u00e4 suhdannetilanteessa ja kauppasotien alla vaarallista.<\/p>\n<p><strong>VAIKKA KOULUTETUT<\/strong> britit ovat siirtyneet yh\u00e4 useammin \u00e4\u00e4nest\u00e4m\u00e4\u00e4n vakaaksi kokemaansa ty\u00f6v\u00e4enpuoluetta, ja <strong>Boris Johnsonilla<\/strong> maineensa pilanneiden konservatiivien rooli politiikassa pienenee, Starmerin ongelmana on ty\u00f6v\u00e4est\u00f6n pako populismiin.<\/p>\n<p>Pienituloiset palkansaajat pelk\u00e4\u00e4v\u00e4t laittoman maahanmuuton viev\u00e4n ty\u00f6paikkoja ja tuntuvat uskovan elitistisenkin Faragen pelottelupuheita.<\/p>\n<p>Starmer pyrki Liverpoolin kokouksessa vakuuttamaan t\u00e4t\u00e4 \u00e4\u00e4nest\u00e4j\u00e4ryhm\u00e4\u00e4 vastuullisuudestaan muun muassa halpaty\u00f6n karsimisessa.<\/p>\n<p>Vastaavasti punaiset liput ja sosialismipuheet olivat kokouspaikalla pannassa, ettei niill\u00e4 karkotettaisi ylemm\u00e4n keskiluokan \u00e4\u00e4nest\u00e4ji\u00e4.<\/p>\n<p>P\u00e4\u00e4ministeri esitteli labourin aitona todella is\u00e4nmaallisena puolueena, korosti maansa hyv\u00e4\u00e4 tulevaisuutta ja t\u00e4hdensi, ett\u00e4 Britannia ei ole murtunut kuten v\u00e4itt\u00e4\u00e4 Nigel Farage, joka \u201dei pid\u00e4 omasta maastaan\u201d.<\/p>\n<p><strong>MAAHANMUUTON<\/strong> s\u00e4\u00e4ntelyyn on silti tulossa kovia tiukennuksia. Vastedes jokaisella Britanniassa ty\u00f6t\u00e4 tekev\u00e4ll\u00e4 on oltava digitaalinen henkil\u00f6todistus.<br \/>Viranomaiset toivovat, ett\u00e4 se est\u00e4\u00e4 laittomasti maassa olevia ty\u00f6skentelem\u00e4st\u00e4.<\/p>\n<p>Hallitus on my\u00f6s sopinut Ranskan kanssa, ett\u00e4 joka toinen sielt\u00e4 Britanniaan laittomasti yritt\u00e4v\u00e4 voidaan palauttaa Ranskaan.<\/p>\n<p>My\u00f6s laillisten maahanmuuttajien oikeuksia leikataan. T\u00e4h\u00e4n asti ulkomaalaiset<br \/>ty\u00f6ntekij\u00e4t ovat saaneet j\u00e4\u00e4d\u00e4 Britanniaan pysyv\u00e4sti, jos he ovat asuneet t\u00e4\u00e4ll\u00e4 viisi<br \/>vuotta. Nyt m\u00e4\u00e4r\u00e4aika nostetaan tuleville ty\u00f6ntekij\u00f6ille kymmeneen vuoteen. Nykyisi\u00e4 ty\u00f6perusteisen oleskeluoikeuden saaneita muutos ei koske.<\/p>\n<p><strong>AUTTAVATKO<\/strong> n\u00e4m\u00e4 muutokset ty\u00f6v\u00e4enpuolueen kannatusalhoon?<\/p>\n<p>P\u00e4\u00e4ministerin t\u00e4ytyy vakavasti mietti\u00e4, kuinka h\u00e4n on joutunut t\u00e4h\u00e4n liemeen ja \u00e4\u00e4nest\u00e4jien enn\u00e4tysm\u00e4iseen ep\u00e4suosioon.<\/p>\n<p>H\u00e4nh\u00e4n on ollut varsin s\u00e4\u00e4dyllinen poliitikko, ja Financial Times -lehte\u00e4 lainatakseni ainoa \u201daikuinen\u201d p\u00e4\u00e4ministeri Britannian politiikassa pitk\u00e4\u00e4n aikaan.<\/p>\n<p>Sotepalveluidenkin tila on v\u00e4hitellen alkanut parantua, palkkakuoppia oiottu monilla aloilla ja ty\u00f6llist\u00e4mishankkeita on edennyt. T\u00e4t\u00e4 \u00e4\u00e4nest\u00e4j\u00e4t eiv\u00e4t v\u00e4ltt\u00e4m\u00e4tt\u00e4 ole huomanneet.<\/p>\n<p>Starmerin ongelmana ovat h\u00e4nen huonot viestint\u00e4taitonsa. Aiemmista p\u00e4\u00e4ministereist\u00e4 <strong>Margaret Thatcher<\/strong> ja <strong>Tony Blair<\/strong>, jotka onnistuivat pysym\u00e4\u00e4n vallassa yli vuosikymmenen, olivat taitavia kommunikoijia.<\/p>\n<p>Thatcher ei ollut henkil\u00f6kohtaisesti koko kansan suosiossa, mutta h\u00e4n oli voimakas johtaja, ja h\u00e4nell\u00e4 oli selke\u00e4 \u201dnarratiivi\u201d eli poliittinen kertomus siit\u00e4 mihin h\u00e4n haluaa Britanniaa vied\u00e4. Blair taas oli paras koskaan kuuntelemani poliittinen puhuja.<\/p>\n<p>Starmerin johtajuuskuva on ollut vaimea ja ep\u00e4m\u00e4\u00e4r\u00e4inen. Kelvollista kertomusta ei ole, ja puheiden laimea viesti hautautuu viel\u00e4 poliitikkojen ammattislangiin. N\u00e4it\u00e4 puhetaitoja p\u00e4\u00e4ministerin pit\u00e4isikin \u00e4kki\u00e4 parantaa.<\/p>\n<p>Ratkaisevaa on silti talous: eniten p\u00e4\u00e4ministerinkin kohtalo riippuu siit\u00e4, saako Rachel Reeves Britannian kansantalouden k\u00e4\u00e4ntym\u00e4\u00e4n kasvuun vahvaa, vakaata ja turvallista valtiota korostavan \u201dsecuroconomics\u201d -k\u00e4sitteens\u00e4 avulla.<\/p>\n","protected":false},"excerpt":{"rendered":"P\u00e4\u00e4minsteri Keir Starmer aloitti ty\u00f6v\u00e4enpuolueen konferenssissa Liverpoolissa t\u00e4ll\u00e4 viikolla taistelun gallupjohtaja Nigel Faragen rasistisia linjauksia vastaan. Syyt\u00e4kin on,&hellip;\n","protected":false},"author":2,"featured_media":53304,"comment_status":"","ping_status":"","sticky":false,"template":"","format":"standard","meta":{"footnotes":""},"categories":[14],"tags":[22,23,26,27,33,31,30,17,24,25,28,29,15,18,21,32,19,20,56,16,59,60,61],"class_list":{"0":"post-53303","1":"post","2":"type-post","3":"status-publish","4":"format-standard","5":"has-post-thumbnail","7":"category-ulkomaat","8":"tag-breaking-news","9":"tag-breakingnews","10":"tag-featured-news","11":"tag-featurednews","12":"tag-fi","13":"tag-finland","14":"tag-finnish","15":"tag-headlines","16":"tag-latest-news","17":"tag-latestnews","18":"tag-main-news","19":"tag-mainnews","20":"tag-news","21":"tag-otsikot","22":"tag-paauutiset","23":"tag-suomi","24":"tag-top-stories","25":"tag-topstories","26":"tag-ulkomaat","27":"tag-uutiset","28":"tag-world","29":"tag-world-news","30":"tag-worldnews"},"share_on_mastodon":{"url":"","error":""},"_links":{"self":[{"href":"https:\/\/www.europesays.com\/fi\/wp-json\/wp\/v2\/posts\/53303","targetHints":{"allow":["GET"]}}],"collection":[{"href":"https:\/\/www.europesays.com\/fi\/wp-json\/wp\/v2\/posts"}],"about":[{"href":"https:\/\/www.europesays.com\/fi\/wp-json\/wp\/v2\/types\/post"}],"author":[{"embeddable":true,"href":"https:\/\/www.europesays.com\/fi\/wp-json\/wp\/v2\/users\/2"}],"replies":[{"embeddable":true,"href":"https:\/\/www.europesays.com\/fi\/wp-json\/wp\/v2\/comments?post=53303"}],"version-history":[{"count":0,"href":"https:\/\/www.europesays.com\/fi\/wp-json\/wp\/v2\/posts\/53303\/revisions"}],"wp:featuredmedia":[{"embeddable":true,"href":"https:\/\/www.europesays.com\/fi\/wp-json\/wp\/v2\/media\/53304"}],"wp:attachment":[{"href":"https:\/\/www.europesays.com\/fi\/wp-json\/wp\/v2\/media?parent=53303"}],"wp:term":[{"taxonomy":"category","embeddable":true,"href":"https:\/\/www.europesays.com\/fi\/wp-json\/wp\/v2\/categories?post=53303"},{"taxonomy":"post_tag","embeddable":true,"href":"https:\/\/www.europesays.com\/fi\/wp-json\/wp\/v2\/tags?post=53303"}],"curies":[{"name":"wp","href":"https:\/\/api.w.org\/{rel}","templated":true}]}}