{"id":53378,"date":"2025-10-05T02:31:12","date_gmt":"2025-10-05T02:31:12","guid":{"rendered":"https:\/\/www.europesays.com\/fi\/53378\/"},"modified":"2025-10-05T02:31:12","modified_gmt":"2025-10-05T02:31:12","slug":"peaky-blinders-palaa-uudet-kaudet-ja-elokuva-tulossa","status":"publish","type":"post","link":"https:\/\/www.europesays.com\/fi\/53378\/","title":{"rendered":"Peaky Blinders palaa: Uudet kaudet ja elokuva tulossa"},"content":{"rendered":"<p class=\"article-content article-content-width !bg-background\"><a alt=\"Haku\" class=\"text-primary-red font-extrabold\" href=\"https:\/\/www.seiska.fi\/haku?q=Steven Knightin\" rel=\"nofollow noopener\" target=\"_blank\">Steven Knightin<\/a> luoma menestyssarja Peaky Blinders saa yll\u00e4tt\u00e4en kaksi kautta lis\u00e4\u00e4.<\/p>\n<p class=\"article-content article-content-width !bg-background\">Uudet kaudet eiv\u00e4t jatku kuitenkaan suoraan edellisen, vuoteen 1933 sijoittuneen kutoskauden tapahtumista, vaan harppaavat eteenp\u00e4in per\u00e4ti kaksi vuosikymment\u00e4.<\/p>\n<p class=\"article-content article-content-width !bg-background\">Shelbyn rikollisperheen uuden sukupolven esittelev\u00e4 tarina k\u00e4ynnistyy vuodesta 1953, jolloin sodassa raunioiksi pommitettua Birminghamia rakennetaan kovaa vauhtia uusiksi. Keski\u00f6ss\u00e4 on Shelbyn klaani, joka pyrkii rahastamaan meneill\u00e4\u00e4n olevalla rakennusbuumilla ja raivaamaan samalla tielt\u00e4\u00e4n kaikki kilpailijat.<\/p>\n<p>                <img decoding=\"async\" src=\"https:\/\/www.europesays.com\/fi\/wp-content\/uploads\/2025\/10\/1591710.webp\" width=\"576\" height=\"288\" alt=\"The Immortal Man\" loading=\"lazy\" \/>            <\/p>\n<p>\n            The Immortal Man<br \/>\n            Netflix\n        <\/p>\n<p>Uusia n\u00e4yttelij\u00f6it\u00e4<\/p>\n<p class=\"article-content article-content-width !bg-background\">Kauden n\u00e4yttelij\u00f6it\u00e4 ei ole viel\u00e4 paljastettu, mutta Oscar-voittaja\u00a0<a alt=\"Haku\" class=\"text-primary-red font-extrabold\" href=\"https:\/\/www.seiska.fi\/haku?q=Cillian Murphy\" rel=\"nofollow noopener\" target=\"_blank\">Cillian Murphy<\/a>\u00a0(Oppenheimer) on mukana ainakin vastaavana tuottajana k\u00e4sikirjoittajana toimivan Knightin rinnalla.<\/p>\n<p class=\"article-content article-content-width !bg-background\">Molemmat kaudet sis\u00e4lt\u00e4v\u00e4t kuusi tunnin pituista jaksoa ja ne kuvataan paikan p\u00e4\u00e4ll\u00e4 Birminghamissa Digbeth Loc. -studioilla.<\/p>\n<p class=\"article-content article-content-width !bg-background\">Ennen Peaky Blindersin paluuta televisioon Netflix julkaisee ensi vuoden alussa sarjaan perustuvan elokuvan The Immortal Man, joka jatkuu edellisen kauden tapahtumista. Toiseen maailmansotaan sijoittuvan elokuvan p\u00e4\u00e4osissa n\u00e4hd\u00e4\u00e4n kova t\u00e4htikaarti, johon kuuluvat Murphyn ohella <a alt=\"Haku\" class=\"text-primary-red font-extrabold\" href=\"https:\/\/www.seiska.fi\/haku?q=Rebecca Ferguson\" rel=\"nofollow noopener\" target=\"_blank\">Rebecca Ferguson<\/a>, <a alt=\"Haku\" class=\"text-primary-red font-extrabold\" href=\"https:\/\/www.seiska.fi\/haku?q=Stephen Graham\" rel=\"nofollow noopener\" target=\"_blank\">Stephen Graham<\/a>, <a alt=\"Haku\" class=\"text-primary-red font-extrabold\" href=\"https:\/\/www.seiska.fi\/haku?q=Barry Keoghan\" rel=\"nofollow noopener\" target=\"_blank\">Barry Keoghan<\/a> ja <a alt=\"Haku\" class=\"text-primary-red font-extrabold\" href=\"https:\/\/www.seiska.fi\/haku?q=Tim Roth\" rel=\"nofollow noopener\" target=\"_blank\">Tim Roth<\/a>.<\/p>\n","protected":false},"excerpt":{"rendered":"Steven Knightin luoma menestyssarja Peaky Blinders saa yll\u00e4tt\u00e4en kaksi kautta lis\u00e4\u00e4. Uudet kaudet eiv\u00e4t jatku kuitenkaan suoraan edellisen,&hellip;\n","protected":false},"author":2,"featured_media":53379,"comment_status":"","ping_status":"","sticky":false,"template":"","format":"standard","meta":{"footnotes":""},"categories":[130],"tags":[12957,12961,12954,12956,9521,137,33,31,30,7641,217,1154,12658,12723,8192,12958,12959,3017,32,12960,12955,109],"class_list":{"0":"post-53378","1":"post","2":"type-post","3":"status-publish","4":"format-standard","5":"has-post-thumbnail","7":"category-viihde","8":"tag-a-thousand-blows","9":"tag-adolescence","10":"tag-barry-keoghan","11":"tag-birmingham","12":"tag-cillian-murphy","13":"tag-entertainment","14":"tag-fi","15":"tag-finland","16":"tag-finnish","17":"tag-house-of-guinness","18":"tag-netflix","19":"tag-oppenheimer","20":"tag-oscar-voittaja","21":"tag-peaky-blinders","22":"tag-rebecca-ferguson","23":"tag-spencer","24":"tag-stephen-graham","25":"tag-steven-knight","26":"tag-suomi","27":"tag-the-immortal-man","28":"tag-tim-roth","29":"tag-viihde"},"share_on_mastodon":{"url":"","error":""},"_links":{"self":[{"href":"https:\/\/www.europesays.com\/fi\/wp-json\/wp\/v2\/posts\/53378","targetHints":{"allow":["GET"]}}],"collection":[{"href":"https:\/\/www.europesays.com\/fi\/wp-json\/wp\/v2\/posts"}],"about":[{"href":"https:\/\/www.europesays.com\/fi\/wp-json\/wp\/v2\/types\/post"}],"author":[{"embeddable":true,"href":"https:\/\/www.europesays.com\/fi\/wp-json\/wp\/v2\/users\/2"}],"replies":[{"embeddable":true,"href":"https:\/\/www.europesays.com\/fi\/wp-json\/wp\/v2\/comments?post=53378"}],"version-history":[{"count":0,"href":"https:\/\/www.europesays.com\/fi\/wp-json\/wp\/v2\/posts\/53378\/revisions"}],"wp:featuredmedia":[{"embeddable":true,"href":"https:\/\/www.europesays.com\/fi\/wp-json\/wp\/v2\/media\/53379"}],"wp:attachment":[{"href":"https:\/\/www.europesays.com\/fi\/wp-json\/wp\/v2\/media?parent=53378"}],"wp:term":[{"taxonomy":"category","embeddable":true,"href":"https:\/\/www.europesays.com\/fi\/wp-json\/wp\/v2\/categories?post=53378"},{"taxonomy":"post_tag","embeddable":true,"href":"https:\/\/www.europesays.com\/fi\/wp-json\/wp\/v2\/tags?post=53378"}],"curies":[{"name":"wp","href":"https:\/\/api.w.org\/{rel}","templated":true}]}}