{"id":53481,"date":"2025-10-05T06:05:10","date_gmt":"2025-10-05T06:05:10","guid":{"rendered":"https:\/\/www.europesays.com\/fi\/53481\/"},"modified":"2025-10-05T06:05:10","modified_gmt":"2025-10-05T06:05:10","slug":"keskuspuistoon-asennettiin-aanityslaitteita-ja-varoituskyltteja","status":"publish","type":"post","link":"https:\/\/www.europesays.com\/fi\/53481\/","title":{"rendered":"Keskuspuistoon asennettiin \u00e4\u00e4nityslaitteita ja varoituskylttej\u00e4"},"content":{"rendered":"<p>\u00c4\u00e4nityslaitteet ovat osa Helsingin yliopiston ja Suomen ymp\u00e4rist\u00f6keskuksen tutkimushanketta.<\/p>\n<p><img decoding=\"async\" class=\"image image-show image-preview\" src=\"https:\/\/www.europesays.com\/fi\/wp-content\/uploads\/2025\/09\/ad5ea0d792a8184ab9f3535a552d35b96323fcd5e6daf8f7396a950f81565e74.jpg\" alt=\"\"\/><img decoding=\"async\" class=\"image image-show\" src=\"https:\/\/www.europesays.com\/fi\/wp-content\/uploads\/2025\/09\/1758340268_506_ad5ea0d792a8184ab9f3535a552d35b96323fcd5e6daf8f7396a950f81565e74.jpg\" alt=\"\"\/><\/p>\n<p>Kaksi \u00e4\u00e4nityslaitetta on sijoitettu T\u00f6\u00f6l\u00f6nlahden ymp\u00e4rist\u00f6\u00f6n. Jenni G\u00e4stgivar<\/p>\n<p class=\"paragraph\">Helsingin Keskuspuistoon on asennettu kuusi \u00e4\u00e4nityslaitetta, jotka tallentavat ymp\u00e4rist\u00f6n \u00e4\u00e4ni\u00e4, uutisoi <a href=\"https:\/\/www.helsinginuutiset.fi\/paikalliset\/8895875\" rel=\"noopener nofollow\" target=\"_blank\">Helsingin Uutiset<\/a>.<\/p>\n<p class=\"paragraph\">Kyseess\u00e4 on nelivuotinen tutkimushanke, jonka tavoitteena selvitt\u00e4\u00e4, miten luonnolliset ja ihmisen tuottamat \u00e4\u00e4net vaikuttavat kaupunkiel\u00e4m\u00e4\u00e4n ja kaupunkiluonnon monimuotoisuuteen.<\/p>\n<p class=\"paragraph\">Tutkimusta tekee Helsingin yliopisto ja Suomen ymp\u00e4rist\u00f6keskus (SYKE) yhteisty\u00f6kumppaniensa kanssa.<\/p>\n<p class=\"paragraph\">V\u00e4it\u00f6skirjatutkija <strong>John A. Allen<\/strong> Helsingin yliopistosta kertoo Helsingin Uutisille, ett\u00e4 laitteet nauhoittavat minuutin verran \u00e4\u00e4nt\u00e4 kymmenen minuutin v\u00e4lein,<\/p>\n<p class=\"paragraph\">\u2013 Laitteelle saattaa tallentua joitakin sanoja tai lauseita, mutta ei kokonaista keskustelua, Allen sanoo.<\/p>\n<p class=\"paragraph\">Allenin muukaan tallenteiden avulla saadaan esimerkiksi tieto, onko \u00e4\u00e4ni per\u00e4isin luonnosta vai liikenteen melusta, el\u00e4imist\u00e4 tai ihmisest\u00e4.<\/p>\n<p class=\"paragraph\">Tietoa voidaan hy\u00f6dynt\u00e4\u00e4 esimerkiksi viheralueiden ja asuinalueiden suunnittelussa.<\/p>\n<p class=\"paragraph\">\u00c4\u00e4nityslaitteet on sijoitettu niin, etteiv\u00e4t ne ole aivan lenkkipolkujen vieress\u00e4, mutta alueelle saapuvia varoitetaan kylteill\u00e4.<\/p>\n<p class=\"paragraph\">Kaksi \u00e4\u00e4nityslaitetta on sijoitettu T\u00f6\u00f6l\u00f6nlahden ymp\u00e4rist\u00f6\u00f6n, kaksi Ruskeasuolle ja kaksi Palohein\u00e4n alueelle Keskuspuiston pohjoisosaan.<\/p>\n<p>Kuvituskuva mets\u00e4st\u00e4. SUSANNA KEKKONEN<\/p>\n","protected":false},"excerpt":{"rendered":"\u00c4\u00e4nityslaitteet ovat osa Helsingin yliopiston ja Suomen ymp\u00e4rist\u00f6keskuksen tutkimushanketta. Kaksi \u00e4\u00e4nityslaitetta on sijoitettu T\u00f6\u00f6l\u00f6nlahden ymp\u00e4rist\u00f6\u00f6n. Jenni G\u00e4stgivar Helsingin&hellip;\n","protected":false},"author":2,"featured_media":53482,"comment_status":"","ping_status":"","sticky":false,"template":"","format":"standard","meta":{"footnotes":""},"categories":[12],"tags":[35,22,23,26,27,33,31,30,17,603,24,25,961,72,28,29,15,18,21,12986,32,19,20,16,534],"class_list":{"0":"post-53481","1":"post","2":"type-post","3":"status-publish","4":"format-standard","5":"has-post-thumbnail","7":"category-suomi","8":"tag-24h","9":"tag-breaking-news","10":"tag-breakingnews","11":"tag-featured-news","12":"tag-featurednews","13":"tag-fi","14":"tag-finland","15":"tag-finnish","16":"tag-headlines","17":"tag-korkeakoulu","18":"tag-latest-news","19":"tag-latestnews","20":"tag-luonnonsuojelu","21":"tag-luonto","22":"tag-main-news","23":"tag-mainnews","24":"tag-news","25":"tag-otsikot","26":"tag-paauutiset","27":"tag-suomen-korkeakoulut","28":"tag-suomi","29":"tag-top-stories","30":"tag-topstories","31":"tag-uutiset","32":"tag-ymparisto-ja-luonto"},"share_on_mastodon":{"url":"","error":""},"_links":{"self":[{"href":"https:\/\/www.europesays.com\/fi\/wp-json\/wp\/v2\/posts\/53481","targetHints":{"allow":["GET"]}}],"collection":[{"href":"https:\/\/www.europesays.com\/fi\/wp-json\/wp\/v2\/posts"}],"about":[{"href":"https:\/\/www.europesays.com\/fi\/wp-json\/wp\/v2\/types\/post"}],"author":[{"embeddable":true,"href":"https:\/\/www.europesays.com\/fi\/wp-json\/wp\/v2\/users\/2"}],"replies":[{"embeddable":true,"href":"https:\/\/www.europesays.com\/fi\/wp-json\/wp\/v2\/comments?post=53481"}],"version-history":[{"count":0,"href":"https:\/\/www.europesays.com\/fi\/wp-json\/wp\/v2\/posts\/53481\/revisions"}],"wp:featuredmedia":[{"embeddable":true,"href":"https:\/\/www.europesays.com\/fi\/wp-json\/wp\/v2\/media\/53482"}],"wp:attachment":[{"href":"https:\/\/www.europesays.com\/fi\/wp-json\/wp\/v2\/media?parent=53481"}],"wp:term":[{"taxonomy":"category","embeddable":true,"href":"https:\/\/www.europesays.com\/fi\/wp-json\/wp\/v2\/categories?post=53481"},{"taxonomy":"post_tag","embeddable":true,"href":"https:\/\/www.europesays.com\/fi\/wp-json\/wp\/v2\/tags?post=53481"}],"curies":[{"name":"wp","href":"https:\/\/api.w.org\/{rel}","templated":true}]}}