{"id":53521,"date":"2025-10-05T07:23:07","date_gmt":"2025-10-05T07:23:07","guid":{"rendered":"https:\/\/www.europesays.com\/fi\/53521\/"},"modified":"2025-10-05T07:23:07","modified_gmt":"2025-10-05T07:23:07","slug":"ukrainalaisten-tyoehtoja-polkeva-yrityshimmeli-on-ulottunut-myos-rauman-telakalle-aluehallintovirastolta-virolaisyhtiolle-laiminlyontimaksu-uutisia-lyhyesti","status":"publish","type":"post","link":"https:\/\/www.europesays.com\/fi\/53521\/","title":{"rendered":"Ukrainalaisten ty\u00f6ehtoja polkeva yrityshimmeli on ulottunut my\u00f6s Rauman telakalle \u2013 aluehallintovirastolta virolaisyhti\u00f6lle laiminly\u00f6ntimaksu | Uutisia lyhyesti"},"content":{"rendered":"<p class=\"aw-1gybjub aw-1p7kakr cmIuaG fmSRng yle__article__paragraph\">Ukrainalaisten telakka- ja rakennusty\u00f6ntekij\u00f6iden hyv\u00e4ksik\u00e4ytt\u00f6vyyhtiin kytkeytyv\u00e4t virolaisyritykset ovat toimineet my\u00f6s Rauman telakalla. Asia k\u00e4y ilmi aluehallintovirastojen asiakirjoista. Niiden mukaan yhti\u00f6iden l\u00e4hetettyj\u00e4 ty\u00f6ntekij\u00f6it\u00e4 on ty\u00f6skennellyt telakalla ainakin vuosina 2021\u20132022.<\/p>\n<p class=\"aw-1gybjub aw-1p7kakr cmIuaG fmSRng yle__article__paragraph\">Lounais-Suomen aluehallintovirasto m\u00e4\u00e4r\u00e4si alkuvuonna yhdelle virolaisyhti\u00f6lle laiminly\u00f6ntimaksun, sill\u00e4 yhti\u00f6 pimitti tietoja telakalla ty\u00f6skennelleist\u00e4 ulkomaalaisista ty\u00f6ntekij\u00f6ist\u00e4.<\/p>\n<p class=\"aw-1gybjub aw-1p7kakr cmIuaG fmSRng yle__article__paragraph\">STT on aiemmin uutisoinut yhti\u00f6n liittyv\u00e4n ukrainalaisten ty\u00f6ntekij\u00f6iden riistoon ja ty\u00f6ehtojen polkemiseen Turun telakalla ja useilla rakennusty\u00f6mailla.<\/p>\n","protected":false},"excerpt":{"rendered":"Ukrainalaisten telakka- ja rakennusty\u00f6ntekij\u00f6iden hyv\u00e4ksik\u00e4ytt\u00f6vyyhtiin kytkeytyv\u00e4t virolaisyritykset ovat toimineet my\u00f6s Rauman telakalla. Asia k\u00e4y ilmi aluehallintovirastojen asiakirjoista. Niiden&hellip;\n","protected":false},"author":2,"featured_media":53522,"comment_status":"","ping_status":"","sticky":false,"template":"","format":"standard","meta":{"footnotes":""},"categories":[12],"tags":[22,23,26,27,33,31,30,17,71,24,25,28,29,15,18,21,12573,32,2790,19,20,2247,12145,16],"class_list":{"0":"post-53521","1":"post","2":"type-post","3":"status-publish","4":"format-standard","5":"has-post-thumbnail","7":"category-suomi","8":"tag-breaking-news","9":"tag-breakingnews","10":"tag-featured-news","11":"tag-featurednews","12":"tag-fi","13":"tag-finland","14":"tag-finnish","15":"tag-headlines","16":"tag-kotimaa","17":"tag-latest-news","18":"tag-latestnews","19":"tag-main-news","20":"tag-mainnews","21":"tag-news","22":"tag-otsikot","23":"tag-paauutiset","24":"tag-rauman-telakka","25":"tag-suomi","26":"tag-telakkateollisuus","27":"tag-top-stories","28":"tag-topstories","29":"tag-tyomarkkinat","30":"tag-tyontekijoiden-riistaminen","31":"tag-uutiset"},"share_on_mastodon":{"url":"","error":""},"_links":{"self":[{"href":"https:\/\/www.europesays.com\/fi\/wp-json\/wp\/v2\/posts\/53521","targetHints":{"allow":["GET"]}}],"collection":[{"href":"https:\/\/www.europesays.com\/fi\/wp-json\/wp\/v2\/posts"}],"about":[{"href":"https:\/\/www.europesays.com\/fi\/wp-json\/wp\/v2\/types\/post"}],"author":[{"embeddable":true,"href":"https:\/\/www.europesays.com\/fi\/wp-json\/wp\/v2\/users\/2"}],"replies":[{"embeddable":true,"href":"https:\/\/www.europesays.com\/fi\/wp-json\/wp\/v2\/comments?post=53521"}],"version-history":[{"count":0,"href":"https:\/\/www.europesays.com\/fi\/wp-json\/wp\/v2\/posts\/53521\/revisions"}],"wp:featuredmedia":[{"embeddable":true,"href":"https:\/\/www.europesays.com\/fi\/wp-json\/wp\/v2\/media\/53522"}],"wp:attachment":[{"href":"https:\/\/www.europesays.com\/fi\/wp-json\/wp\/v2\/media?parent=53521"}],"wp:term":[{"taxonomy":"category","embeddable":true,"href":"https:\/\/www.europesays.com\/fi\/wp-json\/wp\/v2\/categories?post=53521"},{"taxonomy":"post_tag","embeddable":true,"href":"https:\/\/www.europesays.com\/fi\/wp-json\/wp\/v2\/tags?post=53521"}],"curies":[{"name":"wp","href":"https:\/\/api.w.org\/{rel}","templated":true}]}}